{"id":27443,"date":"2015-06-05T14:19:52","date_gmt":"2015-06-05T12:19:52","guid":{"rendered":"http:\/\/www.wallendorff.com\/belogue\/?p=27443"},"modified":"2017-11-06T13:44:43","modified_gmt":"2017-11-06T11:44:43","slug":"central-nuit","status":"publish","type":"post","link":"https:\/\/www.wallendorff.com\/belogue\/2015\/06\/05\/central-nuit\/","title":{"rendered":"Central nuit."},"content":{"rendered":"\n<div id=\"photo\">\n<p><img decoding=\"async\" src=\"https:\/\/www.wallendorff.com\/belogue\/photo\/2015\/06\/20150605.jpg\"><br \/>\n        Grand Central Terminal, New York, 13 mars.<\/p>\n<\/p><\/div>\n<p style=\"text-align:right\">Derni&egrave;re photo new-yorkaise.\n      <\/p>\n<p style=\"text-align:right\">Vivement les prochaines. <\/p>\n<div id=\"bandeson\">\n<p><img decoding=\"async\" src=\"https:\/\/www.wallendorff.com\/belogue\/photo\/pochettes\/m\/moore_denai-elsewhere.jpg\" align=\"left\" \/><a style=\"font-weight:normal\" id=\"lienmp3\" href=\"http:\/\/www.youtube.com\/watch?v=qBPQ5UUeVgQ\"><em>Blame<\/em><\/a><br \/>\n<a href=\"http:\/\/www.denaimoore.com\/\">Denai Moore<\/a><\/p>\n<\/p><\/div>\n","protected":false},"excerpt":{"rendered":"<p>Grand Central Terminal, New York, 13 mars. Derni&egrave;re photo new-yorkaise. Vivement les prochaines. Blame Denai Moore<\/p>\n","protected":false},"author":1,"featured_media":27445,"comment_status":"open","ping_status":"open","sticky":false,"template":"","format":"standard","meta":{"_acf_changed":false,"ngg_post_thumbnail":0,"jetpack_post_was_ever_published":false,"_jetpack_newsletter_access":"","_jetpack_dont_email_post_to_subs":false,"_jetpack_newsletter_tier_id":0,"_jetpack_memberships_contains_paywalled_content":false,"_jetpack_memberships_contains_paid_content":false,"footnotes":"","jetpack_publicize_message":"","jetpack_publicize_feature_enabled":true,"jetpack_social_post_already_shared":true,"jetpack_social_options":{"image_generator_settings":{"template":"highway","default_image_id":0,"font":"","enabled":false},"version":2}},"categories":[3],"tags":[14211,9839,2571,8351,9838,10311,3066,55,10340,10247,3094,10970,10684,3063,592,143,10407,10712],"class_list":["post-27443","post","type-post","status-publish","format-standard","has-post-thumbnail","hentry","category-dpc","tag-42nd-street","tag-blame","tag-ef-16-35-mm-f28l-ii-usm","tag-eos-6d","tag-denai-moore","tag-dos","tag-etat-de-new-york","tag-etats-unis","tag-fille","tag-gare","tag-grand-central-terminal","tag-hall","tag-lustre","tag-manhattan","tag-new-york","tag-noir-et-blanc","tag-silhouette","tag-vide"],"acf":[],"geo":{"latitude":40.7527657,"longitude":-73.9772034,"description":null},"jetpack_publicize_connections":[],"jetpack_featured_media_url":"https:\/\/www.wallendorff.com\/belogue\/wp-content\/uploads\/2015\/06\/20150605.jpg","jetpack_shortlink":"https:\/\/wp.me\/p3b35P-78D","jetpack_sharing_enabled":true,"jetpack-related-posts":[{"id":4769,"url":"https:\/\/www.wallendorff.com\/belogue\/2009\/09\/29\/pas-perdu\/","url_meta":{"origin":27443,"position":0},"title":"Pas perdus.","author":"dpc","date":"29 septembre 2009","format":false,"excerpt":"Grand Central Terminal, New York, 9 mai. \u00a0Editors \u2013 Camera Enfin l\u00e0, si.","rel":"","context":"Dans &quot;DPC&quot;","block_context":{"text":"DPC","link":"https:\/\/www.wallendorff.com\/belogue\/category\/dpc\/"},"img":{"alt_text":"","src":"https:\/\/i0.wp.com\/www.wallendorff.com\/belogue\/wp-content\/uploads\/2015\/04\/200909291.jpg?resize=350%2C200&ssl=1","width":350,"height":200},"classes":[]},{"id":27372,"url":"https:\/\/www.wallendorff.com\/belogue\/2015\/05\/22\/plus-on-est-de-flous\/","url_meta":{"origin":27443,"position":1},"title":"Plus on est de flous.","author":"dpc","date":"22 mai 2015","format":false,"excerpt":"Grand Central Terminal, New York, 13 mars. A Chore Tom Vek","rel":"","context":"Dans &quot;DPC&quot;","block_context":{"text":"DPC","link":"https:\/\/www.wallendorff.com\/belogue\/category\/dpc\/"},"img":{"alt_text":"","src":"https:\/\/i0.wp.com\/www.wallendorff.com\/belogue\/wp-content\/uploads\/2015\/05\/20150522.jpg?resize=350%2C200&ssl=1","width":350,"height":200,"srcset":"https:\/\/i0.wp.com\/www.wallendorff.com\/belogue\/wp-content\/uploads\/2015\/05\/20150522.jpg?resize=350%2C200&ssl=1 1x, https:\/\/i0.wp.com\/www.wallendorff.com\/belogue\/wp-content\/uploads\/2015\/05\/20150522.jpg?resize=525%2C300&ssl=1 1.5x, https:\/\/i0.wp.com\/www.wallendorff.com\/belogue\/wp-content\/uploads\/2015\/05\/20150522.jpg?resize=700%2C400&ssl=1 2x"},"classes":[]},{"id":4778,"url":"https:\/\/www.wallendorff.com\/belogue\/2009\/10\/01\/quabime-tes-leffes-on-nique\/","url_meta":{"origin":27443,"position":2},"title":"Qu&rsquo;ab\u00eeme, tes Leffes on nique.","author":"dpc","date":"1 octobre 2009","format":false,"excerpt":"Grand Central Terminal, New York, 9 mai. \u00a0Blood Red Shoes \u2013 You Bring Me Down Three months left and nothing's right.","rel":"","context":"Dans &quot;DPC&quot;","block_context":{"text":"DPC","link":"https:\/\/www.wallendorff.com\/belogue\/category\/dpc\/"},"img":{"alt_text":"","src":"https:\/\/i0.wp.com\/www.wallendorff.com\/belogue\/wp-content\/uploads\/2015\/04\/200910011.jpg?resize=350%2C200&ssl=1","width":350,"height":200},"classes":[]},{"id":4763,"url":"https:\/\/www.wallendorff.com\/belogue\/2009\/09\/28\/you-cant-give-me-a-dream-that-was-mine-anyway\/","url_meta":{"origin":27443,"position":3},"title":"You can&rsquo;t give me a dream that was mine anyway.","author":"dpc","date":"28 septembre 2009","format":false,"excerpt":"Grand Central Terminal, New York, 9 mai. \u00a0Noel Gallagher \u2013 Half the World Away (live acoustic) On garde d\u00e9cid\u00e9ment toujours les m\u00eames obsessions.","rel":"","context":"Dans &quot;DPC&quot;","block_context":{"text":"DPC","link":"https:\/\/www.wallendorff.com\/belogue\/category\/dpc\/"},"img":{"alt_text":"","src":"https:\/\/i0.wp.com\/www.wallendorff.com\/belogue\/wp-content\/uploads\/2015\/04\/200909281.jpg?resize=350%2C200&ssl=1","width":350,"height":200},"classes":[]},{"id":4772,"url":"https:\/\/www.wallendorff.com\/belogue\/2009\/09\/30\/auges-hourds-deau-jourdis\/","url_meta":{"origin":27443,"position":4},"title":"Auges, hourds, d&rsquo;eau j&rsquo;ourdis.","author":"dpc","date":"30 septembre 2009","format":false,"excerpt":"Grand Central Terminal, New York, 9 mai. \u00a0The Raveonettes \u2013 Oh, I Buried You Today Tu peux pas savoir comment il faut se battre avec les \u00e9l\u00e9ments d\u00e9cha\u00een\u00e9s, des fois, pour poster des notasses.","rel":"","context":"Dans &quot;DPC&quot;","block_context":{"text":"DPC","link":"https:\/\/www.wallendorff.com\/belogue\/category\/dpc\/"},"img":{"alt_text":"","src":"https:\/\/i0.wp.com\/www.wallendorff.com\/belogue\/wp-content\/uploads\/2015\/04\/200909301.jpg?resize=350%2C200&ssl=1","width":350,"height":200},"classes":[]},{"id":7988,"url":"https:\/\/www.wallendorff.com\/belogue\/2010\/08\/08\/fond-de-tiroir-14\/","url_meta":{"origin":27443,"position":5},"title":"Fond de tiroir #14.","author":"dpc","date":"8 ao\u00fbt 2010","format":false,"excerpt":"Grand Central Terminal, New York, 9 mai 2009. \u00a0Radiohead \u2013 Where I End and You Begin (The Sky Is Falling in)","rel":"","context":"Dans &quot;DPC&quot;","block_context":{"text":"DPC","link":"https:\/\/www.wallendorff.com\/belogue\/category\/dpc\/"},"img":{"alt_text":"","src":"https:\/\/i0.wp.com\/www.wallendorff.com\/belogue\/wp-content\/uploads\/2015\/04\/201008081.jpg?resize=350%2C200&ssl=1","width":350,"height":200},"classes":[]}],"_links":{"self":[{"href":"https:\/\/www.wallendorff.com\/belogue\/wp-json\/wp\/v2\/posts\/27443","targetHints":{"allow":["GET"]}}],"collection":[{"href":"https:\/\/www.wallendorff.com\/belogue\/wp-json\/wp\/v2\/posts"}],"about":[{"href":"https:\/\/www.wallendorff.com\/belogue\/wp-json\/wp\/v2\/types\/post"}],"author":[{"embeddable":true,"href":"https:\/\/www.wallendorff.com\/belogue\/wp-json\/wp\/v2\/users\/1"}],"replies":[{"embeddable":true,"href":"https:\/\/www.wallendorff.com\/belogue\/wp-json\/wp\/v2\/comments?post=27443"}],"version-history":[{"count":2,"href":"https:\/\/www.wallendorff.com\/belogue\/wp-json\/wp\/v2\/posts\/27443\/revisions"}],"predecessor-version":[{"id":27446,"href":"https:\/\/www.wallendorff.com\/belogue\/wp-json\/wp\/v2\/posts\/27443\/revisions\/27446"}],"wp:featuredmedia":[{"embeddable":true,"href":"https:\/\/www.wallendorff.com\/belogue\/wp-json\/wp\/v2\/media\/27445"}],"wp:attachment":[{"href":"https:\/\/www.wallendorff.com\/belogue\/wp-json\/wp\/v2\/media?parent=27443"}],"wp:term":[{"taxonomy":"category","embeddable":true,"href":"https:\/\/www.wallendorff.com\/belogue\/wp-json\/wp\/v2\/categories?post=27443"},{"taxonomy":"post_tag","embeddable":true,"href":"https:\/\/www.wallendorff.com\/belogue\/wp-json\/wp\/v2\/tags?post=27443"}],"curies":[{"name":"wp","href":"https:\/\/api.w.org\/{rel}","templated":true}]}}