{"id":27372,"date":"2015-05-22T12:13:34","date_gmt":"2015-05-22T10:13:34","guid":{"rendered":"http:\/\/www.wallendorff.com\/belogue\/?p=27372"},"modified":"2017-11-06T13:44:54","modified_gmt":"2017-11-06T11:44:54","slug":"plus-on-est-de-flous","status":"publish","type":"post","link":"https:\/\/www.wallendorff.com\/belogue\/2015\/05\/22\/plus-on-est-de-flous\/","title":{"rendered":"Plus on est de flous."},"content":{"rendered":"\n<div id=\"photo\">\n<p><img decoding=\"async\" src=\"https:\/\/www.wallendorff.com\/belogue\/photo\/2015\/05\/20150522.jpg\"><br \/>\n  Grand Central Terminal, New York, 13 mars.<\/p>\n<\/p><\/div>\n<div id=\"bandeson\">\n<p><img decoding=\"async\" src=\"https:\/\/www.wallendorff.com\/belogue\/photo\/pochettes\/v\/vek_tom-leisure_seizure.jpg\" align=\"left\" \/><a style=\"font-weight:normal\" id=\"lienmp3\" href=\"http:\/\/www.youtube.com\/watch?v=p1aC4yQvCR0\"><em>A Chore<\/em><\/a><br \/>\n<a href=\"http:\/\/www.tomvek.tv\/\">Tom Vek<\/a><\/p>\n<\/p><\/div>\n","protected":false},"excerpt":{"rendered":"<p>Grand Central Terminal, New York, 13 mars. A Chore Tom Vek<\/p>\n","protected":false},"author":1,"featured_media":27375,"comment_status":"open","ping_status":"open","sticky":false,"template":"","format":"standard","meta":{"_acf_changed":false,"ngg_post_thumbnail":0,"jetpack_post_was_ever_published":false,"_jetpack_newsletter_access":"","_jetpack_dont_email_post_to_subs":false,"_jetpack_newsletter_tier_id":0,"_jetpack_memberships_contains_paywalled_content":false,"_jetpack_memberships_contains_paid_content":false,"footnotes":"","jetpack_publicize_message":"","jetpack_publicize_feature_enabled":true,"jetpack_social_post_already_shared":true,"jetpack_social_options":{"image_generator_settings":{"template":"highway","default_image_id":0,"font":"","enabled":false},"version":2}},"categories":[3],"tags":[14211,5021,1016,8351,3066,55,10247,3094,10970,782,5432,592,10592,10298],"class_list":["post-27372","post","type-post","status-publish","format-standard","has-post-thumbnail","hentry","category-dpc","tag-42nd-street","tag-a-chore","tag-ef-15-mm-f28-fisheye","tag-eos-6d","tag-etat-de-new-york","tag-etats-unis","tag-gare","tag-grand-central-terminal","tag-hall","tag-jaune","tag-leisure-seizure","tag-new-york","tag-pose-longue","tag-tom-vek"],"acf":[],"geo":{"latitude":40.7527657,"longitude":-73.9772034,"description":null},"jetpack_publicize_connections":[],"jetpack_featured_media_url":"https:\/\/www.wallendorff.com\/belogue\/wp-content\/uploads\/2015\/05\/20150522.jpg","jetpack_shortlink":"https:\/\/wp.me\/p3b35P-77u","jetpack_sharing_enabled":true,"jetpack-related-posts":[{"id":14744,"url":"https:\/\/www.wallendorff.com\/belogue\/2011\/12\/10\/tom-vek-im-takt-le-nouveau-casino-paris\/","url_meta":{"origin":27372,"position":0},"title":"Tom Vek + Im Takt @ le Nouveau Casino, Paris.","author":"dpc","date":"10 d\u00e9cembre 2011","format":false,"excerpt":"Someone Loves You | We Do Nothing | Nothing But Green Lights | On a Plate | World of Doubt | A Little Word in Your Ear | Too Bad | Cover | C-C (You Set the Fire in Me) | Hold Your Hand | A Chore | I Ain't\u2026","rel":"","context":"Dans &quot;Alive&quot;","block_context":{"text":"Alive","link":"https:\/\/www.wallendorff.com\/belogue\/category\/alive\/"},"img":{"alt_text":"","src":"https:\/\/i0.wp.com\/www.wallendorff.com\/belogue\/wp-content\/uploads\/2015\/04\/201112101.jpg?resize=350%2C200&ssl=1","width":350,"height":200,"srcset":"https:\/\/i0.wp.com\/www.wallendorff.com\/belogue\/wp-content\/uploads\/2015\/04\/201112101.jpg?resize=350%2C200&ssl=1 1x, https:\/\/i0.wp.com\/www.wallendorff.com\/belogue\/wp-content\/uploads\/2015\/04\/201112101.jpg?resize=525%2C300&ssl=1 1.5x, https:\/\/i0.wp.com\/www.wallendorff.com\/belogue\/wp-content\/uploads\/2015\/04\/201112101.jpg?resize=700%2C400&ssl=1 2x"},"classes":[]},{"id":12964,"url":"https:\/\/www.wallendorff.com\/belogue\/2011\/07\/04\/main-square-festival-arras-1er-3-juillet\/","url_meta":{"origin":27372,"position":1},"title":"Main Square Festival, Arras, 1er-3 juillet.","author":"dpc","date":"4 juillet 2011","format":false,"excerpt":"Arras, 2 juillet. Parce que je suis un homme de tradition-tion. Les photos suivront. \u00a0Tom Vek \u2013 A Chore [youtube]http:\/\/www.youtube.com\/watch?v=aCfWUl5OvB0[\/youtube]","rel":"","context":"Dans &quot;Alive&quot;","block_context":{"text":"Alive","link":"https:\/\/www.wallendorff.com\/belogue\/category\/alive\/"},"img":{"alt_text":"","src":"https:\/\/i0.wp.com\/www.wallendorff.com\/belogue\/wp-content\/uploads\/2017\/07\/20110704.jpg?resize=350%2C200&ssl=1","width":350,"height":200,"srcset":"https:\/\/i0.wp.com\/www.wallendorff.com\/belogue\/wp-content\/uploads\/2017\/07\/20110704.jpg?resize=350%2C200&ssl=1 1x, https:\/\/i0.wp.com\/www.wallendorff.com\/belogue\/wp-content\/uploads\/2017\/07\/20110704.jpg?resize=525%2C300&ssl=1 1.5x, https:\/\/i0.wp.com\/www.wallendorff.com\/belogue\/wp-content\/uploads\/2017\/07\/20110704.jpg?resize=700%2C400&ssl=1 2x, https:\/\/i0.wp.com\/www.wallendorff.com\/belogue\/wp-content\/uploads\/2017\/07\/20110704.jpg?resize=1050%2C600&ssl=1 3x"},"classes":[]},{"id":27443,"url":"https:\/\/www.wallendorff.com\/belogue\/2015\/06\/05\/central-nuit\/","url_meta":{"origin":27372,"position":2},"title":"Central nuit.","author":"dpc","date":"5 juin 2015","format":false,"excerpt":"Grand Central Terminal, New York, 13 mars. Derni\u00e8re photo new-yorkaise. Vivement les prochaines. Blame Denai Moore","rel":"","context":"Dans &quot;DPC&quot;","block_context":{"text":"DPC","link":"https:\/\/www.wallendorff.com\/belogue\/category\/dpc\/"},"img":{"alt_text":"","src":"https:\/\/i0.wp.com\/www.wallendorff.com\/belogue\/wp-content\/uploads\/2015\/06\/20150605.jpg?resize=350%2C200&ssl=1","width":350,"height":200,"srcset":"https:\/\/i0.wp.com\/www.wallendorff.com\/belogue\/wp-content\/uploads\/2015\/06\/20150605.jpg?resize=350%2C200&ssl=1 1x, https:\/\/i0.wp.com\/www.wallendorff.com\/belogue\/wp-content\/uploads\/2015\/06\/20150605.jpg?resize=525%2C300&ssl=1 1.5x"},"classes":[]},{"id":4769,"url":"https:\/\/www.wallendorff.com\/belogue\/2009\/09\/29\/pas-perdu\/","url_meta":{"origin":27372,"position":3},"title":"Pas perdus.","author":"dpc","date":"29 septembre 2009","format":false,"excerpt":"Grand Central Terminal, New York, 9 mai. \u00a0Editors \u2013 Camera Enfin l\u00e0, si.","rel":"","context":"Dans &quot;DPC&quot;","block_context":{"text":"DPC","link":"https:\/\/www.wallendorff.com\/belogue\/category\/dpc\/"},"img":{"alt_text":"","src":"https:\/\/i0.wp.com\/www.wallendorff.com\/belogue\/wp-content\/uploads\/2015\/04\/200909291.jpg?resize=350%2C200&ssl=1","width":350,"height":200},"classes":[]},{"id":15932,"url":"https:\/\/www.wallendorff.com\/belogue\/2012\/02\/17\/rue-dix-chats\/","url_meta":{"origin":27372,"position":4},"title":"Rue Dix-chats.","author":"dpc","date":"17 f\u00e9vrier 2012","format":false,"excerpt":"Rue Bichat, Paris, 7 janvier. DJ Shadow \u2013 Warning Call (feat. Tom Vek) [youtube]http:\/\/www.youtube.com\/watch?v=kCay6cX-YqY[\/youtube]","rel":"","context":"Dans &quot;DPC&quot;","block_context":{"text":"DPC","link":"https:\/\/www.wallendorff.com\/belogue\/category\/dpc\/"},"img":{"alt_text":"","src":"https:\/\/i0.wp.com\/www.wallendorff.com\/belogue\/wp-content\/uploads\/2015\/04\/201202171.jpg?resize=350%2C200&ssl=1","width":350,"height":200,"srcset":"https:\/\/i0.wp.com\/www.wallendorff.com\/belogue\/wp-content\/uploads\/2015\/04\/201202171.jpg?resize=350%2C200&ssl=1 1x, https:\/\/i0.wp.com\/www.wallendorff.com\/belogue\/wp-content\/uploads\/2015\/04\/201202171.jpg?resize=525%2C300&ssl=1 1.5x, https:\/\/i0.wp.com\/www.wallendorff.com\/belogue\/wp-content\/uploads\/2015\/04\/201202171.jpg?resize=700%2C400&ssl=1 2x"},"classes":[]},{"id":13165,"url":"https:\/\/www.wallendorff.com\/belogue\/2011\/08\/26\/des-os-redonnes\/","url_meta":{"origin":27372,"position":5},"title":"Des os, redonn\u00e9s.","author":"dpc","date":"26 ao\u00fbt 2011","format":false,"excerpt":"Station Cit\u00e9, Paris, 26 juillet. [Sleepless in Cit\u00e9 no IV.] Sifflotons l'air de rien. \u00a0Tom Vek \u2013 Close Mic'ed","rel":"","context":"Dans &quot;DPC&quot;","block_context":{"text":"DPC","link":"https:\/\/www.wallendorff.com\/belogue\/category\/dpc\/"},"img":{"alt_text":"","src":"https:\/\/i0.wp.com\/www.wallendorff.com\/belogue\/wp-content\/uploads\/2015\/04\/201108261.jpg?resize=350%2C200&ssl=1","width":350,"height":200,"srcset":"https:\/\/i0.wp.com\/www.wallendorff.com\/belogue\/wp-content\/uploads\/2015\/04\/201108261.jpg?resize=350%2C200&ssl=1 1x, https:\/\/i0.wp.com\/www.wallendorff.com\/belogue\/wp-content\/uploads\/2015\/04\/201108261.jpg?resize=525%2C300&ssl=1 1.5x"},"classes":[]}],"_links":{"self":[{"href":"https:\/\/www.wallendorff.com\/belogue\/wp-json\/wp\/v2\/posts\/27372","targetHints":{"allow":["GET"]}}],"collection":[{"href":"https:\/\/www.wallendorff.com\/belogue\/wp-json\/wp\/v2\/posts"}],"about":[{"href":"https:\/\/www.wallendorff.com\/belogue\/wp-json\/wp\/v2\/types\/post"}],"author":[{"embeddable":true,"href":"https:\/\/www.wallendorff.com\/belogue\/wp-json\/wp\/v2\/users\/1"}],"replies":[{"embeddable":true,"href":"https:\/\/www.wallendorff.com\/belogue\/wp-json\/wp\/v2\/comments?post=27372"}],"version-history":[{"count":2,"href":"https:\/\/www.wallendorff.com\/belogue\/wp-json\/wp\/v2\/posts\/27372\/revisions"}],"predecessor-version":[{"id":27374,"href":"https:\/\/www.wallendorff.com\/belogue\/wp-json\/wp\/v2\/posts\/27372\/revisions\/27374"}],"wp:featuredmedia":[{"embeddable":true,"href":"https:\/\/www.wallendorff.com\/belogue\/wp-json\/wp\/v2\/media\/27375"}],"wp:attachment":[{"href":"https:\/\/www.wallendorff.com\/belogue\/wp-json\/wp\/v2\/media?parent=27372"}],"wp:term":[{"taxonomy":"category","embeddable":true,"href":"https:\/\/www.wallendorff.com\/belogue\/wp-json\/wp\/v2\/categories?post=27372"},{"taxonomy":"post_tag","embeddable":true,"href":"https:\/\/www.wallendorff.com\/belogue\/wp-json\/wp\/v2\/tags?post=27372"}],"curies":[{"name":"wp","href":"https:\/\/api.w.org\/{rel}","templated":true}]}}