{"id":27358,"date":"2015-05-14T16:46:44","date_gmt":"2015-05-14T14:46:44","guid":{"rendered":"http:\/\/www.wallendorff.com\/belogue\/?p=27358"},"modified":"2015-06-16T13:11:20","modified_gmt":"2015-06-16T11:11:20","slug":"on-expose-3","status":"publish","type":"post","link":"https:\/\/www.wallendorff.com\/belogue\/2015\/05\/14\/on-expose-3\/","title":{"rendered":"On expose."},"content":{"rendered":"<div id=\"photo\">\n<p><img decoding=\"async\" src=\"https:\/\/www.wallendorff.com\/belogue\/photo\/2015\/05\/20150514.jpg\"><\/p>\n<\/p><\/div>\n<p style=\"text-align:center\">[English version below]<\/p>\n<p><a href=\"http:\/\/\/www.blackrebelmotorcycleclub.com\">Black Rebel Motorcycle Club<\/a> m&rsquo;ont choisi pour illustrer leur DVD \/ triple album enregistr&eacute; au Trianon le 24 f&eacute;vrier 2014, <em><a href=\"http:\/\/blackrebelmotorcycleclub.com\/news\/live-in-paris-available-for-pre-sale\/\">Live in Paris<\/a><\/em>, qui sortira en juin chez Pias. C&rsquo;est un honneur.<\/p>\n<p>Pour l&rsquo;occasion, je vous accueillerai au <a href=\"http:\/\/www.lemotel.fr\">Motel<\/a> pour une expo des clich&eacute;s in&eacute;dits du groupe qui figureront dans le livret du DVD.<\/p>\n<p>le DJ set sera assur&eacute; par les s&eacute;millants Nico Prat et Adrien Toffolet. D&rsquo;autres surprises seront au programme de la soir&eacute;e. <a href=\"https:\/\/www.facebook.com\/events\/1605693426353572\/1605707866352128\/\">Notez la date<\/a> !<\/p>\n<p style=\"text-align:center\"><strong>11 juin 2015 &agrave; 19&nbsp;h<br \/>\nLe Motel<br \/>\n5, passage Josset<br \/>\nParis XI<\/strong><\/p>\n<p style=\"text-align:center\">______<\/p>\n<p><a href=\"http:\/\/www.blackrebelmotorcycleclub.com\">Black Rebel Motorcycle Club<\/a> have chosen me to illustrate their DVD \/ triple live album recorded at the Trianon on February 24<sup>th<\/sup>, 2014, <em><a href=\"http:\/\/blackrebelmotorcycleclub.com\/news\/live-in-paris-available-for-pre-sale\/\">Live in Paris<\/a><\/em>, which be released in June by Pias. It is quite a honor.<\/p>\n<p>To celebrate the event, I will welcome you at the <a href=\"http:\/\/www.lemotel.fr\">Motel<\/a> for an exhibition of the previously unreleased pictures that will be featured in the artwork.<\/p>\n<p>The shining Nico Prat and Adrien Toffolet will take care of the DJ set duties. Some more surprises will join the program later on. <a href=\"https:\/\/www.facebook.com\/events\/1605693426353572\/1605707866352128\/\">Save the date<\/a>!<\/p>\n<p style=\"text-align:center\"><strong>June 11<sup>th<\/sup>, 2015 at 7pm<br \/>\nLe Motel<br \/>\n5, passage Josset<br \/>\nParis XI<\/strong><\/p>\n","protected":false},"excerpt":{"rendered":"<p>[English version below] Black Rebel Motorcycle Club m&rsquo;ont choisi pour illustrer leur DVD \/ triple album enregistr&eacute; au Trianon le 24 f&eacute;vrier 2014, Live in Paris, qui sortira en juin chez Pias. C&rsquo;est un honneur. Pour l&rsquo;occasion, je vous accueillerai au Motel pour une expo des clich&eacute;s in&eacute;dits du groupe qui figureront dans le livret&hellip;<\/p>\n","protected":false},"author":1,"featured_media":27360,"comment_status":"open","ping_status":"open","sticky":false,"template":"","format":"standard","meta":{"_acf_changed":false,"ngg_post_thumbnail":0,"jetpack_post_was_ever_published":false,"_jetpack_newsletter_access":"","_jetpack_dont_email_post_to_subs":false,"_jetpack_newsletter_tier_id":0,"_jetpack_memberships_contains_paywalled_content":false,"_jetpack_memberships_contains_paid_content":false,"footnotes":"","jetpack_publicize_message":"","jetpack_publicize_feature_enabled":true,"jetpack_social_post_already_shared":true,"jetpack_social_options":{"image_generator_settings":{"template":"highway","default_image_id":0,"font":"","enabled":false},"version":2}},"categories":[3],"tags":[10118,10329,10894],"class_list":["post-27358","post","type-post","status-publish","format-standard","has-post-thumbnail","hentry","category-dpc","tag-black-rebel-motorcycle-club","tag-exposition","tag-le-trianon"],"acf":[],"geo":null,"jetpack_publicize_connections":[],"jetpack_featured_media_url":"https:\/\/www.wallendorff.com\/belogue\/wp-content\/uploads\/2015\/05\/20150514.jpg","jetpack_shortlink":"https:\/\/wp.me\/p3b35P-77g","jetpack_sharing_enabled":true,"jetpack-related-posts":[{"id":23696,"url":"https:\/\/www.wallendorff.com\/belogue\/2014\/12\/28\/2014-en-10-concerts-qui-poutrrent\/","url_meta":{"origin":27358,"position":0},"title":"2014 en 10 concerts qui poutr&egrave;rent","author":"dpc","date":"28 d\u00e9cembre 2014","format":false,"excerpt":"Je me lasserai jamais des concerts d'Arcade Fire. Ils auront beau sortir des albums tout bizarres et parquer les photographes par brouettes de 8 sur 2\u00a0m2, j'y retournerai toujours avec une joie na\u00efve dans le c\u0153ur, parce que les ch\u0153urs, les confettis et les gens d\u00e9guis\u00e9s en grosses peluches, \u00e7a\u2026","rel":"","context":"Dans &quot;DPC&quot;","block_context":{"text":"DPC","link":"https:\/\/www.wallendorff.com\/belogue\/category\/dpc\/"},"img":{"alt_text":"","src":"https:\/\/i0.wp.com\/www.wallendorff.com\/belogue\/wp-content\/uploads\/2015\/04\/201406043.jpg?resize=350%2C200&ssl=1","width":350,"height":200,"srcset":"https:\/\/i0.wp.com\/www.wallendorff.com\/belogue\/wp-content\/uploads\/2015\/04\/201406043.jpg?resize=350%2C200&ssl=1 1x, https:\/\/i0.wp.com\/www.wallendorff.com\/belogue\/wp-content\/uploads\/2015\/04\/201406043.jpg?resize=525%2C300&ssl=1 1.5x, https:\/\/i0.wp.com\/www.wallendorff.com\/belogue\/wp-content\/uploads\/2015\/04\/201406043.jpg?resize=700%2C400&ssl=1 2x"},"classes":[]},{"id":29876,"url":"https:\/\/www.wallendorff.com\/belogue\/2015\/12\/28\/2015-en-10-concerts-qui-envoyrent\/","url_meta":{"origin":27358,"position":1},"title":"2015 en 10 concerts qui envoy&egrave;rent.","author":"dpc","date":"28 d\u00e9cembre 2015","format":false,"excerpt":"\u00c9videmment, le meilleur concert de mon ann\u00e9e 2015 ne sera pas celui dont je me souviendrai le plus. Exactement comme en 2009. Ce n'est toutefois pas une raison pour ne pas faire comme si. Cette soir\u00e9e au Z\u00e9nith fut incroyable. Il y eut la prestation impeccable du groupe, bien s\u00fbr,\u2026","rel":"","context":"Dans &quot;DPC&quot;","block_context":{"text":"DPC","link":"https:\/\/www.wallendorff.com\/belogue\/category\/dpc\/"},"img":{"alt_text":"","src":"https:\/\/i0.wp.com\/www.wallendorff.com\/belogue\/wp-content\/uploads\/2015\/12\/20151228.jpg?resize=350%2C200&ssl=1","width":350,"height":200,"srcset":"https:\/\/i0.wp.com\/www.wallendorff.com\/belogue\/wp-content\/uploads\/2015\/12\/20151228.jpg?resize=350%2C200&ssl=1 1x, https:\/\/i0.wp.com\/www.wallendorff.com\/belogue\/wp-content\/uploads\/2015\/12\/20151228.jpg?resize=525%2C300&ssl=1 1.5x, https:\/\/i0.wp.com\/www.wallendorff.com\/belogue\/wp-content\/uploads\/2015\/12\/20151228.jpg?resize=700%2C400&ssl=1 2x"},"classes":[]},{"id":22209,"url":"https:\/\/www.wallendorff.com\/belogue\/2013\/12\/28\/2013-en-10-concerts-qui-postillonnrent-du-poney\/","url_meta":{"origin":27358,"position":2},"title":"2013 en 10 concerts qui postillonn&egrave;rent du poney.","author":"dpc","date":"28 d\u00e9cembre 2013","format":false,"excerpt":"Je n'ai jamais fait de mauvais concert de Kasabian. Celui-l\u00e0 ne pouvait pas d\u00e9roger \u00e0 la r\u00e8gle\u00a0: le voyage, le lieu, le passe photo l\u00e9g\u00e8rement chapard\u00e9, la barri\u00e8re qui s'\u00e9croule et, \u00e9videmment, le show en lui-m\u00eame\u00a0: celui d'un groupe qui devient d\u00e9cid\u00e9ment \u00e9norme d\u00e9roulant des hymnes de stade devant quelques\u2026","rel":"","context":"Dans &quot;DPC&quot;","block_context":{"text":"DPC","link":"https:\/\/www.wallendorff.com\/belogue\/category\/dpc\/"},"img":{"alt_text":"","src":"https:\/\/i0.wp.com\/www.wallendorff.com\/belogue\/wp-content\/uploads\/2015\/04\/201312281.jpg?resize=350%2C200&ssl=1","width":350,"height":200,"srcset":"https:\/\/i0.wp.com\/www.wallendorff.com\/belogue\/wp-content\/uploads\/2015\/04\/201312281.jpg?resize=350%2C200&ssl=1 1x, https:\/\/i0.wp.com\/www.wallendorff.com\/belogue\/wp-content\/uploads\/2015\/04\/201312281.jpg?resize=525%2C300&ssl=1 1.5x, https:\/\/i0.wp.com\/www.wallendorff.com\/belogue\/wp-content\/uploads\/2015\/04\/201312281.jpg?resize=700%2C400&ssl=1 2x"},"classes":[]},{"id":27897,"url":"https:\/\/www.wallendorff.com\/belogue\/2015\/06\/30\/juin-2015\/","url_meta":{"origin":27358,"position":3},"title":"Juin 2015.","author":"dpc","date":"30 juin 2015","format":false,"excerpt":"Un pique-nique, un chat-qui-ressemble-\u00e0-Hitler, un concert, un autre concert, une expo, un anniversaire, des g\u00e2telets Bukowski, un duo en grande toilette, un anniversaire, des tires-bouschtroumpfs (ou des schtroumpfs-bouchons, c'est selon), un b\u00e9b\u00e9, une nuit, un concert mouvement\u00e9, des Guinness\u00ae, un b\u00e9b\u00e9, une \u00e9quipe en grande toilette, une cave de bourgogne,\u2026","rel":"","context":"Dans &quot;Blog-note&quot;","block_context":{"text":"Blog-note","link":"https:\/\/www.wallendorff.com\/belogue\/category\/blog-note\/"},"img":{"alt_text":"","src":"https:\/\/i0.wp.com\/www.wallendorff.com\/belogue\/wp-content\/uploads\/2015\/07\/20150702-49.jpg?resize=350%2C200&ssl=1","width":350,"height":200,"srcset":"https:\/\/i0.wp.com\/www.wallendorff.com\/belogue\/wp-content\/uploads\/2015\/07\/20150702-49.jpg?resize=350%2C200&ssl=1 1x, https:\/\/i0.wp.com\/www.wallendorff.com\/belogue\/wp-content\/uploads\/2015\/07\/20150702-49.jpg?resize=525%2C300&ssl=1 1.5x, https:\/\/i0.wp.com\/www.wallendorff.com\/belogue\/wp-content\/uploads\/2015\/07\/20150702-49.jpg?resize=700%2C400&ssl=1 2x"},"classes":[]},{"id":36828,"url":"https:\/\/www.wallendorff.com\/belogue\/2017\/12\/28\/2017-en-1\/","url_meta":{"origin":27358,"position":4},"title":"2017 en&#8230; #1.","author":"dpc","date":"28 d\u00e9cembre 2017","format":false,"excerpt":"2017 en 10 concerts. Le set d'Arcade Fire aux Eurock\u00e9ennes fut inoubliable\u00a0: temps id\u00e9al, public dingue et final \u00e9tir\u00e9 \u00e0 un point tel que le feu d'artifice qui cl\u00f4t traditionnellement le festival d\u00fbt d\u00e9marrer avant la fin de Wake Up. L'image de Win Butler qui continue son morceau sans se\u2026","rel":"","context":"Dans &quot;DPC&quot;","block_context":{"text":"DPC","link":"https:\/\/www.wallendorff.com\/belogue\/category\/dpc\/"},"img":{"alt_text":"","src":"https:\/\/i0.wp.com\/www.wallendorff.com\/belogue\/wp-content\/uploads\/2017\/11\/20171130-33.jpg?resize=350%2C200&ssl=1","width":350,"height":200,"srcset":"https:\/\/i0.wp.com\/www.wallendorff.com\/belogue\/wp-content\/uploads\/2017\/11\/20171130-33.jpg?resize=350%2C200&ssl=1 1x, https:\/\/i0.wp.com\/www.wallendorff.com\/belogue\/wp-content\/uploads\/2017\/11\/20171130-33.jpg?resize=525%2C300&ssl=1 1.5x, https:\/\/i0.wp.com\/www.wallendorff.com\/belogue\/wp-content\/uploads\/2017\/11\/20171130-33.jpg?resize=700%2C400&ssl=1 2x"},"classes":[]},{"id":20560,"url":"https:\/\/www.wallendorff.com\/belogue\/2013\/03\/08\/exposition-brmc-au-petit-trianon\/","url_meta":{"origin":27358,"position":5},"title":"Exposition BRMC au Petit Trianon","author":"dpc","date":"8 mars 2013","format":false,"excerpt":"[English version below] \u00c0 l'occasion de la sortie mondiale du nouvel album de Black Rebel Motorcycle Club, Specter at the Feast, le 18 mars et de leur tourn\u00e9e en France la semaine prochaine, Paula K. Voelker et moi-m\u00eame sommes heureux de vous convier \u00e0 la premi\u00e8re exposition officielle jamais d\u00e9di\u00e9e\u2026","rel":"","context":"Dans &quot;Alive&quot;","block_context":{"text":"Alive","link":"https:\/\/www.wallendorff.com\/belogue\/category\/alive\/"},"img":{"alt_text":"","src":"https:\/\/i0.wp.com\/www.wallendorff.com\/belogue\/wp-content\/uploads\/2015\/04\/201303081.jpg?resize=350%2C200&ssl=1","width":350,"height":200,"srcset":"https:\/\/i0.wp.com\/www.wallendorff.com\/belogue\/wp-content\/uploads\/2015\/04\/201303081.jpg?resize=350%2C200&ssl=1 1x, https:\/\/i0.wp.com\/www.wallendorff.com\/belogue\/wp-content\/uploads\/2015\/04\/201303081.jpg?resize=525%2C300&ssl=1 1.5x, https:\/\/i0.wp.com\/www.wallendorff.com\/belogue\/wp-content\/uploads\/2015\/04\/201303081.jpg?resize=700%2C400&ssl=1 2x"},"classes":[]}],"_links":{"self":[{"href":"https:\/\/www.wallendorff.com\/belogue\/wp-json\/wp\/v2\/posts\/27358","targetHints":{"allow":["GET"]}}],"collection":[{"href":"https:\/\/www.wallendorff.com\/belogue\/wp-json\/wp\/v2\/posts"}],"about":[{"href":"https:\/\/www.wallendorff.com\/belogue\/wp-json\/wp\/v2\/types\/post"}],"author":[{"embeddable":true,"href":"https:\/\/www.wallendorff.com\/belogue\/wp-json\/wp\/v2\/users\/1"}],"replies":[{"embeddable":true,"href":"https:\/\/www.wallendorff.com\/belogue\/wp-json\/wp\/v2\/comments?post=27358"}],"version-history":[{"count":3,"href":"https:\/\/www.wallendorff.com\/belogue\/wp-json\/wp\/v2\/posts\/27358\/revisions"}],"predecessor-version":[{"id":27362,"href":"https:\/\/www.wallendorff.com\/belogue\/wp-json\/wp\/v2\/posts\/27358\/revisions\/27362"}],"wp:featuredmedia":[{"embeddable":true,"href":"https:\/\/www.wallendorff.com\/belogue\/wp-json\/wp\/v2\/media\/27360"}],"wp:attachment":[{"href":"https:\/\/www.wallendorff.com\/belogue\/wp-json\/wp\/v2\/media?parent=27358"}],"wp:term":[{"taxonomy":"category","embeddable":true,"href":"https:\/\/www.wallendorff.com\/belogue\/wp-json\/wp\/v2\/categories?post=27358"},{"taxonomy":"post_tag","embeddable":true,"href":"https:\/\/www.wallendorff.com\/belogue\/wp-json\/wp\/v2\/tags?post=27358"}],"curies":[{"name":"wp","href":"https:\/\/api.w.org\/{rel}","templated":true}]}}