{"id":272,"date":"2005-11-13T22:19:29","date_gmt":"2005-11-13T22:19:29","guid":{"rendered":"http:\/\/www.po-l.com\/wordpress\/?p=272"},"modified":"2012-08-14T10:22:06","modified_gmt":"2012-08-14T08:22:06","slug":"petit-n-eut-age","status":"publish","type":"post","link":"https:\/\/www.wallendorff.com\/belogue\/2005\/11\/13\/petit-n-eut-age\/","title":{"rendered":"Petit n&rsquo;eut &acirc;ge."},"content":{"rendered":"\n<div id=\"photo\">\n<p><img decoding=\"async\" src=\"http:\/\/www.po-L.com\/belogue\/photo\/2005\/11\/20051113.jpg\" \/><br \/>\n          Quais de Seine, Ivry, 1<sup>er<\/sup> novembre.<\/p>\n<\/p><\/div>\n<p style=\"text-align:right\">&Agrave; ceux qui n&rsquo;aiment pas la fum&eacute;e, j&rsquo;offre une bouff&eacute;e d&rsquo;Air.<\/p>\n<p style=\"text-align:right\">[Ah, ah, ah. Vais aller me coucher, moi.]<\/p>\n<p style=\"text-align:right\">&quot;<em>All I need is a peace of this mind,<br \/>\n        Then I can celebrate.<\/em>&quot;<\/p>\n<div id=\"bandeson\">\n<p><img decoding=\"async\" src=\"https:\/\/www.wallendorff.com\/belogue\/photo\/pochettes\/a\/air-moon_safari.jpg\" align=\"left\" \/>&nbsp;<a href=\"http:\/\/www.intairnet.org\/\">Air<\/a> &ndash; <em>All I Need<\/em><\/p>\n<\/p><\/div>\n","protected":false},"excerpt":{"rendered":"<p>Quais de Seine, Ivry, 1er novembre. &Agrave; ceux qui n&rsquo;aiment pas la fum&eacute;e, j&rsquo;offre une bouff&eacute;e d&rsquo;Air. [Ah, ah, ah. Vais aller me coucher, moi.] &quot;All I need is a peace of this mind, Then I can celebrate.&quot; &nbsp;Air &ndash; All I Need<\/p>\n","protected":false},"author":1,"featured_media":24212,"comment_status":"open","ping_status":"open","sticky":false,"template":"","format":"standard","meta":{"_acf_changed":false,"ngg_post_thumbnail":0,"jetpack_post_was_ever_published":false,"_jetpack_newsletter_access":"","_jetpack_dont_email_post_to_subs":false,"_jetpack_newsletter_tier_id":0,"_jetpack_memberships_contains_paywalled_content":false,"_jetpack_memberships_contains_paid_content":false,"footnotes":"","jetpack_publicize_message":"","jetpack_publicize_feature_enabled":true,"jetpack_social_post_already_shared":false,"jetpack_social_options":{"image_generator_settings":{"template":"highway","default_image_id":0,"font":"","enabled":false},"version":2}},"categories":[3],"tags":[276,1309,132,10333,10120,10121,1310,143,173,164,1311],"class_list":["post-272","post","type-post","status-publish","format-standard","has-post-thumbnail","hentry","category-dpc","tag-air","tag-all-i-need","tag-eos-20d","tag-cheminee","tag-france","tag-ile-de-france","tag-ivry-sur-seine","tag-noir-et-blanc","tag-sigma-28-70-mm-f28-dg-ex","tag-urbain","tag-val-de-marne"],"acf":[],"geo":{"latitude":48.8232002,"longitude":2.3879492,"description":null},"jetpack_publicize_connections":[],"jetpack_featured_media_url":"https:\/\/www.wallendorff.com\/belogue\/wp-content\/uploads\/2015\/04\/200511131.jpg","jetpack_shortlink":"https:\/\/wp.me\/p3b35P-4o","jetpack_sharing_enabled":true,"jetpack-related-posts":[{"id":5527,"url":"https:\/\/www.wallendorff.com\/belogue\/2009\/12\/23\/le-fout-la-poulpe\/","url_meta":{"origin":272,"position":0},"title":"Le fout l\u00e0 poulpe.","author":"dpc","date":"23 d\u00e9cembre 2009","format":false,"excerpt":"Square du Vert-Galant, Paris, 25 octobre. \u00a0Radiohead \u2013 Electioneering When I go forwards you go backwards and somewhere we will meet ah ah ah.","rel":"","context":"Dans &quot;DPC&quot;","block_context":{"text":"DPC","link":"https:\/\/www.wallendorff.com\/belogue\/category\/dpc\/"},"img":{"alt_text":"","src":"https:\/\/i0.wp.com\/www.wallendorff.com\/belogue\/wp-content\/uploads\/2015\/04\/200912231.jpg?resize=350%2C200&ssl=1","width":350,"height":200},"classes":[]},{"id":1239,"url":"https:\/\/www.wallendorff.com\/belogue\/2008\/05\/30\/t-amre-la-butte\/","url_meta":{"origin":272,"position":1},"title":"T&rsquo;am\u00e8re la butte.","author":"dpc","date":"30 mai 2008","format":false,"excerpt":"Rue Cortot, Paris, 12 avril. Ah oui sinon, Nigel Tufnel est toujours vivant et fid\u00e8le \u00e0 lui-m\u00eame. [Et de mon c\u00f4t\u00e9 je squatte chez les Mademoiselle K mais je dis \u00e7a seulement parce que c'est rare qu'on me polaro\u00efde, pas par pur \u00e9gocentrisme \u00e9hont\u00e9.] \u00a0Low \u2013 Point of Disgust","rel":"","context":"Dans &quot;DPC&quot;","block_context":{"text":"DPC","link":"https:\/\/www.wallendorff.com\/belogue\/category\/dpc\/"},"img":{"alt_text":"","src":"https:\/\/i0.wp.com\/www.wallendorff.com\/belogue\/wp-content\/uploads\/2015\/04\/200805301.jpg?resize=350%2C200&ssl=1","width":350,"height":200},"classes":[]},{"id":1277,"url":"https:\/\/www.wallendorff.com\/belogue\/2008\/07\/24\/grand-concours-du-jeudi\/","url_meta":{"origin":272,"position":2},"title":"Grand concours du jeudi.","author":"dpc","date":"24 juillet 2008","format":false,"excerpt":"Place du Carrousel, Paris, 23 juin. \u00a0\u00a0Interpol \u2013 Pioneer to the Falls (orchestral)1 Comme je n'arrive pas \u00e0 choisir le titre d'aujourd'hui, je m'en remets au vote du peuple parce que rien de tel que la d\u00e9mocratie participative appliqu\u00e9e au bel\u00f6guage. Ins\u00e8re en commentaire ton choix parmi les trois propositions\u2026","rel":"","context":"Dans &quot;DPC&quot;","block_context":{"text":"DPC","link":"https:\/\/www.wallendorff.com\/belogue\/category\/dpc\/"},"img":{"alt_text":"","src":"https:\/\/i0.wp.com\/www.wallendorff.com\/belogue\/wp-content\/uploads\/2015\/04\/200807241.jpg?resize=350%2C200&ssl=1","width":350,"height":200},"classes":[]},{"id":1246,"url":"https:\/\/www.wallendorff.com\/belogue\/2008\/06\/10\/space-mots-keys-21\/","url_meta":{"origin":272,"position":3},"title":"Space mots-keys #21.","author":"dpc","date":"10 juin 2008","format":false,"excerpt":"ize proude tou pr\u00e9sente Toujours pas de Neue Star dans les mots-cl\u00e9s mis \u00e0 part quelques rares , c'est la merte, il ne me restera plus rien \u00e0 lister ici une fois que la fr\u00e9n\u00e9sie Tokio Hotel sera pass\u00e9e. Monde de merde. La courte liste\u00a0: En voil\u00e0 une belle antith\u00e8se.\u2026","rel":"","context":"Dans &quot;Space mots-keys&quot;","block_context":{"text":"Space mots-keys","link":"https:\/\/www.wallendorff.com\/belogue\/category\/space-mots-keys\/"},"img":{"alt_text":"","src":"","width":0,"height":0},"classes":[]},{"id":1212,"url":"https:\/\/www.wallendorff.com\/belogue\/2008\/04\/21\/tout-ce-bas-d-cave\/","url_meta":{"origin":272,"position":4},"title":"Tout ce bas d&rsquo;cave.","author":"dpc","date":"21 avril 2008","format":false,"excerpt":"Caf\u00e9 Martini, Paris, 30 mars. Nous sommes officiellement dans le post-begbeidesque. Rh\u00e2h je sais qu'il est pourri mon jeu de mots de titre, mais je suis fatigu\u00e9 aussi, je me suis couch\u00e9 tard parce que je suis rock en 2008, et qu'\u00eatre rock en 2008 c'est rester jusqu'\u00e0 2h sur\u2026","rel":"","context":"Dans &quot;DPC&quot;","block_context":{"text":"DPC","link":"https:\/\/www.wallendorff.com\/belogue\/category\/dpc\/"},"img":{"alt_text":"","src":"https:\/\/i0.wp.com\/www.wallendorff.com\/belogue\/wp-content\/uploads\/2015\/04\/200804211.jpg?resize=350%2C200&ssl=1","width":350,"height":200},"classes":[]},{"id":1126,"url":"https:\/\/www.wallendorff.com\/belogue\/2008\/01\/02\/space-mot-keys-16\/","url_meta":{"origin":272,"position":5},"title":"Space mot-keys #16.","author":"dpc","date":"2 janvier 2008","format":false,"excerpt":"ize proude tou pr\u00e9sente Top 5 23 \u00a016 2e rang de la recherche Gougle associ\u00e9e. \u00c7a explique des trucs. \u00a015 \u00a010 \u00a0\u00a06 Y a carr\u00e9ment des sous \u00e0 faire en d\u00e9posant le nom, dis donc. Nos amis les champignons Faisons-le en liste, \u00e7a ira plus vite\u00a0: H\u00e9h\u00e9h\u00e9h\u00e9 \u00a0 Je m'en\u2026","rel":"","context":"Dans &quot;Space mots-keys&quot;","block_context":{"text":"Space mots-keys","link":"https:\/\/www.wallendorff.com\/belogue\/category\/space-mots-keys\/"},"img":{"alt_text":"","src":"https:\/\/i0.wp.com\/www.wallendorff.com\/belogue\/photo\/2008\/01\/spm\/01.gif?resize=350%2C200","width":350,"height":200},"classes":[]}],"_links":{"self":[{"href":"https:\/\/www.wallendorff.com\/belogue\/wp-json\/wp\/v2\/posts\/272","targetHints":{"allow":["GET"]}}],"collection":[{"href":"https:\/\/www.wallendorff.com\/belogue\/wp-json\/wp\/v2\/posts"}],"about":[{"href":"https:\/\/www.wallendorff.com\/belogue\/wp-json\/wp\/v2\/types\/post"}],"author":[{"embeddable":true,"href":"https:\/\/www.wallendorff.com\/belogue\/wp-json\/wp\/v2\/users\/1"}],"replies":[{"embeddable":true,"href":"https:\/\/www.wallendorff.com\/belogue\/wp-json\/wp\/v2\/comments?post=272"}],"version-history":[{"count":1,"href":"https:\/\/www.wallendorff.com\/belogue\/wp-json\/wp\/v2\/posts\/272\/revisions"}],"predecessor-version":[{"id":18634,"href":"https:\/\/www.wallendorff.com\/belogue\/wp-json\/wp\/v2\/posts\/272\/revisions\/18634"}],"wp:featuredmedia":[{"embeddable":true,"href":"https:\/\/www.wallendorff.com\/belogue\/wp-json\/wp\/v2\/media\/24212"}],"wp:attachment":[{"href":"https:\/\/www.wallendorff.com\/belogue\/wp-json\/wp\/v2\/media?parent=272"}],"wp:term":[{"taxonomy":"category","embeddable":true,"href":"https:\/\/www.wallendorff.com\/belogue\/wp-json\/wp\/v2\/categories?post=272"},{"taxonomy":"post_tag","embeddable":true,"href":"https:\/\/www.wallendorff.com\/belogue\/wp-json\/wp\/v2\/tags?post=272"}],"curies":[{"name":"wp","href":"https:\/\/api.w.org\/{rel}","templated":true}]}}