{"id":27152,"date":"2015-05-06T10:09:23","date_gmt":"2015-05-06T08:09:23","guid":{"rendered":"http:\/\/www.wallendorff.com\/belogue\/?p=27152"},"modified":"2015-05-06T11:17:34","modified_gmt":"2015-05-06T09:17:34","slug":"into-the-wide-44","status":"publish","type":"post","link":"https:\/\/www.wallendorff.com\/belogue\/2015\/05\/06\/into-the-wide-44\/","title":{"rendered":"Into the wide #44."},"content":{"rendered":"\n<div id=\"photo\">\n<p><img decoding=\"async\" src=\"https:\/\/www.wallendorff.com\/belogue\/photo\/2015\/05\/20150506.jpg\"><br \/>\n          <em>En haut [VI]<\/em><br \/>\nTop of the Rock, New York, 11 mars.<\/p>\n<\/p><\/div>\n<p style=\"text-align:right\">Les deux derni&egrave;res de la s&eacute;rie.<\/p>\n<p style=\"text-align:\">. J&rsquo;aurais pu tout poster d&rsquo;un coup, mais je voulais restituer au mieux les deux heures pass&eacute;es l&agrave;-haut, le lent changement de lumi&egrave;re, le soleil qui plonge sous l&rsquo;horizon, l&agrave;-bas, derri&egrave;re le New Jersey, et qui change l&rsquo;or du ciel en gris, le gris en bleu p&acirc;le et le bleu p&acirc;le en bleu fonc&eacute;, sous les yeux d&rsquo;une foule compacte, fr&eacute;missante et silencieuse, contemplant la fourmili&egrave;re qui s&rsquo;agite 259&nbsp;m plus bas.<\/p>\n<p>1 minute apr&egrave;s cette derni&egrave;re photo, la pause est termin&eacute;e. L&rsquo;ascenseur redescend en fl&egrave;che et nous jette dans le bain bouillonnant de la ville, qui nous entra&icirc;ne dans son sillage et ne nous recrache que quelques heures et quelques grammes plus tard, sur le comptoir d&rsquo;un marchand de bagels nocturnes de Brooklyn hilare qui nous sert des fromage-saumon-jambon (vous en trouverez des traces <a href=\"https:\/\/www.wallendorff.com\/belogue\/2015\/03\/31\/mars-2015\/\">par l&agrave;<\/a>).<\/p>\n<p style=\"text-align:right\">C&rsquo;est toujours un plaisir de voir, New York.<\/p>\n<div id=\"photo2\">\n<p><img decoding=\"async\" src=\"https:\/\/www.wallendorff.com\/belogue\/photo\/2015\/05\/20150506-02.jpg\"><\/p>\n<\/div>\n<div id=\"bandeson\">\n<p><img decoding=\"async\" src=\"https:\/\/www.wallendorff.com\/belogue\/photo\/pochettes\/x\/xx_jamie-in_colour.jpg\" align=\"left\" \/><a style=\"font-weight:normal\" id=\"lienmp3\" href=\"http:\/\/www.youtube.com\/watch?v=TP9luRtEqjc\"><em>Loud Places<\/em> (feat. Romy Madley Croft)<\/a><br \/>\n<a href=\"http:\/\/www.jamiexx.com\/\">Jamie xx<\/a><\/p>\n<\/p><\/div>\n","protected":false},"excerpt":{"rendered":"<p>En haut [VI] Top of the Rock, New York, 11 mars. Les deux derni&egrave;res de la s&eacute;rie. . J&rsquo;aurais pu tout poster d&rsquo;un coup, mais je voulais restituer au mieux les deux heures pass&eacute;es l&agrave;-haut, le lent changement de lumi&egrave;re, le soleil qui plonge sous l&rsquo;horizon, l&agrave;-bas, derri&egrave;re le New Jersey, et qui change l&rsquo;or&hellip;<\/p>\n","protected":false},"author":1,"featured_media":27153,"comment_status":"open","ping_status":"open","sticky":false,"template":"","format":"standard","meta":{"_acf_changed":false,"ngg_post_thumbnail":0,"jetpack_post_was_ever_published":false,"_jetpack_newsletter_access":"","_jetpack_dont_email_post_to_subs":false,"_jetpack_newsletter_tier_id":0,"_jetpack_memberships_contains_paywalled_content":false,"_jetpack_memberships_contains_paid_content":false,"footnotes":"","jetpack_publicize_message":"","jetpack_publicize_feature_enabled":true,"jetpack_social_post_already_shared":true,"jetpack_social_options":{"image_generator_settings":{"template":"highway","default_image_id":0,"font":"","enabled":false},"version":2}},"categories":[7356],"tags":[737,8170,8351,10326,3135,3066,55,9513,10538,9654,9655,3063,592,11323,9534,9535,9646],"class_list":["post-27152","post","type-post","status-publish","format-standard","has-post-thumbnail","hentry","category-into-the-wide","tag-bleu","tag-ef-24-70-mm-f2-8l-ii-usm","tag-eos-6d","tag-crepuscule","tag-empire-state-building","tag-etat-de-new-york","tag-etats-unis","tag-ge-building","tag-gratte-ciel","tag-jamie-xx","tag-loud-places","tag-manhattan","tag-new-york","tag-panoramique","tag-rockefeller-center","tag-rockefeller-plaza","tag-top-of-the-rock"],"acf":[],"geo":{"latitude":40.7590637,"longitude":-73.9794083,"description":"New York City, New York, 10112, US"},"jetpack_publicize_connections":[],"jetpack_featured_media_url":"https:\/\/www.wallendorff.com\/belogue\/wp-content\/uploads\/2015\/05\/20150506.jpg","jetpack_shortlink":"https:\/\/wp.me\/p3b35P-73W","jetpack_sharing_enabled":true,"jetpack-related-posts":[{"id":27144,"url":"https:\/\/www.wallendorff.com\/belogue\/2015\/05\/04\/en-haut-iv\/","url_meta":{"origin":27152,"position":0},"title":"En haut [IV].","author":"dpc","date":"4 mai 2015","format":false,"excerpt":"Top of the Rock, New York, 11 mars. Cette minute o\u00f9 tu te retrouves plong\u00e9 en pleine pochette d'album. Gas Panic! Oasis","rel":"","context":"Dans &quot;DPC&quot;","block_context":{"text":"DPC","link":"https:\/\/www.wallendorff.com\/belogue\/category\/dpc\/"},"img":{"alt_text":"","src":"https:\/\/i0.wp.com\/www.wallendorff.com\/belogue\/wp-content\/uploads\/2015\/05\/20150504.jpg?resize=350%2C200&ssl=1","width":350,"height":200,"srcset":"https:\/\/i0.wp.com\/www.wallendorff.com\/belogue\/wp-content\/uploads\/2015\/05\/20150504.jpg?resize=350%2C200&ssl=1 1x, https:\/\/i0.wp.com\/www.wallendorff.com\/belogue\/wp-content\/uploads\/2015\/05\/20150504.jpg?resize=525%2C300&ssl=1 1.5x, https:\/\/i0.wp.com\/www.wallendorff.com\/belogue\/wp-content\/uploads\/2015\/05\/20150504.jpg?resize=700%2C400&ssl=1 2x"},"classes":[]},{"id":26914,"url":"https:\/\/www.wallendorff.com\/belogue\/2015\/03\/31\/mars-2015\/","url_meta":{"origin":27152,"position":1},"title":"Mars 2015.","author":"dpc","date":"31 mars 2015","format":false,"excerpt":"Une autoroute, une ruelle, un di\u0161que, un concert tr\u00e8s, tr\u00e8s fort, une s\u00e9ance de cin\u00e9 mouill\u00e9e, un avion, un retour, une plage sous la neige, une chambre d'h\u00f4tel, des poils par milliers, une baignoire, un coucher de soleil vu de haut, des bi\u00e8res et des bi\u00e8res et des bi\u00e8res et\u2026","rel":"","context":"Dans &quot;Blog-note&quot;","block_context":{"text":"Blog-note","link":"https:\/\/www.wallendorff.com\/belogue\/category\/blog-note\/"},"img":{"alt_text":"","src":"https:\/\/i0.wp.com\/www.wallendorff.com\/belogue\/wp-content\/uploads\/2015\/04\/20150415-10.jpg?resize=350%2C200&ssl=1","width":350,"height":200,"srcset":"https:\/\/i0.wp.com\/www.wallendorff.com\/belogue\/wp-content\/uploads\/2015\/04\/20150415-10.jpg?resize=350%2C200&ssl=1 1x, https:\/\/i0.wp.com\/www.wallendorff.com\/belogue\/wp-content\/uploads\/2015\/04\/20150415-10.jpg?resize=525%2C300&ssl=1 1.5x, https:\/\/i0.wp.com\/www.wallendorff.com\/belogue\/wp-content\/uploads\/2015\/04\/20150415-10.jpg?resize=700%2C400&ssl=1 2x"},"classes":[]},{"id":27134,"url":"https:\/\/www.wallendorff.com\/belogue\/2015\/04\/30\/en-haut-iii\/","url_meta":{"origin":27152,"position":2},"title":"En haut [III].","author":"dpc","date":"30 avril 2015","format":false,"excerpt":"Top of the Rock, New York, 11 mars. Je ne sais pas si c'est \u00e0 cause du lieu, de leur position ou de la ville en arri\u00e8re-plan, mais quand je les ai vus, tous bien align\u00e9s, j'ai imm\u00e9diatement pens\u00e9 \u00e0 \u00e7a\u00a0: D\u00e9jeuner en haut d'un gratte-ciel, Charles Clyde Ebbets. Mais\u2026","rel":"","context":"Dans &quot;DPC&quot;","block_context":{"text":"DPC","link":"https:\/\/www.wallendorff.com\/belogue\/category\/dpc\/"},"img":{"alt_text":"","src":"https:\/\/i0.wp.com\/www.wallendorff.com\/belogue\/wp-content\/uploads\/2015\/04\/20150430.jpg?resize=350%2C200&ssl=1","width":350,"height":200,"srcset":"https:\/\/i0.wp.com\/www.wallendorff.com\/belogue\/wp-content\/uploads\/2015\/04\/20150430.jpg?resize=350%2C200&ssl=1 1x, https:\/\/i0.wp.com\/www.wallendorff.com\/belogue\/wp-content\/uploads\/2015\/04\/20150430.jpg?resize=525%2C300&ssl=1 1.5x, https:\/\/i0.wp.com\/www.wallendorff.com\/belogue\/wp-content\/uploads\/2015\/04\/20150430.jpg?resize=700%2C400&ssl=1 2x"},"classes":[]},{"id":27124,"url":"https:\/\/www.wallendorff.com\/belogue\/2015\/04\/24\/en-haut-i\/","url_meta":{"origin":27152,"position":3},"title":"En haut. [I]","author":"dpc","date":"24 avril 2015","format":false,"excerpt":"Top of the Rock, New York, 11 mars. Chateau Lobby #4 (in C for Two Virgins) Father John Misty","rel":"","context":"Dans &quot;DPC&quot;","block_context":{"text":"DPC","link":"https:\/\/www.wallendorff.com\/belogue\/category\/dpc\/"},"img":{"alt_text":"","src":"https:\/\/i0.wp.com\/www.wallendorff.com\/belogue\/wp-content\/uploads\/2015\/04\/20150424.jpg?resize=350%2C200&ssl=1","width":350,"height":200,"srcset":"https:\/\/i0.wp.com\/www.wallendorff.com\/belogue\/wp-content\/uploads\/2015\/04\/20150424.jpg?resize=350%2C200&ssl=1 1x, https:\/\/i0.wp.com\/www.wallendorff.com\/belogue\/wp-content\/uploads\/2015\/04\/20150424.jpg?resize=525%2C300&ssl=1 1.5x"},"classes":[]},{"id":27141,"url":"https:\/\/www.wallendorff.com\/belogue\/2015\/05\/05\/en-haut-v\/","url_meta":{"origin":27152,"position":4},"title":"En haut [V].","author":"dpc","date":"5 mai 2015","format":false,"excerpt":"Top of the Rock, New York, 11 mars. (Submarine) Smallpools","rel":"","context":"Dans &quot;DPC&quot;","block_context":{"text":"DPC","link":"https:\/\/www.wallendorff.com\/belogue\/category\/dpc\/"},"img":{"alt_text":"","src":"https:\/\/i0.wp.com\/www.wallendorff.com\/belogue\/wp-content\/uploads\/2015\/05\/20150505.jpg?resize=350%2C200&ssl=1","width":350,"height":200,"srcset":"https:\/\/i0.wp.com\/www.wallendorff.com\/belogue\/wp-content\/uploads\/2015\/05\/20150505.jpg?resize=350%2C200&ssl=1 1x, https:\/\/i0.wp.com\/www.wallendorff.com\/belogue\/wp-content\/uploads\/2015\/05\/20150505.jpg?resize=525%2C300&ssl=1 1.5x"},"classes":[]},{"id":27128,"url":"https:\/\/www.wallendorff.com\/belogue\/2015\/04\/27\/en-haut-ii\/","url_meta":{"origin":27152,"position":5},"title":"En haut [II].","author":"dpc","date":"27 avril 2015","format":false,"excerpt":"Top of the Rock, New York, 10 mars. Need a Line Other Lives","rel":"","context":"Dans &quot;DPC&quot;","block_context":{"text":"DPC","link":"https:\/\/www.wallendorff.com\/belogue\/category\/dpc\/"},"img":{"alt_text":"","src":"https:\/\/i0.wp.com\/www.wallendorff.com\/belogue\/wp-content\/uploads\/2015\/04\/20150427.jpg?resize=350%2C200&ssl=1","width":350,"height":200,"srcset":"https:\/\/i0.wp.com\/www.wallendorff.com\/belogue\/wp-content\/uploads\/2015\/04\/20150427.jpg?resize=350%2C200&ssl=1 1x, https:\/\/i0.wp.com\/www.wallendorff.com\/belogue\/wp-content\/uploads\/2015\/04\/20150427.jpg?resize=525%2C300&ssl=1 1.5x, https:\/\/i0.wp.com\/www.wallendorff.com\/belogue\/wp-content\/uploads\/2015\/04\/20150427.jpg?resize=700%2C400&ssl=1 2x"},"classes":[]}],"_links":{"self":[{"href":"https:\/\/www.wallendorff.com\/belogue\/wp-json\/wp\/v2\/posts\/27152","targetHints":{"allow":["GET"]}}],"collection":[{"href":"https:\/\/www.wallendorff.com\/belogue\/wp-json\/wp\/v2\/posts"}],"about":[{"href":"https:\/\/www.wallendorff.com\/belogue\/wp-json\/wp\/v2\/types\/post"}],"author":[{"embeddable":true,"href":"https:\/\/www.wallendorff.com\/belogue\/wp-json\/wp\/v2\/users\/1"}],"replies":[{"embeddable":true,"href":"https:\/\/www.wallendorff.com\/belogue\/wp-json\/wp\/v2\/comments?post=27152"}],"version-history":[{"count":2,"href":"https:\/\/www.wallendorff.com\/belogue\/wp-json\/wp\/v2\/posts\/27152\/revisions"}],"predecessor-version":[{"id":27155,"href":"https:\/\/www.wallendorff.com\/belogue\/wp-json\/wp\/v2\/posts\/27152\/revisions\/27155"}],"wp:featuredmedia":[{"embeddable":true,"href":"https:\/\/www.wallendorff.com\/belogue\/wp-json\/wp\/v2\/media\/27153"}],"wp:attachment":[{"href":"https:\/\/www.wallendorff.com\/belogue\/wp-json\/wp\/v2\/media?parent=27152"}],"wp:term":[{"taxonomy":"category","embeddable":true,"href":"https:\/\/www.wallendorff.com\/belogue\/wp-json\/wp\/v2\/categories?post=27152"},{"taxonomy":"post_tag","embeddable":true,"href":"https:\/\/www.wallendorff.com\/belogue\/wp-json\/wp\/v2\/tags?post=27152"}],"curies":[{"name":"wp","href":"https:\/\/api.w.org\/{rel}","templated":true}]}}