{"id":27134,"date":"2015-04-30T11:45:58","date_gmt":"2015-04-30T09:45:58","guid":{"rendered":"http:\/\/www.wallendorff.com\/belogue\/?p=27134"},"modified":"2015-04-30T11:52:14","modified_gmt":"2015-04-30T09:52:14","slug":"en-haut-iii","status":"publish","type":"post","link":"https:\/\/www.wallendorff.com\/belogue\/2015\/04\/30\/en-haut-iii\/","title":{"rendered":"En haut [III]."},"content":{"rendered":"\n<div id=\"photo\">\n<p><img decoding=\"async\" src=\"https:\/\/www.wallendorff.com\/belogue\/photo\/2015\/04\/20150430.jpg\"><br \/>\nTop of the Rock, New York, 11 mars.<\/p>\n<\/div>\n<p style=\"text-align:right\">Je ne sais pas si c&rsquo;est &agrave; cause du lieu, de leur position ou de la ville en arri&egrave;re-plan, mais quand je les ai vus, tous bien align\u00e9s, j&rsquo;ai imm&eacute;diatement pens&eacute; &agrave; &ccedil;a&nbsp;:<\/p>\n<div id=\"photo2\">\n<p><img decoding=\"async\" src=\"https:\/\/www.wallendorff.com\/belogue\/photo\/2015\/04\/20150430-02.jpg\"><br \/>\n    <em>D&eacute;jeuner en haut d&rsquo;un gratte-ciel<\/em>, Charles Clyde Ebbets.<\/p>\n<\/div>\n<p style=\"text-align:right\">Mais &agrave; part &ccedil;a, rien.<\/p>\n<div id=\"bandeson\">\n<p><img decoding=\"async\" src=\"https:\/\/www.wallendorff.com\/belogue\/photo\/pochettes\/d\/decemberists_the-what_a_terrible_world_what_a_wonderful_world.jpg\" align=\"left\" \/><a style=\"font-weight:normal\" id=\"lienmp3\" href=\"http:\/\/www.youtube.com\/watch?v=-fZwphTpJWI\"><em>Carolina Low<\/em><\/a><br \/>\n<a href=\"http:\/\/www.thedecemberists.com\/\">The Decemberists<\/a><\/p>\n<\/p><\/div>\n","protected":false},"excerpt":{"rendered":"<p>Top of the Rock, New York, 11 mars. Je ne sais pas si c&rsquo;est &agrave; cause du lieu, de leur position ou de la ville en arri&egrave;re-plan, mais quand je les ai vus, tous bien align\u00e9s, j&rsquo;ai imm&eacute;diatement pens&eacute; &agrave; &ccedil;a&nbsp;: D&eacute;jeuner en haut d&rsquo;un gratte-ciel, Charles Clyde Ebbets. Mais &agrave; part &ccedil;a, rien. Carolina&hellip;<\/p>\n","protected":false},"author":1,"featured_media":27135,"comment_status":"open","ping_status":"open","sticky":false,"template":"","format":"standard","meta":{"_acf_changed":false,"ngg_post_thumbnail":0,"jetpack_post_was_ever_published":false,"_jetpack_newsletter_access":"","_jetpack_dont_email_post_to_subs":false,"_jetpack_newsletter_tier_id":0,"_jetpack_memberships_contains_paywalled_content":false,"_jetpack_memberships_contains_paid_content":false,"footnotes":"","jetpack_publicize_message":"","jetpack_publicize_feature_enabled":true,"jetpack_social_post_already_shared":true,"jetpack_social_options":{"image_generator_settings":{"template":"highway","default_image_id":0,"font":"","enabled":false},"version":2}},"categories":[3],"tags":[2571,8351,9652,11022,3135,3066,55,9513,10538,3063,592,9534,9535,2601,9646],"class_list":["post-27134","post","type-post","status-publish","format-standard","has-post-thumbnail","hentry","category-dpc","tag-ef-16-35-mm-f28l-ii-usm","tag-eos-6d","tag-carolina-low","tag-coucher-de-soleil","tag-empire-state-building","tag-etat-de-new-york","tag-etats-unis","tag-ge-building","tag-gratte-ciel","tag-manhattan","tag-new-york","tag-rockefeller-center","tag-rockefeller-plaza","tag-the-decemberists","tag-top-of-the-rock"],"acf":[],"geo":{"latitude":40.7590637,"longitude":-73.9794083,"description":"New York City, New York, 10112, US"},"jetpack_publicize_connections":[],"jetpack_featured_media_url":"https:\/\/www.wallendorff.com\/belogue\/wp-content\/uploads\/2015\/04\/20150430.jpg","jetpack_shortlink":"https:\/\/wp.me\/p3b35P-73E","jetpack_sharing_enabled":true,"jetpack-related-posts":[{"id":27141,"url":"https:\/\/www.wallendorff.com\/belogue\/2015\/05\/05\/en-haut-v\/","url_meta":{"origin":27134,"position":0},"title":"En haut [V].","author":"dpc","date":"5 mai 2015","format":false,"excerpt":"Top of the Rock, New York, 11 mars. (Submarine) Smallpools","rel":"","context":"Dans &quot;DPC&quot;","block_context":{"text":"DPC","link":"https:\/\/www.wallendorff.com\/belogue\/category\/dpc\/"},"img":{"alt_text":"","src":"https:\/\/i0.wp.com\/www.wallendorff.com\/belogue\/wp-content\/uploads\/2015\/05\/20150505.jpg?resize=350%2C200&ssl=1","width":350,"height":200,"srcset":"https:\/\/i0.wp.com\/www.wallendorff.com\/belogue\/wp-content\/uploads\/2015\/05\/20150505.jpg?resize=350%2C200&ssl=1 1x, https:\/\/i0.wp.com\/www.wallendorff.com\/belogue\/wp-content\/uploads\/2015\/05\/20150505.jpg?resize=525%2C300&ssl=1 1.5x"},"classes":[]},{"id":27128,"url":"https:\/\/www.wallendorff.com\/belogue\/2015\/04\/27\/en-haut-ii\/","url_meta":{"origin":27134,"position":1},"title":"En haut [II].","author":"dpc","date":"27 avril 2015","format":false,"excerpt":"Top of the Rock, New York, 10 mars. Need a Line Other Lives","rel":"","context":"Dans &quot;DPC&quot;","block_context":{"text":"DPC","link":"https:\/\/www.wallendorff.com\/belogue\/category\/dpc\/"},"img":{"alt_text":"","src":"https:\/\/i0.wp.com\/www.wallendorff.com\/belogue\/wp-content\/uploads\/2015\/04\/20150427.jpg?resize=350%2C200&ssl=1","width":350,"height":200,"srcset":"https:\/\/i0.wp.com\/www.wallendorff.com\/belogue\/wp-content\/uploads\/2015\/04\/20150427.jpg?resize=350%2C200&ssl=1 1x, https:\/\/i0.wp.com\/www.wallendorff.com\/belogue\/wp-content\/uploads\/2015\/04\/20150427.jpg?resize=525%2C300&ssl=1 1.5x, https:\/\/i0.wp.com\/www.wallendorff.com\/belogue\/wp-content\/uploads\/2015\/04\/20150427.jpg?resize=700%2C400&ssl=1 2x"},"classes":[]},{"id":27144,"url":"https:\/\/www.wallendorff.com\/belogue\/2015\/05\/04\/en-haut-iv\/","url_meta":{"origin":27134,"position":2},"title":"En haut [IV].","author":"dpc","date":"4 mai 2015","format":false,"excerpt":"Top of the Rock, New York, 11 mars. Cette minute o\u00f9 tu te retrouves plong\u00e9 en pleine pochette d'album. Gas Panic! Oasis","rel":"","context":"Dans &quot;DPC&quot;","block_context":{"text":"DPC","link":"https:\/\/www.wallendorff.com\/belogue\/category\/dpc\/"},"img":{"alt_text":"","src":"https:\/\/i0.wp.com\/www.wallendorff.com\/belogue\/wp-content\/uploads\/2015\/05\/20150504.jpg?resize=350%2C200&ssl=1","width":350,"height":200,"srcset":"https:\/\/i0.wp.com\/www.wallendorff.com\/belogue\/wp-content\/uploads\/2015\/05\/20150504.jpg?resize=350%2C200&ssl=1 1x, https:\/\/i0.wp.com\/www.wallendorff.com\/belogue\/wp-content\/uploads\/2015\/05\/20150504.jpg?resize=525%2C300&ssl=1 1.5x, https:\/\/i0.wp.com\/www.wallendorff.com\/belogue\/wp-content\/uploads\/2015\/05\/20150504.jpg?resize=700%2C400&ssl=1 2x"},"classes":[]},{"id":27124,"url":"https:\/\/www.wallendorff.com\/belogue\/2015\/04\/24\/en-haut-i\/","url_meta":{"origin":27134,"position":3},"title":"En haut. [I]","author":"dpc","date":"24 avril 2015","format":false,"excerpt":"Top of the Rock, New York, 11 mars. Chateau Lobby #4 (in C for Two Virgins) Father John Misty","rel":"","context":"Dans &quot;DPC&quot;","block_context":{"text":"DPC","link":"https:\/\/www.wallendorff.com\/belogue\/category\/dpc\/"},"img":{"alt_text":"","src":"https:\/\/i0.wp.com\/www.wallendorff.com\/belogue\/wp-content\/uploads\/2015\/04\/20150424.jpg?resize=350%2C200&ssl=1","width":350,"height":200,"srcset":"https:\/\/i0.wp.com\/www.wallendorff.com\/belogue\/wp-content\/uploads\/2015\/04\/20150424.jpg?resize=350%2C200&ssl=1 1x, https:\/\/i0.wp.com\/www.wallendorff.com\/belogue\/wp-content\/uploads\/2015\/04\/20150424.jpg?resize=525%2C300&ssl=1 1.5x"},"classes":[]},{"id":27152,"url":"https:\/\/www.wallendorff.com\/belogue\/2015\/05\/06\/into-the-wide-44\/","url_meta":{"origin":27134,"position":4},"title":"Into the wide #44.","author":"dpc","date":"6 mai 2015","format":false,"excerpt":"En haut [VI] Top of the Rock, New York, 11 mars. Les deux derni\u00e8res de la s\u00e9rie. . J'aurais pu tout poster d'un coup, mais je voulais restituer au mieux les deux heures pass\u00e9es l\u00e0-haut, le lent changement de lumi\u00e8re, le soleil qui plonge sous l'horizon, l\u00e0-bas, derri\u00e8re le New\u2026","rel":"","context":"Dans &quot;Into the wide&quot;","block_context":{"text":"Into the wide","link":"https:\/\/www.wallendorff.com\/belogue\/category\/into-the-wide\/"},"img":{"alt_text":"","src":"https:\/\/i0.wp.com\/www.wallendorff.com\/belogue\/wp-content\/uploads\/2015\/05\/20150506.jpg?resize=350%2C200&ssl=1","width":350,"height":200,"srcset":"https:\/\/i0.wp.com\/www.wallendorff.com\/belogue\/wp-content\/uploads\/2015\/05\/20150506.jpg?resize=350%2C200&ssl=1 1x, https:\/\/i0.wp.com\/www.wallendorff.com\/belogue\/wp-content\/uploads\/2015\/05\/20150506.jpg?resize=525%2C300&ssl=1 1.5x, https:\/\/i0.wp.com\/www.wallendorff.com\/belogue\/wp-content\/uploads\/2015\/05\/20150506.jpg?resize=700%2C400&ssl=1 2x, https:\/\/i0.wp.com\/www.wallendorff.com\/belogue\/wp-content\/uploads\/2015\/05\/20150506.jpg?resize=1050%2C600&ssl=1 3x"},"classes":[]},{"id":27364,"url":"https:\/\/www.wallendorff.com\/belogue\/2015\/05\/19\/en-bas\/","url_meta":{"origin":27134,"position":5},"title":"En bas.","author":"dpc","date":"19 mai 2015","format":false,"excerpt":"Rockefeller Plaza, New York, 12 mars. We Can Do What We Want Drenge","rel":"","context":"Dans &quot;DPC&quot;","block_context":{"text":"DPC","link":"https:\/\/www.wallendorff.com\/belogue\/category\/dpc\/"},"img":{"alt_text":"","src":"https:\/\/i0.wp.com\/www.wallendorff.com\/belogue\/wp-content\/uploads\/2015\/05\/20150519.jpg?resize=350%2C200&ssl=1","width":350,"height":200},"classes":[]}],"_links":{"self":[{"href":"https:\/\/www.wallendorff.com\/belogue\/wp-json\/wp\/v2\/posts\/27134","targetHints":{"allow":["GET"]}}],"collection":[{"href":"https:\/\/www.wallendorff.com\/belogue\/wp-json\/wp\/v2\/posts"}],"about":[{"href":"https:\/\/www.wallendorff.com\/belogue\/wp-json\/wp\/v2\/types\/post"}],"author":[{"embeddable":true,"href":"https:\/\/www.wallendorff.com\/belogue\/wp-json\/wp\/v2\/users\/1"}],"replies":[{"embeddable":true,"href":"https:\/\/www.wallendorff.com\/belogue\/wp-json\/wp\/v2\/comments?post=27134"}],"version-history":[{"count":4,"href":"https:\/\/www.wallendorff.com\/belogue\/wp-json\/wp\/v2\/posts\/27134\/revisions"}],"predecessor-version":[{"id":27139,"href":"https:\/\/www.wallendorff.com\/belogue\/wp-json\/wp\/v2\/posts\/27134\/revisions\/27139"}],"wp:featuredmedia":[{"embeddable":true,"href":"https:\/\/www.wallendorff.com\/belogue\/wp-json\/wp\/v2\/media\/27135"}],"wp:attachment":[{"href":"https:\/\/www.wallendorff.com\/belogue\/wp-json\/wp\/v2\/media?parent=27134"}],"wp:term":[{"taxonomy":"category","embeddable":true,"href":"https:\/\/www.wallendorff.com\/belogue\/wp-json\/wp\/v2\/categories?post=27134"},{"taxonomy":"post_tag","embeddable":true,"href":"https:\/\/www.wallendorff.com\/belogue\/wp-json\/wp\/v2\/tags?post=27134"}],"curies":[{"name":"wp","href":"https:\/\/api.w.org\/{rel}","templated":true}]}}