{"id":27128,"date":"2015-04-27T11:24:44","date_gmt":"2015-04-27T09:24:44","guid":{"rendered":"http:\/\/www.wallendorff.com\/belogue\/?p=27128"},"modified":"2015-04-30T11:46:04","modified_gmt":"2015-04-30T09:46:04","slug":"en-haut-ii","status":"publish","type":"post","link":"https:\/\/www.wallendorff.com\/belogue\/2015\/04\/27\/en-haut-ii\/","title":{"rendered":"En haut [II]."},"content":{"rendered":"\n<div id=\"photo\">\n<p><img decoding=\"async\" src=\"https:\/\/www.wallendorff.com\/belogue\/photo\/2015\/04\/20150427.jpg\"><br \/>\nTop of the Rock, New York, 10 mars.<\/p>\n<\/div>\n<div id=\"photo2\">\n<p><img decoding=\"async\" src=\"https:\/\/www.wallendorff.com\/belogue\/photo\/2015\/04\/20150427-02.jpg\"><\/p>\n<\/div>\n<div id=\"bandeson\">\n<p><img decoding=\"async\" src=\"https:\/\/www.wallendorff.com\/belogue\/photo\/pochettes\/o\/other_lives-rituals.jpg\" align=\"left\" \/><a style=\"font-weight:normal\" id=\"lienmp3\" href=\"http:\/\/www.youtube.com\/watch?v=XLnVGOSj_U4\"><em>Need a Line<\/em><\/a><br \/>\n<a href=\"http:\/\/www.otherlives.com\/\">Other Lives<\/a><\/p>\n<\/p><\/div>\n","protected":false},"excerpt":{"rendered":"<p>Top of the Rock, New York, 10 mars. Need a Line Other Lives<\/p>\n","protected":false},"author":1,"featured_media":27129,"comment_status":"open","ping_status":"open","sticky":false,"template":"","format":"standard","meta":{"_acf_changed":false,"ngg_post_thumbnail":0,"jetpack_post_was_ever_published":false,"_jetpack_newsletter_access":"","_jetpack_dont_email_post_to_subs":false,"_jetpack_newsletter_tier_id":0,"_jetpack_memberships_contains_paywalled_content":false,"_jetpack_memberships_contains_paid_content":false,"footnotes":"","jetpack_publicize_message":"","jetpack_publicize_feature_enabled":true,"jetpack_social_post_already_shared":true,"jetpack_social_options":{"image_generator_settings":{"template":"highway","default_image_id":0,"font":"","enabled":false},"version":2}},"categories":[3],"tags":[2571,8351,3135,3066,55,9513,10538,3063,9650,592,10940,9534,9535,9646],"class_list":["post-27128","post","type-post","status-publish","format-standard","has-post-thumbnail","hentry","category-dpc","tag-ef-16-35-mm-f28l-ii-usm","tag-eos-6d","tag-empire-state-building","tag-etat-de-new-york","tag-etats-unis","tag-ge-building","tag-gratte-ciel","tag-manhattan","tag-need-a-line","tag-new-york","tag-other-lives","tag-rockefeller-center","tag-rockefeller-plaza","tag-top-of-the-rock"],"acf":[],"geo":{"latitude":40.7590637,"longitude":-73.9794083,"description":"New York City, New York, 10112, US"},"jetpack_publicize_connections":[],"jetpack_featured_media_url":"https:\/\/www.wallendorff.com\/belogue\/wp-content\/uploads\/2015\/04\/20150427.jpg","jetpack_shortlink":"https:\/\/wp.me\/p3b35P-73y","jetpack_sharing_enabled":true,"jetpack-related-posts":[{"id":27141,"url":"https:\/\/www.wallendorff.com\/belogue\/2015\/05\/05\/en-haut-v\/","url_meta":{"origin":27128,"position":0},"title":"En haut [V].","author":"dpc","date":"5 mai 2015","format":false,"excerpt":"Top of the Rock, New York, 11 mars. (Submarine) Smallpools","rel":"","context":"Dans &quot;DPC&quot;","block_context":{"text":"DPC","link":"https:\/\/www.wallendorff.com\/belogue\/category\/dpc\/"},"img":{"alt_text":"","src":"https:\/\/i0.wp.com\/www.wallendorff.com\/belogue\/wp-content\/uploads\/2015\/05\/20150505.jpg?resize=350%2C200&ssl=1","width":350,"height":200,"srcset":"https:\/\/i0.wp.com\/www.wallendorff.com\/belogue\/wp-content\/uploads\/2015\/05\/20150505.jpg?resize=350%2C200&ssl=1 1x, https:\/\/i0.wp.com\/www.wallendorff.com\/belogue\/wp-content\/uploads\/2015\/05\/20150505.jpg?resize=525%2C300&ssl=1 1.5x"},"classes":[]},{"id":27144,"url":"https:\/\/www.wallendorff.com\/belogue\/2015\/05\/04\/en-haut-iv\/","url_meta":{"origin":27128,"position":1},"title":"En haut [IV].","author":"dpc","date":"4 mai 2015","format":false,"excerpt":"Top of the Rock, New York, 11 mars. Cette minute o\u00f9 tu te retrouves plong\u00e9 en pleine pochette d'album. Gas Panic! Oasis","rel":"","context":"Dans &quot;DPC&quot;","block_context":{"text":"DPC","link":"https:\/\/www.wallendorff.com\/belogue\/category\/dpc\/"},"img":{"alt_text":"","src":"https:\/\/i0.wp.com\/www.wallendorff.com\/belogue\/wp-content\/uploads\/2015\/05\/20150504.jpg?resize=350%2C200&ssl=1","width":350,"height":200,"srcset":"https:\/\/i0.wp.com\/www.wallendorff.com\/belogue\/wp-content\/uploads\/2015\/05\/20150504.jpg?resize=350%2C200&ssl=1 1x, https:\/\/i0.wp.com\/www.wallendorff.com\/belogue\/wp-content\/uploads\/2015\/05\/20150504.jpg?resize=525%2C300&ssl=1 1.5x, https:\/\/i0.wp.com\/www.wallendorff.com\/belogue\/wp-content\/uploads\/2015\/05\/20150504.jpg?resize=700%2C400&ssl=1 2x"},"classes":[]},{"id":27124,"url":"https:\/\/www.wallendorff.com\/belogue\/2015\/04\/24\/en-haut-i\/","url_meta":{"origin":27128,"position":2},"title":"En haut. [I]","author":"dpc","date":"24 avril 2015","format":false,"excerpt":"Top of the Rock, New York, 11 mars. Chateau Lobby #4 (in C for Two Virgins) Father John Misty","rel":"","context":"Dans &quot;DPC&quot;","block_context":{"text":"DPC","link":"https:\/\/www.wallendorff.com\/belogue\/category\/dpc\/"},"img":{"alt_text":"","src":"https:\/\/i0.wp.com\/www.wallendorff.com\/belogue\/wp-content\/uploads\/2015\/04\/20150424.jpg?resize=350%2C200&ssl=1","width":350,"height":200,"srcset":"https:\/\/i0.wp.com\/www.wallendorff.com\/belogue\/wp-content\/uploads\/2015\/04\/20150424.jpg?resize=350%2C200&ssl=1 1x, https:\/\/i0.wp.com\/www.wallendorff.com\/belogue\/wp-content\/uploads\/2015\/04\/20150424.jpg?resize=525%2C300&ssl=1 1.5x"},"classes":[]},{"id":27134,"url":"https:\/\/www.wallendorff.com\/belogue\/2015\/04\/30\/en-haut-iii\/","url_meta":{"origin":27128,"position":3},"title":"En haut [III].","author":"dpc","date":"30 avril 2015","format":false,"excerpt":"Top of the Rock, New York, 11 mars. Je ne sais pas si c'est \u00e0 cause du lieu, de leur position ou de la ville en arri\u00e8re-plan, mais quand je les ai vus, tous bien align\u00e9s, j'ai imm\u00e9diatement pens\u00e9 \u00e0 \u00e7a\u00a0: D\u00e9jeuner en haut d'un gratte-ciel, Charles Clyde Ebbets. Mais\u2026","rel":"","context":"Dans &quot;DPC&quot;","block_context":{"text":"DPC","link":"https:\/\/www.wallendorff.com\/belogue\/category\/dpc\/"},"img":{"alt_text":"","src":"https:\/\/i0.wp.com\/www.wallendorff.com\/belogue\/wp-content\/uploads\/2015\/04\/20150430.jpg?resize=350%2C200&ssl=1","width":350,"height":200,"srcset":"https:\/\/i0.wp.com\/www.wallendorff.com\/belogue\/wp-content\/uploads\/2015\/04\/20150430.jpg?resize=350%2C200&ssl=1 1x, https:\/\/i0.wp.com\/www.wallendorff.com\/belogue\/wp-content\/uploads\/2015\/04\/20150430.jpg?resize=525%2C300&ssl=1 1.5x, https:\/\/i0.wp.com\/www.wallendorff.com\/belogue\/wp-content\/uploads\/2015\/04\/20150430.jpg?resize=700%2C400&ssl=1 2x"},"classes":[]},{"id":45173,"url":"https:\/\/www.wallendorff.com\/belogue\/2020\/03\/04\/hey-new-york-9-novembre-2019\/","url_meta":{"origin":27128,"position":4},"title":"Hey New York \u2013 9 novembre 2019.","author":"dpc","date":"4 mars 2020","format":false,"excerpt":"New York, 9 novembre 2019.","rel":"","context":"Dans &quot;DPC&quot;","block_context":{"text":"DPC","link":"https:\/\/www.wallendorff.com\/belogue\/category\/dpc\/"},"img":{"alt_text":"","src":"https:\/\/i0.wp.com\/www.wallendorff.com\/belogue\/wp-content\/uploads\/2020\/03\/20200304-10.jpg?resize=350%2C200&ssl=1","width":350,"height":200,"srcset":"https:\/\/i0.wp.com\/www.wallendorff.com\/belogue\/wp-content\/uploads\/2020\/03\/20200304-10.jpg?resize=350%2C200&ssl=1 1x, https:\/\/i0.wp.com\/www.wallendorff.com\/belogue\/wp-content\/uploads\/2020\/03\/20200304-10.jpg?resize=525%2C300&ssl=1 1.5x, https:\/\/i0.wp.com\/www.wallendorff.com\/belogue\/wp-content\/uploads\/2020\/03\/20200304-10.jpg?resize=700%2C400&ssl=1 2x, https:\/\/i0.wp.com\/www.wallendorff.com\/belogue\/wp-content\/uploads\/2020\/03\/20200304-10.jpg?resize=1050%2C600&ssl=1 3x"},"classes":[]},{"id":27152,"url":"https:\/\/www.wallendorff.com\/belogue\/2015\/05\/06\/into-the-wide-44\/","url_meta":{"origin":27128,"position":5},"title":"Into the wide #44.","author":"dpc","date":"6 mai 2015","format":false,"excerpt":"En haut [VI] Top of the Rock, New York, 11 mars. Les deux derni\u00e8res de la s\u00e9rie. . J'aurais pu tout poster d'un coup, mais je voulais restituer au mieux les deux heures pass\u00e9es l\u00e0-haut, le lent changement de lumi\u00e8re, le soleil qui plonge sous l'horizon, l\u00e0-bas, derri\u00e8re le New\u2026","rel":"","context":"Dans &quot;Into the wide&quot;","block_context":{"text":"Into the wide","link":"https:\/\/www.wallendorff.com\/belogue\/category\/into-the-wide\/"},"img":{"alt_text":"","src":"https:\/\/i0.wp.com\/www.wallendorff.com\/belogue\/wp-content\/uploads\/2015\/05\/20150506.jpg?resize=350%2C200&ssl=1","width":350,"height":200,"srcset":"https:\/\/i0.wp.com\/www.wallendorff.com\/belogue\/wp-content\/uploads\/2015\/05\/20150506.jpg?resize=350%2C200&ssl=1 1x, https:\/\/i0.wp.com\/www.wallendorff.com\/belogue\/wp-content\/uploads\/2015\/05\/20150506.jpg?resize=525%2C300&ssl=1 1.5x, https:\/\/i0.wp.com\/www.wallendorff.com\/belogue\/wp-content\/uploads\/2015\/05\/20150506.jpg?resize=700%2C400&ssl=1 2x, https:\/\/i0.wp.com\/www.wallendorff.com\/belogue\/wp-content\/uploads\/2015\/05\/20150506.jpg?resize=1050%2C600&ssl=1 3x"},"classes":[]}],"_links":{"self":[{"href":"https:\/\/www.wallendorff.com\/belogue\/wp-json\/wp\/v2\/posts\/27128","targetHints":{"allow":["GET"]}}],"collection":[{"href":"https:\/\/www.wallendorff.com\/belogue\/wp-json\/wp\/v2\/posts"}],"about":[{"href":"https:\/\/www.wallendorff.com\/belogue\/wp-json\/wp\/v2\/types\/post"}],"author":[{"embeddable":true,"href":"https:\/\/www.wallendorff.com\/belogue\/wp-json\/wp\/v2\/users\/1"}],"replies":[{"embeddable":true,"href":"https:\/\/www.wallendorff.com\/belogue\/wp-json\/wp\/v2\/comments?post=27128"}],"version-history":[{"count":2,"href":"https:\/\/www.wallendorff.com\/belogue\/wp-json\/wp\/v2\/posts\/27128\/revisions"}],"predecessor-version":[{"id":27131,"href":"https:\/\/www.wallendorff.com\/belogue\/wp-json\/wp\/v2\/posts\/27128\/revisions\/27131"}],"wp:featuredmedia":[{"embeddable":true,"href":"https:\/\/www.wallendorff.com\/belogue\/wp-json\/wp\/v2\/media\/27129"}],"wp:attachment":[{"href":"https:\/\/www.wallendorff.com\/belogue\/wp-json\/wp\/v2\/media?parent=27128"}],"wp:term":[{"taxonomy":"category","embeddable":true,"href":"https:\/\/www.wallendorff.com\/belogue\/wp-json\/wp\/v2\/categories?post=27128"},{"taxonomy":"post_tag","embeddable":true,"href":"https:\/\/www.wallendorff.com\/belogue\/wp-json\/wp\/v2\/tags?post=27128"}],"curies":[{"name":"wp","href":"https:\/\/api.w.org\/{rel}","templated":true}]}}