{"id":27102,"date":"2015-04-17T14:00:38","date_gmt":"2015-04-17T12:00:38","guid":{"rendered":"http:\/\/www.wallendorff.com\/belogue\/?p=27102"},"modified":"2015-04-17T14:03:36","modified_gmt":"2015-04-17T12:03:36","slug":"cinq-drones-de-la-plage-blanche","status":"publish","type":"post","link":"https:\/\/www.wallendorff.com\/belogue\/2015\/04\/17\/cinq-drones-de-la-plage-blanche\/","title":{"rendered":"Cinq drones de la plage blanche."},"content":{"rendered":"\n<div id=\"photo\">\n<p><img decoding=\"async\" src=\"https:\/\/www.wallendorff.com\/belogue\/photo\/2015\/04\/20150417.jpg\"><br \/>\nConey Island, 8 mars.<\/p>\n<\/div>\n<p style=\"text-align:right\">Ils sont pas cinq, mais deux +<br \/>\n  Ce ne sont pas des drones, mais des gens +<br \/>\n  la neige avait d&eacute;j&agrave; fondu&nbsp;=<\/p>\n<p style=\"text-align:right\">Titre le moins pertinent de l&rsquo;ann&eacute;e.<\/p>\n<div id=\"bandeson\">\n<p><img decoding=\"async\" src=\"https:\/\/www.wallendorff.com\/belogue\/photo\/pochettes\/i\/insurgent-ost.jpg\" align=\"left\" \/><a style=\"font-weight:normal\" id=\"lienmp3\" href=\"http:\/\/www.youtube.com\/watch?v=l4N_W85YgSQ\"><em>Never Let You Down<\/em> (feat. Lykke Li)<\/a><br \/>\n<a href=\"http:\/\/www.woodkid.com\/\">Woodkid<\/a><\/p>\n<\/p><\/div>\n","protected":false},"excerpt":{"rendered":"<p>Coney Island, 8 mars. Ils sont pas cinq, mais deux + Ce ne sont pas des drones, mais des gens + la neige avait d&eacute;j&agrave; fondu&nbsp;= Titre le moins pertinent de l&rsquo;ann&eacute;e. Never Let You Down (feat. Lykke Li) Woodkid<\/p>\n","protected":false},"author":1,"featured_media":27104,"comment_status":"open","ping_status":"open","sticky":false,"template":"","format":"standard","meta":{"_acf_changed":false,"ngg_post_thumbnail":0,"jetpack_post_was_ever_published":false,"_jetpack_newsletter_access":"","_jetpack_dont_email_post_to_subs":false,"_jetpack_newsletter_tier_id":0,"_jetpack_memberships_contains_paywalled_content":false,"_jetpack_memberships_contains_paid_content":false,"footnotes":"","jetpack_publicize_message":"","jetpack_publicize_feature_enabled":true,"jetpack_social_post_already_shared":true,"jetpack_social_options":{"image_generator_settings":{"template":"highway","default_image_id":0,"font":"","enabled":false},"version":2}},"categories":[3],"tags":[3157,8751,8351,6381,10359,3066,55,9640,9641,592,143,10714,11554],"class_list":["post-27102","post","type-post","status-publish","format-standard","has-post-thumbnail","hentry","category-dpc","tag-brooklyn","tag-ef-70-300mm-f4-5-6-is-usm","tag-eos-6d","tag-coney-island","tag-couple","tag-etat-de-new-york","tag-etats-unis","tag-lykke-li","tag-never-let-you-down","tag-new-york","tag-noir-et-blanc","tag-plage","tag-woodkid"],"acf":[],"geo":{"latitude":40.5713501,"longitude":-73.983696,"description":"Brooklyn, New York, 11224, US"},"jetpack_publicize_connections":[],"jetpack_featured_media_url":"https:\/\/www.wallendorff.com\/belogue\/wp-content\/uploads\/2015\/04\/20150417.jpg","jetpack_shortlink":"https:\/\/wp.me\/p3b35P-738","jetpack_sharing_enabled":true,"jetpack-related-posts":[{"id":26914,"url":"https:\/\/www.wallendorff.com\/belogue\/2015\/03\/31\/mars-2015\/","url_meta":{"origin":27102,"position":0},"title":"Mars 2015.","author":"dpc","date":"31 mars 2015","format":false,"excerpt":"Une autoroute, une ruelle, un di\u0161que, un concert tr\u00e8s, tr\u00e8s fort, une s\u00e9ance de cin\u00e9 mouill\u00e9e, un avion, un retour, une plage sous la neige, une chambre d'h\u00f4tel, des poils par milliers, une baignoire, un coucher de soleil vu de haut, des bi\u00e8res et des bi\u00e8res et des bi\u00e8res et\u2026","rel":"","context":"Dans &quot;Blog-note&quot;","block_context":{"text":"Blog-note","link":"https:\/\/www.wallendorff.com\/belogue\/category\/blog-note\/"},"img":{"alt_text":"","src":"https:\/\/i0.wp.com\/www.wallendorff.com\/belogue\/wp-content\/uploads\/2015\/04\/20150415-10.jpg?resize=350%2C200&ssl=1","width":350,"height":200,"srcset":"https:\/\/i0.wp.com\/www.wallendorff.com\/belogue\/wp-content\/uploads\/2015\/04\/20150415-10.jpg?resize=350%2C200&ssl=1 1x, https:\/\/i0.wp.com\/www.wallendorff.com\/belogue\/wp-content\/uploads\/2015\/04\/20150415-10.jpg?resize=525%2C300&ssl=1 1.5x, https:\/\/i0.wp.com\/www.wallendorff.com\/belogue\/wp-content\/uploads\/2015\/04\/20150415-10.jpg?resize=700%2C400&ssl=1 2x"},"classes":[]},{"id":23265,"url":"https:\/\/www.wallendorff.com\/belogue\/2014\/08\/06\/paleo-festival-nyon-27-juillet\/","url_meta":{"origin":27102,"position":1},"title":"Pal\u00e9o Festival, Nyon, 27 juillet.","author":"dpc","date":"6 ao\u00fbt 2014","format":false,"excerpt":"Le dimanche est toujours un jour \u00e0 part. On vient plus t\u00f4t, l'ambiance est (encore) plus d\u00e9tendue et on tra\u00eene plus volontiers entre les concerts. Tinariwen a quelque chose de magique. Curieusement, D\u00e9troit se contente des Arches pendant que The National squatte la grande sc\u00e8ne. Quoi qu'il en soit, D\u00e9troit\u2026","rel":"","context":"Dans &quot;Alive&quot;","block_context":{"text":"Alive","link":"https:\/\/www.wallendorff.com\/belogue\/category\/alive\/"},"img":{"alt_text":"","src":"https:\/\/i0.wp.com\/www.wallendorff.com\/belogue\/wp-content\/uploads\/2015\/04\/201408061.jpg?resize=350%2C200&ssl=1","width":350,"height":200,"srcset":"https:\/\/i0.wp.com\/www.wallendorff.com\/belogue\/wp-content\/uploads\/2015\/04\/201408061.jpg?resize=350%2C200&ssl=1 1x, https:\/\/i0.wp.com\/www.wallendorff.com\/belogue\/wp-content\/uploads\/2015\/04\/201408061.jpg?resize=525%2C300&ssl=1 1.5x, https:\/\/i0.wp.com\/www.wallendorff.com\/belogue\/wp-content\/uploads\/2015\/04\/201408061.jpg?resize=700%2C400&ssl=1 2x"},"classes":[]},{"id":18706,"url":"https:\/\/www.wallendorff.com\/belogue\/2012\/08\/20\/interlude-12\/","url_meta":{"origin":27102,"position":2},"title":"Interlude.","author":"dpc","date":"20 ao\u00fbt 2012","format":false,"excerpt":"Villa Strassburger, Dauilleville, 9 juin. Good Old War \u2013 Coney Island","rel":"","context":"Dans &quot;DPC&quot;","block_context":{"text":"DPC","link":"https:\/\/www.wallendorff.com\/belogue\/category\/dpc\/"},"img":{"alt_text":"","src":"https:\/\/i0.wp.com\/www.wallendorff.com\/belogue\/wp-content\/uploads\/2015\/04\/201208201.jpg?resize=350%2C200&ssl=1","width":350,"height":200},"classes":[]},{"id":8055,"url":"https:\/\/www.wallendorff.com\/belogue\/2010\/08\/16\/la-canaux\/","url_meta":{"origin":27102,"position":3},"title":"L\u00e0, canaux.","author":"dpc","date":"16 ao\u00fbt 2010","format":false,"excerpt":"Kloveniersburgwal, Amsterdam, 18 juillet. J'aime pas ces matins o\u00f9 tu poireautes pendant une heure devant tes 32\u00a0Go d'Ipod sans rien trouver \u00e0 te mettre. \u00a0Ferraby Lionheart \u2013 Man on the Moon (R.E.M. cover)","rel":"","context":"Dans &quot;DPC&quot;","block_context":{"text":"DPC","link":"https:\/\/www.wallendorff.com\/belogue\/category\/dpc\/"},"img":{"alt_text":"","src":"https:\/\/i0.wp.com\/www.wallendorff.com\/belogue\/wp-content\/uploads\/2015\/04\/201008161.jpg?resize=350%2C200&ssl=1","width":350,"height":200},"classes":[]},{"id":133932,"url":"https:\/\/www.wallendorff.com\/belogue\/2025\/10\/10\/brasil-brasil-iii-copaca-by-night\/","url_meta":{"origin":27102,"position":4},"title":"[Brasil Brasil III] Copaca by night.","author":"dpc","date":"10 octobre 2025","format":false,"excerpt":"Rio de Janeiro, 22 et 25 mai 2025. [On fera comme si on n'avait pas vu que ce sont pas du tout des photos de nuit.]","rel":"","context":"Dans &quot;DPC&quot;","block_context":{"text":"DPC","link":"https:\/\/www.wallendorff.com\/belogue\/category\/dpc\/"},"img":{"alt_text":"","src":"https:\/\/i0.wp.com\/www.wallendorff.com\/belogue\/wp-content\/uploads\/2025\/10\/20251010-19.jpg?resize=350%2C200&ssl=1","width":350,"height":200,"srcset":"https:\/\/i0.wp.com\/www.wallendorff.com\/belogue\/wp-content\/uploads\/2025\/10\/20251010-19.jpg?resize=350%2C200&ssl=1 1x, https:\/\/i0.wp.com\/www.wallendorff.com\/belogue\/wp-content\/uploads\/2025\/10\/20251010-19.jpg?resize=525%2C300&ssl=1 1.5x, https:\/\/i0.wp.com\/www.wallendorff.com\/belogue\/wp-content\/uploads\/2025\/10\/20251010-19.jpg?resize=700%2C400&ssl=1 2x, https:\/\/i0.wp.com\/www.wallendorff.com\/belogue\/wp-content\/uploads\/2025\/10\/20251010-19.jpg?resize=1050%2C600&ssl=1 3x"},"classes":[]},{"id":42010,"url":"https:\/\/www.wallendorff.com\/belogue\/2019\/06\/07\/cinq-glacons-dans-le-vent\/","url_meta":{"origin":27102,"position":5},"title":"Cinq gla\u00e7ons dans le vent.","author":"dpc","date":"7 juin 2019","format":false,"excerpt":"Skjelholmen, 5 mars 2019. Et l\u00e0 je vois les deux lecteurs qui me restent s'offusquer et me dire \u00ab\u00a0mais enfin gros, faudrait voir \u00e0 point nous prendre pour des joncquilles, les gar\u00e7ons dans le vent \u00e9taient quatre et pas cinq\u00a0!\u00a0\u00bb, et je leur r\u00e9ponds \u00ab\u00a0Bien vu, Gilles et Marthe1, qu'ils\u2026","rel":"","context":"Dans &quot;DPC&quot;","block_context":{"text":"DPC","link":"https:\/\/www.wallendorff.com\/belogue\/category\/dpc\/"},"img":{"alt_text":"Skjelholmen, 5 mars 2019.","src":"https:\/\/i0.wp.com\/www.wallendorff.com\/belogue\/wp-content\/uploads\/2019\/06\/20190607.jpg?resize=350%2C200&ssl=1","width":350,"height":200,"srcset":"https:\/\/i0.wp.com\/www.wallendorff.com\/belogue\/wp-content\/uploads\/2019\/06\/20190607.jpg?resize=350%2C200&ssl=1 1x, https:\/\/i0.wp.com\/www.wallendorff.com\/belogue\/wp-content\/uploads\/2019\/06\/20190607.jpg?resize=525%2C300&ssl=1 1.5x, https:\/\/i0.wp.com\/www.wallendorff.com\/belogue\/wp-content\/uploads\/2019\/06\/20190607.jpg?resize=700%2C400&ssl=1 2x"},"classes":[]}],"_links":{"self":[{"href":"https:\/\/www.wallendorff.com\/belogue\/wp-json\/wp\/v2\/posts\/27102","targetHints":{"allow":["GET"]}}],"collection":[{"href":"https:\/\/www.wallendorff.com\/belogue\/wp-json\/wp\/v2\/posts"}],"about":[{"href":"https:\/\/www.wallendorff.com\/belogue\/wp-json\/wp\/v2\/types\/post"}],"author":[{"embeddable":true,"href":"https:\/\/www.wallendorff.com\/belogue\/wp-json\/wp\/v2\/users\/1"}],"replies":[{"embeddable":true,"href":"https:\/\/www.wallendorff.com\/belogue\/wp-json\/wp\/v2\/comments?post=27102"}],"version-history":[{"count":3,"href":"https:\/\/www.wallendorff.com\/belogue\/wp-json\/wp\/v2\/posts\/27102\/revisions"}],"predecessor-version":[{"id":27106,"href":"https:\/\/www.wallendorff.com\/belogue\/wp-json\/wp\/v2\/posts\/27102\/revisions\/27106"}],"wp:featuredmedia":[{"embeddable":true,"href":"https:\/\/www.wallendorff.com\/belogue\/wp-json\/wp\/v2\/media\/27104"}],"wp:attachment":[{"href":"https:\/\/www.wallendorff.com\/belogue\/wp-json\/wp\/v2\/media?parent=27102"}],"wp:term":[{"taxonomy":"category","embeddable":true,"href":"https:\/\/www.wallendorff.com\/belogue\/wp-json\/wp\/v2\/categories?post=27102"},{"taxonomy":"post_tag","embeddable":true,"href":"https:\/\/www.wallendorff.com\/belogue\/wp-json\/wp\/v2\/tags?post=27102"}],"curies":[{"name":"wp","href":"https:\/\/api.w.org\/{rel}","templated":true}]}}