{"id":267,"date":"2005-11-18T23:58:55","date_gmt":"2005-11-18T23:58:55","guid":{"rendered":"http:\/\/www.po-l.com\/wordpress\/?p=267"},"modified":"2012-08-20T11:58:24","modified_gmt":"2012-08-20T09:58:24","slug":"sons-and-daughters-la-boule-noire-paris","status":"publish","type":"post","link":"https:\/\/www.wallendorff.com\/belogue\/2005\/11\/18\/sons-and-daughters-la-boule-noire-paris\/","title":{"rendered":"Sons and Daughters @ La Boule Noire, Paris."},"content":{"rendered":"<div id=\"photo\">\n<p><img decoding=\"async\" src=\"http:\/\/www.po-L.com\/belogue\/photo\/2005\/11\/20051118.jpg\"><\/p>\n<\/div>\n<p style=\"text-align:right\">Pas le temps de mettre un texte il va &ecirc;tre minuit argh. <\/p>\n<p>\/Edit: &Eacute;diter apr&egrave;s minuit, &ccedil;a, on peut. Pour dire que c&rsquo;est un groupe qui p&egrave;te la forme, avec une chanteuse intenable qui s&rsquo;excite sur des rythmiques saccad&eacute;es irr&eacute;sistibles dans un m&eacute;lange de rock et de folk assez barr&eacute;. Je vous conseille l&rsquo;album, bien s&ucirc;r. <\/p>\n<p style=\"text-align:right\">Allez, maintenant, couch&eacute;. <\/p>\n<div id=\"bandeson\">\n<p><img decoding=\"async\" src=\"https:\/\/www.wallendorff.com\/belogue\/photo\/pochettes\/s\/sons_and_daughters-the_repulsion_box.jpg\" align=\"left\" \/>&nbsp;<a href=\"http:\/\/www.sonsanddaughtersloveyou.com\/\">Sons &amp; Daughters<\/a> &mdash; <em>Hunt<\/em>        <\/p>\n<\/p><\/div>\n","protected":false},"excerpt":{"rendered":"<p>Pas le temps de mettre un texte il va &ecirc;tre minuit argh. \/Edit: &Eacute;diter apr&egrave;s minuit, &ccedil;a, on peut. Pour dire que c&rsquo;est un groupe qui p&egrave;te la forme, avec une chanteuse intenable qui s&rsquo;excite sur des rythmiques saccad&eacute;es irr&eacute;sistibles dans un m&eacute;lange de rock et de folk assez barr&eacute;. Je vous conseille l&rsquo;album, bien&hellip;<\/p>\n","protected":false},"author":1,"featured_media":24207,"comment_status":"open","ping_status":"open","sticky":false,"template":"","format":"standard","meta":{"_acf_changed":false,"ngg_post_thumbnail":0,"jetpack_post_was_ever_published":false,"_jetpack_newsletter_access":"","_jetpack_dont_email_post_to_subs":false,"_jetpack_newsletter_tier_id":0,"_jetpack_memberships_contains_paywalled_content":false,"_jetpack_memberships_contains_paid_content":false,"footnotes":"","jetpack_publicize_message":"","jetpack_publicize_feature_enabled":true,"jetpack_social_post_already_shared":false,"jetpack_social_options":{"image_generator_settings":{"template":"highway","default_image_id":0,"font":"","enabled":false},"version":2}},"categories":[7],"tags":[10224,10143,10084,4516,142,132,10120,10121,10273,10098,770,1226],"class_list":["post-267","post","type-post","status-publish","format-standard","has-post-thumbnail","hentry","category-alive","tag-10224","tag-10143","tag-alive","tag-boulevard-rochechouart","tag-ef-s-10-22-mm-f35-45-usm","tag-eos-20d","tag-france","tag-ile-de-france","tag-la-boule-noire","tag-paris","tag-rouge","tag-sons-daughters"],"acf":[],"geo":{"latitude":48.8823128,"longitude":2.3403132,"description":null},"jetpack_publicize_connections":[],"jetpack_featured_media_url":"https:\/\/www.wallendorff.com\/belogue\/wp-content\/uploads\/2015\/04\/200511181.jpg","jetpack_shortlink":"https:\/\/wp.me\/p3b35P-4j","jetpack_sharing_enabled":true,"jetpack-related-posts":[{"id":250,"url":"https:\/\/www.wallendorff.com\/belogue\/2005\/12\/04\/previously-unreleased-24\/","url_meta":{"origin":267,"position":0},"title":"Previously Unreleased #24&sup1;.","author":"dpc","date":"4 d\u00e9cembre 2005","format":false,"excerpt":"Sons and Daughters, La Boule Noire, Paris, 18 novembre. \u00a0Brisa Roch\u00e9 \u2014 Helmet Ray _____ 1 Tradition pas \u00e0 moi qui vient de l\u00e0.","rel":"","context":"Dans &quot;Previously unreleased&quot;","block_context":{"text":"Previously unreleased","link":"https:\/\/www.wallendorff.com\/belogue\/category\/previously-unreleased\/"},"img":{"alt_text":"","src":"https:\/\/i0.wp.com\/www.wallendorff.com\/belogue\/wp-content\/uploads\/2015\/04\/20051204-11.jpg?resize=350%2C200&ssl=1","width":350,"height":200},"classes":[]},{"id":20292,"url":"https:\/\/www.wallendorff.com\/belogue\/2006\/10\/17\/the-magic-numbers-la-boule-noire-paris\/","url_meta":{"origin":267,"position":1},"title":"The Magic Numbers @ la Boule Noire, Paris.","author":"dpc","date":"17 octobre 2006","format":false,"excerpt":"\u00c0 les voir, on ne croirait pas \u00e7a des Magic Numbers. \u00c0 l'instar de Grandaddy et \u2015\u00a0surtout\u00a0\u2015 de leur leader Jason Lytle, le quartet londonien cache sous des allures pataudes une grande finesse m\u00e9lodique, une sensibilit\u00e9 exprim\u00e9e juste comme il faut et une capacit\u00e9 \u00e9patante \u00e0 trouver les sons justes\u2026","rel":"","context":"Dans &quot;Alive&quot;","block_context":{"text":"Alive","link":"https:\/\/www.wallendorff.com\/belogue\/category\/alive\/"},"img":{"alt_text":"","src":"","width":0,"height":0},"classes":[]},{"id":927,"url":"https:\/\/www.wallendorff.com\/belogue\/2007\/04\/04\/malibu-stacy-la-boule-noire-paris\/","url_meta":{"origin":267,"position":2},"title":"Malibu Stacy @ la Boule Noire, Paris.","author":"dpc","date":"4 avril 2007","format":false,"excerpt":"C'est pas une Boule Noire \u00e0 moiti\u00e9 vide qui d\u00e9motivera les Belges. Au contraire, David de Froidmont profite des espaces laiss\u00e9s ici et l\u00e0 pour chanter depuis le public d\u00e8s We Are The Boys, qui ouvre le set. Poursuivi par un roadie qui tient son fil de micro, le chanteur\u2026","rel":"","context":"Dans &quot;Alive&quot;","block_context":{"text":"Alive","link":"https:\/\/www.wallendorff.com\/belogue\/category\/alive\/"},"img":{"alt_text":"","src":"https:\/\/i0.wp.com\/www.wallendorff.com\/belogue\/wp-content\/uploads\/2015\/04\/200704041.jpg?resize=350%2C200&ssl=1","width":350,"height":200,"srcset":"https:\/\/i0.wp.com\/www.wallendorff.com\/belogue\/wp-content\/uploads\/2015\/04\/200704041.jpg?resize=350%2C200&ssl=1 1x, https:\/\/i0.wp.com\/www.wallendorff.com\/belogue\/wp-content\/uploads\/2015\/04\/200704041.jpg?resize=525%2C300&ssl=1 1.5x, https:\/\/i0.wp.com\/www.wallendorff.com\/belogue\/wp-content\/uploads\/2015\/04\/200704041.jpg?resize=700%2C400&ssl=1 2x"},"classes":[]},{"id":9435,"url":"https:\/\/www.wallendorff.com\/belogue\/2010\/09\/22\/sad-day-for-puppets-the-yolks-la-boule-noire-paris\/","url_meta":{"origin":267,"position":3},"title":"Sad Day for Puppets + The Yolks @ la Boule Noire, Paris.","author":"dpc","date":"22 septembre 2010","format":false,"excerpt":"Rarement vu passage \u00e0 l'acte plus d\u00e9cevant. Venu en esp\u00e9rant d\u00e9couvrir Sad Day for Puppets d\u00e9gag\u00e9 des nu\u00e9es d'\u00e9ther qui baignent leurs deux albums (Cf. bande-son), plus brut, plus direct, je suis tomb\u00e9 sur un groupe tout mou, pas aid\u00e9 du tout par un son d\u00e9plorable, tentant de sauver les\u2026","rel":"","context":"Dans &quot;Alive&quot;","block_context":{"text":"Alive","link":"https:\/\/www.wallendorff.com\/belogue\/category\/alive\/"},"img":{"alt_text":"","src":"https:\/\/i0.wp.com\/www.wallendorff.com\/belogue\/wp-content\/uploads\/2015\/04\/201009221.jpg?resize=350%2C200&ssl=1","width":350,"height":200,"srcset":"https:\/\/i0.wp.com\/www.wallendorff.com\/belogue\/wp-content\/uploads\/2015\/04\/201009221.jpg?resize=350%2C200&ssl=1 1x, https:\/\/i0.wp.com\/www.wallendorff.com\/belogue\/wp-content\/uploads\/2015\/04\/201009221.jpg?resize=525%2C300&ssl=1 1.5x, https:\/\/i0.wp.com\/www.wallendorff.com\/belogue\/wp-content\/uploads\/2015\/04\/201009221.jpg?resize=700%2C400&ssl=1 2x"},"classes":[]},{"id":855,"url":"https:\/\/www.wallendorff.com\/belogue\/2006\/12\/20\/elista-la-boule-noire-paris\/","url_meta":{"origin":267,"position":4},"title":"Elista @ la Boule Noire, Paris.","author":"dpc","date":"20 d\u00e9cembre 2006","format":false,"excerpt":"Finir dans les journaux r\u00e9veill\u00e9, La folie douce tendu, Mon ivresse (\u00c0 l'autoroute A3) survolt\u00e9... Si le c\u00f4t\u00e9 rock aiguis\u00e9 du deuxi\u00e8me album s\u00e9duisait sur disque, il arrache tout en live. Elista s'\u00e9nerve, enrage et \u00e9lectrise m\u00eame ses anciennes compos (La vie \u00e0 deux, D\u00e9\u00e7us du paradis). On passa par\u2026","rel":"","context":"Dans &quot;Alive&quot;","block_context":{"text":"Alive","link":"https:\/\/www.wallendorff.com\/belogue\/category\/alive\/"},"img":{"alt_text":"","src":"https:\/\/i0.wp.com\/www.wallendorff.com\/belogue\/wp-content\/uploads\/2015\/04\/200612201.jpg?resize=350%2C200&ssl=1","width":350,"height":200},"classes":[]},{"id":957,"url":"https:\/\/www.wallendorff.com\/belogue\/2007\/05\/22\/killerpilze-la-boule-noire-paris\/","url_meta":{"origin":267,"position":5},"title":"[197] &#8211; KillerPilze @ la Boule Noire, Paris.","author":"dpc","date":"22 mai 2007","format":false,"excerpt":"La salle est compl\u00e8te et \u00e0 moiti\u00e9 vide, ils se sont tous mass\u00e9s au pied de la sc\u00e8ne, agglom\u00e9r\u00e9 comme du caf\u00e9 sous vide. Certains ont attendus tout l'apr\u00e8s-midi, ce qui n'est rien parce que \u00ab\u00a0pour Tokio Hotel, on avait camp\u00e9 devant le Z\u00e9nith pendant 3 jours\u00a0\u00bb. D\u00e9barque le groupe.\u2026","rel":"","context":"Dans &quot;Alive&quot;","block_context":{"text":"Alive","link":"https:\/\/www.wallendorff.com\/belogue\/category\/alive\/"},"img":{"alt_text":"","src":"https:\/\/i0.wp.com\/www.wallendorff.com\/belogue\/wp-content\/uploads\/2015\/04\/200705221.jpg?resize=350%2C200&ssl=1","width":350,"height":200,"srcset":"https:\/\/i0.wp.com\/www.wallendorff.com\/belogue\/wp-content\/uploads\/2015\/04\/200705221.jpg?resize=350%2C200&ssl=1 1x, https:\/\/i0.wp.com\/www.wallendorff.com\/belogue\/wp-content\/uploads\/2015\/04\/200705221.jpg?resize=525%2C300&ssl=1 1.5x, https:\/\/i0.wp.com\/www.wallendorff.com\/belogue\/wp-content\/uploads\/2015\/04\/200705221.jpg?resize=700%2C400&ssl=1 2x"},"classes":[]}],"_links":{"self":[{"href":"https:\/\/www.wallendorff.com\/belogue\/wp-json\/wp\/v2\/posts\/267","targetHints":{"allow":["GET"]}}],"collection":[{"href":"https:\/\/www.wallendorff.com\/belogue\/wp-json\/wp\/v2\/posts"}],"about":[{"href":"https:\/\/www.wallendorff.com\/belogue\/wp-json\/wp\/v2\/types\/post"}],"author":[{"embeddable":true,"href":"https:\/\/www.wallendorff.com\/belogue\/wp-json\/wp\/v2\/users\/1"}],"replies":[{"embeddable":true,"href":"https:\/\/www.wallendorff.com\/belogue\/wp-json\/wp\/v2\/comments?post=267"}],"version-history":[{"count":3,"href":"https:\/\/www.wallendorff.com\/belogue\/wp-json\/wp\/v2\/posts\/267\/revisions"}],"predecessor-version":[{"id":18693,"href":"https:\/\/www.wallendorff.com\/belogue\/wp-json\/wp\/v2\/posts\/267\/revisions\/18693"}],"wp:featuredmedia":[{"embeddable":true,"href":"https:\/\/www.wallendorff.com\/belogue\/wp-json\/wp\/v2\/media\/24207"}],"wp:attachment":[{"href":"https:\/\/www.wallendorff.com\/belogue\/wp-json\/wp\/v2\/media?parent=267"}],"wp:term":[{"taxonomy":"category","embeddable":true,"href":"https:\/\/www.wallendorff.com\/belogue\/wp-json\/wp\/v2\/categories?post=267"},{"taxonomy":"post_tag","embeddable":true,"href":"https:\/\/www.wallendorff.com\/belogue\/wp-json\/wp\/v2\/tags?post=267"}],"curies":[{"name":"wp","href":"https:\/\/api.w.org\/{rel}","templated":true}]}}