{"id":266,"date":"2005-11-20T01:03:46","date_gmt":"2005-11-20T01:03:46","guid":{"rendered":"http:\/\/www.po-l.com\/wordpress\/?p=266"},"modified":"2012-08-20T12:07:40","modified_gmt":"2012-08-20T10:07:40","slug":"un-ter-l-ude","status":"publish","type":"post","link":"https:\/\/www.wallendorff.com\/belogue\/2005\/11\/20\/un-ter-l-ude\/","title":{"rendered":"Un, ter, l&rsquo;ude."},"content":{"rendered":"\n<div id=\"photo\">\n<p><img decoding=\"async\" src=\"http:\/\/www.po-L.com\/belogue\/photo\/2005\/11\/20051120.jpg\" \/><br \/>\n          Impasse Ribet , Paris, 9 novembre.<\/p>\n<\/p><\/div>\n<table align=\"center\" style=\"border:none\" width=\"500\">\n<tbody style=\"border:none\">\n<tr style=\"border:none\">\n<td style=\"border:none\">&quot;<em>When&#8230;<\/em><\/td>\n<td style=\"border:none\">&nbsp;<\/td>\n<td style=\"border:none\">&nbsp;<\/td>\n<td style=\"border:none\">&nbsp;<\/td>\n<\/tr>\n<tr style=\"border:none\">\n<td style=\"border:none\">&nbsp;<\/td>\n<td style=\"border:none\"><em>You are asleep&#8230;<\/em><\/td>\n<td style=\"border:none\">&nbsp;<\/td>\n<td style=\"border:none\">&nbsp;<\/td>\n<\/tr>\n<tr style=\"border:none\">\n<td style=\"border:none\">&nbsp;<\/td>\n<td style=\"border:none\">&nbsp;<\/td>\n<td style=\"border:none\"><em>And so defenseless&#8230;<\/em><\/td>\n<td style=\"border:none\">&nbsp;<\/td>\n<\/tr>\n<tr style=\"border:none\">\n<td style=\"border:none\">&nbsp;<\/td>\n<td style=\"border:none\">&nbsp;<\/td>\n<td style=\"border:none\">&nbsp;<\/td>\n<td style=\"border:none\">\n<p align=\"right\"><em>I, love, you.<\/em>&quot;<\/p>\n<\/td>\n<\/tr>\n<\/tbody>\n<\/table>\n<div id=\"bandeson\">\n<p><img decoding=\"async\" src=\"https:\/\/www.wallendorff.com\/belogue\/photo\/pochettes\/e\/elysian_fields-bum_raps_and_love_taps.jpg\" align=\"left\" \/>&nbsp;<a href=\"http:\/\/www.elysianmusic.com\/\">Elysian Fields<\/a> &ndash; <em>When<\/em><\/p>\n<\/div>\n","protected":false},"excerpt":{"rendered":"<p>Impasse Ribet , Paris, 9 novembre. &quot;When&#8230; &nbsp; &nbsp; &nbsp; &nbsp; You are asleep&#8230; &nbsp; &nbsp; &nbsp; &nbsp; And so defenseless&#8230; &nbsp; &nbsp; &nbsp; &nbsp; I, love, you.&quot; &nbsp;Elysian Fields &ndash; When<\/p>\n","protected":false},"author":1,"featured_media":24206,"comment_status":"open","ping_status":"open","sticky":false,"template":"","format":"standard","meta":{"_acf_changed":false,"ngg_post_thumbnail":0,"jetpack_post_was_ever_published":false,"_jetpack_newsletter_access":"","_jetpack_dont_email_post_to_subs":false,"_jetpack_newsletter_tier_id":0,"_jetpack_memberships_contains_paywalled_content":false,"_jetpack_memberships_contains_paid_content":false,"footnotes":"","jetpack_publicize_message":"","jetpack_publicize_feature_enabled":true,"jetpack_social_post_already_shared":false,"jetpack_social_options":{"image_generator_settings":{"template":"highway","default_image_id":0,"font":"","enabled":false},"version":2}},"categories":[3],"tags":[10243,132,1449,10120,10121,1324,10147,793,10098,10158,173,1325],"class_list":["post-266","post","type-post","status-publish","format-standard","has-post-thumbnail","hentry","category-dpc","tag-10243","tag-eos-20d","tag-elysian-fields","tag-france","tag-ile-de-france","tag-impasse-ribet","tag-nuit","tag-orange","tag-paris","tag-ruelle","tag-sigma-28-70-mm-f28-dg-ex","tag-when"],"acf":[],"geo":{"latitude":48.8463745,"longitude":2.2996187,"description":null},"jetpack_publicize_connections":[],"jetpack_featured_media_url":"https:\/\/www.wallendorff.com\/belogue\/wp-content\/uploads\/2015\/04\/200511201.jpg","jetpack_shortlink":"https:\/\/wp.me\/p3b35P-4i","jetpack_sharing_enabled":true,"jetpack-related-posts":[{"id":23881,"url":"https:\/\/www.wallendorff.com\/belogue\/2015\/03\/02\/ados-au-mur\/","url_meta":{"origin":266,"position":0},"title":"Ados au mur.","author":"dpc","date":"2 mars 2015","format":false,"excerpt":"Impasse Saint-Denis, Paris, 2 janvier. Silver Gold Mourn","rel":"","context":"Dans &quot;DPC&quot;","block_context":{"text":"DPC","link":"https:\/\/www.wallendorff.com\/belogue\/category\/dpc\/"},"img":{"alt_text":"","src":"https:\/\/i0.wp.com\/www.wallendorff.com\/belogue\/wp-content\/uploads\/2015\/04\/201503021.jpg?resize=350%2C200&ssl=1","width":350,"height":200,"srcset":"https:\/\/i0.wp.com\/www.wallendorff.com\/belogue\/wp-content\/uploads\/2015\/04\/201503021.jpg?resize=350%2C200&ssl=1 1x, https:\/\/i0.wp.com\/www.wallendorff.com\/belogue\/wp-content\/uploads\/2015\/04\/201503021.jpg?resize=525%2C300&ssl=1 1.5x"},"classes":[]},{"id":819,"url":"https:\/\/www.wallendorff.com\/belogue\/2006\/10\/31\/juste-deux-passages-1-2\/","url_meta":{"origin":266,"position":1},"title":"Juste deux passages [1\/2].","author":"dpc","date":"31 octobre 2006","format":false,"excerpt":"Impasse Saint Denis, Paris, 30 octobre. \u00a0M. Ward \u2013 To Go Home","rel":"","context":"Dans &quot;DPC&quot;","block_context":{"text":"DPC","link":"https:\/\/www.wallendorff.com\/belogue\/category\/dpc\/"},"img":{"alt_text":"","src":"https:\/\/i0.wp.com\/www.wallendorff.com\/belogue\/wp-content\/uploads\/2015\/04\/200610311.jpg?resize=350%2C200&ssl=1","width":350,"height":200},"classes":[]},{"id":971,"url":"https:\/\/www.wallendorff.com\/belogue\/2007\/06\/07\/alliages-actent-a-est\/","url_meta":{"origin":266,"position":2},"title":"Alliages actent \u00e0 Est.","author":"dpc","date":"7 juin 2007","format":false,"excerpt":"Impasse Saint-Denis, Paris, 28 avril. Je sais, faut que j'arr\u00eate avec mes ruelles. \u00a0Jimmy Page \/ Robert Plant \u2013 Friends (live)","rel":"","context":"Dans &quot;DPC&quot;","block_context":{"text":"DPC","link":"https:\/\/www.wallendorff.com\/belogue\/category\/dpc\/"},"img":{"alt_text":"","src":"https:\/\/i0.wp.com\/www.wallendorff.com\/belogue\/wp-content\/uploads\/2015\/04\/200706071.jpg?resize=350%2C200&ssl=1","width":350,"height":200,"srcset":"https:\/\/i0.wp.com\/www.wallendorff.com\/belogue\/wp-content\/uploads\/2015\/04\/200706071.jpg?resize=350%2C200&ssl=1 1x, https:\/\/i0.wp.com\/www.wallendorff.com\/belogue\/wp-content\/uploads\/2015\/04\/200706071.jpg?resize=525%2C300&ssl=1 1.5x"},"classes":[]},{"id":869,"url":"https:\/\/www.wallendorff.com\/belogue\/2007\/01\/07\/ruelle-422\/","url_meta":{"origin":266,"position":3},"title":"Ruelle #422.","author":"dpc","date":"7 janvier 2007","format":false,"excerpt":"Impasse Lisa, Paris, 5 janvier. Au moins \u00e7a, quoi. \u00a0Counting Crows \u2013 Raining in Baltimore","rel":"","context":"Dans &quot;DPC&quot;","block_context":{"text":"DPC","link":"https:\/\/www.wallendorff.com\/belogue\/category\/dpc\/"},"img":{"alt_text":"","src":"https:\/\/i0.wp.com\/www.wallendorff.com\/belogue\/wp-content\/uploads\/2015\/04\/200701071.jpg?resize=350%2C200&ssl=1","width":350,"height":200},"classes":[]},{"id":13381,"url":"https:\/\/www.wallendorff.com\/belogue\/2011\/10\/13\/vers-linfamie-et-odieux-la\/","url_meta":{"origin":266,"position":4},"title":"Vers l&rsquo;infamie [et odieux l\u00e0].","author":"dpc","date":"13 octobre 2011","format":false,"excerpt":"Impasse de Casteggio, Paris, 13 ao\u00fbt. The Vaccines \u2013 All in White[youtube]http:\/\/www.youtube.com\/watch?v=wbacaG7Zxiw[\/youtube]","rel":"","context":"Dans &quot;DPC&quot;","block_context":{"text":"DPC","link":"https:\/\/www.wallendorff.com\/belogue\/category\/dpc\/"},"img":{"alt_text":"","src":"https:\/\/i0.wp.com\/www.wallendorff.com\/belogue\/wp-content\/uploads\/2015\/04\/201110131.jpg?resize=350%2C200&ssl=1","width":350,"height":200},"classes":[]},{"id":13082,"url":"https:\/\/www.wallendorff.com\/belogue\/2011\/08\/09\/pique-a-chu\/","url_meta":{"origin":266,"position":5},"title":"Pique a chu.","author":"dpc","date":"9 ao\u00fbt 2011","format":false,"excerpt":"Impasse Rolleboise, Paris, 25 juin. L'\u00e9couteur gauche de mon MDR-300EX est subitement mort 22 mois \u00e0 peine apr\u00e8s celui de mon MDR-EX71 et 64 mois apr\u00e8s la perte de l'\u00e9couteur droit de mon MDR-EX69. Je sais bien que tout le monde s'en fout mais il faut toujours noter ces trucs,\u2026","rel":"","context":"Dans &quot;DPC&quot;","block_context":{"text":"DPC","link":"https:\/\/www.wallendorff.com\/belogue\/category\/dpc\/"},"img":{"alt_text":"","src":"https:\/\/i0.wp.com\/www.wallendorff.com\/belogue\/wp-content\/uploads\/2015\/04\/201108091.jpg?resize=350%2C200&ssl=1","width":350,"height":200},"classes":[]}],"_links":{"self":[{"href":"https:\/\/www.wallendorff.com\/belogue\/wp-json\/wp\/v2\/posts\/266","targetHints":{"allow":["GET"]}}],"collection":[{"href":"https:\/\/www.wallendorff.com\/belogue\/wp-json\/wp\/v2\/posts"}],"about":[{"href":"https:\/\/www.wallendorff.com\/belogue\/wp-json\/wp\/v2\/types\/post"}],"author":[{"embeddable":true,"href":"https:\/\/www.wallendorff.com\/belogue\/wp-json\/wp\/v2\/users\/1"}],"replies":[{"embeddable":true,"href":"https:\/\/www.wallendorff.com\/belogue\/wp-json\/wp\/v2\/comments?post=266"}],"version-history":[{"count":3,"href":"https:\/\/www.wallendorff.com\/belogue\/wp-json\/wp\/v2\/posts\/266\/revisions"}],"predecessor-version":[{"id":18700,"href":"https:\/\/www.wallendorff.com\/belogue\/wp-json\/wp\/v2\/posts\/266\/revisions\/18700"}],"wp:featuredmedia":[{"embeddable":true,"href":"https:\/\/www.wallendorff.com\/belogue\/wp-json\/wp\/v2\/media\/24206"}],"wp:attachment":[{"href":"https:\/\/www.wallendorff.com\/belogue\/wp-json\/wp\/v2\/media?parent=266"}],"wp:term":[{"taxonomy":"category","embeddable":true,"href":"https:\/\/www.wallendorff.com\/belogue\/wp-json\/wp\/v2\/categories?post=266"},{"taxonomy":"post_tag","embeddable":true,"href":"https:\/\/www.wallendorff.com\/belogue\/wp-json\/wp\/v2\/tags?post=266"}],"curies":[{"name":"wp","href":"https:\/\/api.w.org\/{rel}","templated":true}]}}