{"id":261,"date":"2005-11-26T00:11:53","date_gmt":"2005-11-26T00:11:53","guid":{"rendered":"http:\/\/www.po-l.com\/wordpress\/?p=261"},"modified":"2018-05-23T08:08:29","modified_gmt":"2018-05-23T06:08:29","slug":"louvre-boite","status":"publish","type":"post","link":"https:\/\/www.wallendorff.com\/belogue\/2005\/11\/26\/louvre-boite\/","title":{"rendered":"Louvre bo&icirc;te."},"content":{"rendered":"\n<div id=\"photo\">\n<p><img decoding=\"async\" src=\"http:\/\/www.po-L.com\/belogue\/photo\/2005\/11\/20051126.jpg\" \/><br \/>\n        Le Louvre, Paris, 16 novembre.<\/p>\n<\/div>\n<p style=\"text-align:right\">Alors voil&agrave;.<\/p>\n<p style=\"text-align:right\">J&rsquo;ai pass&eacute; la semaine &agrave; assouvir mon syndr&ocirc;me de touillette, et total, arriv&eacute; &agrave; vendredi, paf, mon titre de note est naze et j&rsquo;ai plus rien &agrave; dire.<\/p>\n<p style=\"text-align:right\">[Remarque, j&rsquo;ai jamais grand-chose &agrave; dire ici, &ccedil;a change donc pas trop d&rsquo;avant.]<\/p>\n<p style=\"text-align:right\">Bon week-end, les gens.<\/p>\n<div id=\"bandeson\">\n<p><img decoding=\"async\" src=\"https:\/\/www.wallendorff.com\/belogue\/photo\/pochettes\/t\/tiersen_yann-cetait_ici.jpg\" align=\"left\" \/>&nbsp;<a href=\"http:\/\/www.yanntiersen.com\/\">Yann Tiersen<\/a> &mdash; <em>Sur le fil<\/em> (live)<\/p>\n<\/p><\/div>\n<p>\/Edit: Je tiens quand m&ecirc;me &agrave; dire &agrave; Monsieur Tiersen que c&rsquo;est un sacr&eacute; sale copieur &agrave; mettre des &eacute;toiles rouges partout. Pour la peine, je vais me mettre au violon, parce que y a pas de raison.<\/p>\n","protected":false},"excerpt":{"rendered":"<p>Le Louvre, Paris, 16 novembre. Alors voil&agrave;. J&rsquo;ai pass&eacute; la semaine &agrave; assouvir mon syndr&ocirc;me de touillette, et total, arriv&eacute; &agrave; vendredi, paf, mon titre de note est naze et j&rsquo;ai plus rien &agrave; dire. [Remarque, j&rsquo;ai jamais grand-chose &agrave; dire ici, &ccedil;a change donc pas trop d&rsquo;avant.] Bon week-end, les gens. &nbsp;Yann Tiersen &mdash;&hellip;<\/p>\n","protected":false},"author":1,"featured_media":24201,"comment_status":"open","ping_status":"open","sticky":false,"template":"","format":"standard","meta":{"_acf_changed":false,"ngg_post_thumbnail":0,"jetpack_post_was_ever_published":false,"_jetpack_newsletter_access":"","_jetpack_dont_email_post_to_subs":false,"_jetpack_newsletter_tier_id":0,"_jetpack_memberships_contains_paywalled_content":false,"_jetpack_memberships_contains_paid_content":false,"footnotes":"","jetpack_publicize_message":"","jetpack_publicize_feature_enabled":true,"jetpack_social_post_already_shared":false,"jetpack_social_options":{"image_generator_settings":{"template":"highway","default_image_id":0,"font":"","enabled":false},"version":2}},"categories":[3],"tags":[10182,10120,10121,10151,10232,143,10147,11237,10098,1331,10338],"class_list":["post-261","post","type-post","status-publish","format-standard","has-post-thumbnail","hentry","category-dpc","tag-10182","tag-france","tag-ile-de-france","tag-lune","tag-musee","tag-noir-et-blanc","tag-nuit","tag-palais-du-louvre","tag-paris","tag-sur-le-fil","tag-yann-tiersen"],"acf":[],"geo":{"latitude":48.8599854,"longitude":2.3388433,"description":null},"jetpack_publicize_connections":[],"jetpack_featured_media_url":"https:\/\/www.wallendorff.com\/belogue\/wp-content\/uploads\/2015\/04\/200511261.jpg","jetpack_shortlink":"https:\/\/wp.me\/p3b35P-4d","jetpack_sharing_enabled":true,"jetpack-related-posts":[{"id":4573,"url":"https:\/\/www.wallendorff.com\/belogue\/2009\/08\/30\/et-pendant-ce-temps-a-rock-en-seine-8\/","url_meta":{"origin":261,"position":0},"title":"Et pendant ce temps, \u00e0 Rock en Seine.","author":"dpc","date":"30 ao\u00fbt 2009","format":false,"excerpt":"L'alcool c'est mal. The Noisettes The Asteroids Galaxy Tour Ebony Bones Jil is Lucky Dananananaykroyd Zone Libre vs Casey & B. James The Horrors Yann Tiersen Faith No More Le reste","rel":"","context":"Dans &quot;Alive&quot;","block_context":{"text":"Alive","link":"https:\/\/www.wallendorff.com\/belogue\/category\/alive\/"},"img":{"alt_text":"","src":"https:\/\/i0.wp.com\/www.wallendorff.com\/belogue\/wp-content\/uploads\/2015\/04\/200908301.jpg?resize=350%2C200&ssl=1","width":350,"height":200,"srcset":"https:\/\/i0.wp.com\/www.wallendorff.com\/belogue\/wp-content\/uploads\/2015\/04\/200908301.jpg?resize=350%2C200&ssl=1 1x, https:\/\/i0.wp.com\/www.wallendorff.com\/belogue\/wp-content\/uploads\/2015\/04\/200908301.jpg?resize=525%2C300&ssl=1 1.5x, https:\/\/i0.wp.com\/www.wallendorff.com\/belogue\/wp-content\/uploads\/2015\/04\/200908301.jpg?resize=700%2C400&ssl=1 2x"},"classes":[]},{"id":18625,"url":"https:\/\/www.wallendorff.com\/belogue\/2012\/08\/13\/shooting-people-95\/","url_meta":{"origin":261,"position":1},"title":"Shooting people #95.","author":"dpc","date":"13 ao\u00fbt 2012","format":false,"excerpt":"Shakespeare & Co., Paris, 7 juin. La librairie est d\u00e9peupl\u00e9e, comme \u00e0 chaque fois qu'il fait chaud. Une poign\u00e9e de touristes au rez-de-chauss\u00e9e, quelques-uns au premier, pour la plupart r\u00e9unis autour d'un Anglais donnant un expos\u00e9 sur l'accent de Tours1. Les autres \u00e9coutent la pianiste. Dou\u00e9e, la pianiste. J'en ferais\u2026","rel":"","context":"Dans &quot;Portraits&quot;","block_context":{"text":"Portraits","link":"https:\/\/www.wallendorff.com\/belogue\/category\/portraits\/"},"img":{"alt_text":"","src":"https:\/\/i0.wp.com\/www.wallendorff.com\/belogue\/wp-content\/uploads\/2015\/04\/201208131.jpg?resize=350%2C200&ssl=1","width":350,"height":200,"srcset":"https:\/\/i0.wp.com\/www.wallendorff.com\/belogue\/wp-content\/uploads\/2015\/04\/201208131.jpg?resize=350%2C200&ssl=1 1x, https:\/\/i0.wp.com\/www.wallendorff.com\/belogue\/wp-content\/uploads\/2015\/04\/201208131.jpg?resize=525%2C300&ssl=1 1.5x, https:\/\/i0.wp.com\/www.wallendorff.com\/belogue\/wp-content\/uploads\/2015\/04\/201208131.jpg?resize=700%2C400&ssl=1 2x"},"classes":[]},{"id":1173,"url":"https:\/\/www.wallendorff.com\/belogue\/2008\/02\/28\/pis-prismes-11\/","url_meta":{"origin":261,"position":2},"title":"Pis \u00e0 prismes #11.","author":"dpc","date":"28 f\u00e9vrier 2008","format":false,"excerpt":"Tour Eiffel, Paris, 27 janvier. Et garder le meilleur pour la fin. \u00a0MGMT \u2013 Time to Pretend","rel":"","context":"Dans &quot;Pis \u00e0 prismes&quot;","block_context":{"text":"Pis \u00e0 prismes","link":"https:\/\/www.wallendorff.com\/belogue\/category\/pis-a-prismes\/"},"img":{"alt_text":"","src":"https:\/\/i0.wp.com\/www.wallendorff.com\/belogue\/wp-content\/uploads\/2015\/04\/200802281.jpg?resize=350%2C200&ssl=1","width":350,"height":200,"srcset":"https:\/\/i0.wp.com\/www.wallendorff.com\/belogue\/wp-content\/uploads\/2015\/04\/200802281.jpg?resize=350%2C200&ssl=1 1x, https:\/\/i0.wp.com\/www.wallendorff.com\/belogue\/wp-content\/uploads\/2015\/04\/200802281.jpg?resize=525%2C300&ssl=1 1.5x"},"classes":[]},{"id":1166,"url":"https:\/\/www.wallendorff.com\/belogue\/2008\/02\/20\/pis-prismes-9\/","url_meta":{"origin":261,"position":3},"title":"Pis \u00e0 prismes #9.","author":"dpc","date":"20 f\u00e9vrier 2008","format":false,"excerpt":"Champ de Mars, Paris, 27 janvier. (((A))) \u00a0The Kills \u2013 Black Balloon","rel":"","context":"Dans &quot;Pis \u00e0 prismes&quot;","block_context":{"text":"Pis \u00e0 prismes","link":"https:\/\/www.wallendorff.com\/belogue\/category\/pis-a-prismes\/"},"img":{"alt_text":"","src":"https:\/\/i0.wp.com\/www.wallendorff.com\/belogue\/wp-content\/uploads\/2015\/04\/200802201.jpg?resize=350%2C200&ssl=1","width":350,"height":200},"classes":[]},{"id":1170,"url":"https:\/\/www.wallendorff.com\/belogue\/2008\/02\/25\/jos-gonzlez-la-cigale-paris\/","url_meta":{"origin":261,"position":4},"title":"Jos\u00e9 Gonz\u00e1lez @ la Cigale, Paris.","author":"dpc","date":"25 f\u00e9vrier 2008","format":false,"excerpt":"Derri\u00e8re la premi\u00e8re partie prometteuse \u2013\u00a0mais g\u00e2ch\u00e9e par un son de basse pourri\u00a0\u2013 de Caribou, Jos\u00e9 Gonz\u00e1lez s\u2019approprie la Cigale enti\u00e8re d\u00e8s que le rideau rouge du th\u00e9\u00e2tre s\u2019ouvre sur lui. Assis au milieu de la sc\u00e8ne comme Ben Harper l\u2019aurait fait, le songwriter d\u00e9roule devant une toile de fond\u2026","rel":"","context":"Dans &quot;Alive&quot;","block_context":{"text":"Alive","link":"https:\/\/www.wallendorff.com\/belogue\/category\/alive\/"},"img":{"alt_text":"","src":"https:\/\/i0.wp.com\/www.wallendorff.com\/belogue\/wp-content\/uploads\/2015\/04\/200802251.jpg?resize=350%2C200&ssl=1","width":350,"height":200},"classes":[]},{"id":1171,"url":"https:\/\/www.wallendorff.com\/belogue\/2008\/02\/26\/pis-prismes-10\/","url_meta":{"origin":261,"position":5},"title":"Pis \u00e0 prismes #10.","author":"dpc","date":"26 f\u00e9vrier 2008","format":false,"excerpt":"Champs de Mars, 27 janvier. Hier Demain j'arr\u00eate. \u00a0Our Brother the Native \u2013 We Are the Living","rel":"","context":"Dans &quot;Pis \u00e0 prismes&quot;","block_context":{"text":"Pis \u00e0 prismes","link":"https:\/\/www.wallendorff.com\/belogue\/category\/pis-a-prismes\/"},"img":{"alt_text":"","src":"https:\/\/i0.wp.com\/www.wallendorff.com\/belogue\/wp-content\/uploads\/2015\/04\/200802261.jpg?resize=350%2C200&ssl=1","width":350,"height":200},"classes":[]}],"_links":{"self":[{"href":"https:\/\/www.wallendorff.com\/belogue\/wp-json\/wp\/v2\/posts\/261","targetHints":{"allow":["GET"]}}],"collection":[{"href":"https:\/\/www.wallendorff.com\/belogue\/wp-json\/wp\/v2\/posts"}],"about":[{"href":"https:\/\/www.wallendorff.com\/belogue\/wp-json\/wp\/v2\/types\/post"}],"author":[{"embeddable":true,"href":"https:\/\/www.wallendorff.com\/belogue\/wp-json\/wp\/v2\/users\/1"}],"replies":[{"embeddable":true,"href":"https:\/\/www.wallendorff.com\/belogue\/wp-json\/wp\/v2\/comments?post=261"}],"version-history":[{"count":1,"href":"https:\/\/www.wallendorff.com\/belogue\/wp-json\/wp\/v2\/posts\/261\/revisions"}],"predecessor-version":[{"id":35942,"href":"https:\/\/www.wallendorff.com\/belogue\/wp-json\/wp\/v2\/posts\/261\/revisions\/35942"}],"wp:featuredmedia":[{"embeddable":true,"href":"https:\/\/www.wallendorff.com\/belogue\/wp-json\/wp\/v2\/media\/24201"}],"wp:attachment":[{"href":"https:\/\/www.wallendorff.com\/belogue\/wp-json\/wp\/v2\/media?parent=261"}],"wp:term":[{"taxonomy":"category","embeddable":true,"href":"https:\/\/www.wallendorff.com\/belogue\/wp-json\/wp\/v2\/categories?post=261"},{"taxonomy":"post_tag","embeddable":true,"href":"https:\/\/www.wallendorff.com\/belogue\/wp-json\/wp\/v2\/tags?post=261"}],"curies":[{"name":"wp","href":"https:\/\/api.w.org\/{rel}","templated":true}]}}