{"id":259,"date":"2005-11-27T21:11:36","date_gmt":"2005-11-27T21:11:36","guid":{"rendered":"http:\/\/www.po-l.com\/wordpress\/?p=259"},"modified":"2012-06-11T10:41:45","modified_gmt":"2012-06-11T08:41:45","slug":"mes-nils-mon-temps","status":"publish","type":"post","link":"https:\/\/www.wallendorff.com\/belogue\/2005\/11\/27\/mes-nils-mon-temps\/","title":{"rendered":"Mes Nils, mon temps."},"content":{"rendered":"<div id=\"photo\">\n<p><img decoding=\"async\" src=\"http:\/\/www.po-L.com\/belogue\/photo\/2005\/11\/20051127.jpg\" \/><br \/>\n    Wandering in Gare de l&rsquo;Est, Paris, 21 novembre, 20h45.<\/p>\n<\/div>\n<p style=\"text-align:right\">La note de 15h58,<br \/>\n  Le bus de 16h42,<br \/>\n  Le vase de 17h12,<br \/>\n  La queue de 17h33,<br \/>\n  Le b&eacute;ret de 18h15,<br \/>\n  Les gens de 18h29,<br \/>\n  Le caf&eacute; de 18h52,<br \/>\n  L&rsquo;air con de 19h06,<br \/>\n  Le m&eacute;tro de 19h24,<br \/>\n  Le <em>C&rsquo;mere<\/em> de 19h37,<br \/>\n  Le code de 19h43,<br \/>\n  La ligne <img decoding=\"async\" src=\"https:\/\/www.wallendorff.com\/belogue\/photo\/metro\/05.gif\" align=\"absmiddle\" \/> de 19h48,<br \/>\n  Le punch de 19h58,<br \/>\n  La ligne <img decoding=\"async\" src=\"https:\/\/www.wallendorff.com\/belogue\/photo\/metro\/04.gif\" align=\"absmiddle\" \/> de 20h12,<br \/>\n  La Kro de 20h14,<br \/>\n  La ligne <img decoding=\"async\" src=\"https:\/\/www.wallendorff.com\/belogue\/photo\/metro\/07.gif\" align=\"absmiddle\" \/> de 21h05,<br \/>\n  Le Gros Plant de 21h50,<br \/>\n  La ligne <img decoding=\"async\" src=\"https:\/\/www.wallendorff.com\/belogue\/photo\/metro\/05.gif\" align=\"absmiddle\" \/> de 22h12,<br \/>\n  Le sylv&auml;ner de 22h00,<br \/>\n  La ligne <img decoding=\"async\" src=\"https:\/\/www.wallendorff.com\/belogue\/photo\/metro\/04.gif\" align=\"absmiddle\" \/> de 23h09,<br \/>\n  Le bordeaux de 23h42,<br \/>\n  Les photos de 00h19,<br \/>\n  L&rsquo;air froid d&rsquo;01h06,<br \/>\n  Le Noctilien d&rsquo;01h16,<br \/>\n  Le <em>Petit Brestois<\/em> d&rsquo;01h29,<br \/>\n  La rue d&rsquo;01h44,<br \/>\n  L&rsquo;air chaud de 02h06,<br \/>\n  Le soleil de 08h15,<br \/>\n  Le th&eacute; d&rsquo;11h32,<br \/>\n  Le bus de 14h07,<br \/>\n  Les &#339;ufs de 15h23,<br \/>\n  La ligne <img decoding=\"async\" src=\"https:\/\/www.wallendorff.com\/belogue\/photo\/metro\/01.gif\" align=\"absmiddle\" \/> de 16h12,<br \/>\n  Le caf&eacute; de 18h06,<br \/>\n  La ligne <img decoding=\"async\" src=\"https:\/\/www.wallendorff.com\/belogue\/photo\/metro\/02.gif\" align=\"absmiddle\" \/> de 19h01,<br \/>\n<strong>La note de 21h11<\/strong>.<\/p>\n<div id=\"bandeson\">\n<p><img decoding=\"async\" src=\"https:\/\/www.wallendorff.com\/belogue\/photo\/pochettes\/i\/interpol-antics.jpg\" align=\"left\" \/>&nbsp;<a href=\"http:\/\/www.interpolnyc.com\">Interpol<\/a> &ndash; <em>C&rsquo;mere<\/em><\/p>\n<\/div>\n","protected":false},"excerpt":{"rendered":"<p>Wandering in Gare de l&rsquo;Est, Paris, 21 novembre, 20h45. La note de 15h58, Le bus de 16h42, Le vase de 17h12, La queue de 17h33, Le b&eacute;ret de 18h15, Les gens de 18h29, Le caf&eacute; de 18h52, L&rsquo;air con de 19h06, Le m&eacute;tro de 19h24, Le C&rsquo;mere de 19h37, Le code de 19h43, La ligne&hellip;<\/p>\n","protected":false},"author":1,"featured_media":24200,"comment_status":"open","ping_status":"open","sticky":false,"template":"","format":"standard","meta":{"_acf_changed":false,"ngg_post_thumbnail":0,"jetpack_post_was_ever_published":false,"_jetpack_newsletter_access":"","_jetpack_dont_email_post_to_subs":false,"_jetpack_newsletter_tier_id":0,"_jetpack_memberships_contains_paywalled_content":false,"_jetpack_memberships_contains_paid_content":false,"footnotes":"","jetpack_publicize_message":"","jetpack_publicize_feature_enabled":true,"jetpack_social_post_already_shared":false,"jetpack_social_options":{"image_generator_settings":{"template":"highway","default_image_id":0,"font":"","enabled":false},"version":2}},"categories":[3],"tags":[10267,1332,142,132,10120,10247,982,10309,10121,10111,143,10147,10098,10191,10150],"class_list":["post-259","post","type-post","status-publish","format-standard","has-post-thumbnail","hentry","category-dpc","tag-10267","tag-cmere","tag-ef-s-10-22-mm-f35-45-usm","tag-eos-20d","tag-france","tag-gare","tag-gare-de-lest","tag-horloge","tag-ile-de-france","tag-interpol","tag-noir-et-blanc","tag-nuit","tag-paris","tag-telephone","tag-train"],"acf":[],"geo":{"latitude":48.8775215,"longitude":2.3597112,"description":"Paris 10 Entrep\u00f4t, \u00cele-de-France, 75471 CEDEX 10, FR"},"jetpack_publicize_connections":[],"jetpack_featured_media_url":"https:\/\/www.wallendorff.com\/belogue\/wp-content\/uploads\/2015\/04\/200511271.jpg","jetpack_shortlink":"https:\/\/wp.me\/p3b35P-4b","jetpack_sharing_enabled":true,"jetpack-related-posts":[{"id":136,"url":"https:\/\/www.wallendorff.com\/belogue\/2006\/04\/26\/marche-la-ligne\/","url_meta":{"origin":259,"position":0},"title":"Marche la ligne.","author":"dpc","date":"26 avril 2006","format":false,"excerpt":"Gare de l'Est, Paris, 15 avril. Fatigu\u00e9, crev\u00e9, un sac encore vide, mais content. Und jetzt, nach London. \u00a0The White Stripes \u2013 Death Letter (Son House cover)","rel":"","context":"Dans &quot;DPC&quot;","block_context":{"text":"DPC","link":"https:\/\/www.wallendorff.com\/belogue\/category\/dpc\/"},"img":{"alt_text":"","src":"https:\/\/i0.wp.com\/www.wallendorff.com\/belogue\/wp-content\/uploads\/2015\/04\/200604261.jpg?resize=350%2C200&ssl=1","width":350,"height":200},"classes":[]},{"id":134263,"url":"https:\/\/www.wallendorff.com\/belogue\/2025\/10\/31\/octobre-2025\/","url_meta":{"origin":259,"position":1},"title":"Octobre 2025.","author":"dpc","date":"31 octobre 2025","format":false,"excerpt":"Une valise, un m\u00e9tro, un quai de Seine, un m\u00e9tro, un quai de m\u00e9tro, une voiture, un TER, une gare, un TGV, un matin calme, une grosse p\u00e9niche, un arr\u00eat de bus, une paire de jambes, une lampe, un tableau, une expo, une silhouette, une grosse horloge, un reflet, un\u2026","rel":"","context":"Dans &quot;Blog-note&quot;","block_context":{"text":"Blog-note","link":"https:\/\/www.wallendorff.com\/belogue\/category\/blog-note\/"},"img":{"alt_text":"","src":"https:\/\/i0.wp.com\/www.wallendorff.com\/belogue\/wp-content\/uploads\/2025\/11\/20251103-17.jpg?resize=350%2C200&ssl=1","width":350,"height":200,"srcset":"https:\/\/i0.wp.com\/www.wallendorff.com\/belogue\/wp-content\/uploads\/2025\/11\/20251103-17.jpg?resize=350%2C200&ssl=1 1x, https:\/\/i0.wp.com\/www.wallendorff.com\/belogue\/wp-content\/uploads\/2025\/11\/20251103-17.jpg?resize=525%2C300&ssl=1 1.5x, https:\/\/i0.wp.com\/www.wallendorff.com\/belogue\/wp-content\/uploads\/2025\/11\/20251103-17.jpg?resize=700%2C400&ssl=1 2x, https:\/\/i0.wp.com\/www.wallendorff.com\/belogue\/wp-content\/uploads\/2025\/11\/20251103-17.jpg?resize=1050%2C600&ssl=1 3x"},"classes":[]},{"id":53974,"url":"https:\/\/www.wallendorff.com\/belogue\/2022\/12\/29\/313\/","url_meta":{"origin":259,"position":2},"title":"313.","author":"dpc","date":"29 d\u00e9cembre 2022","format":false,"excerpt":"Deux photos prises \u00e0 1 h 55 min d'intervalle, d'un bout \u00e0 l'autre de la ligne de chemin de fer Metz \u2013 Paris.\u00a0","rel":"","context":"Dans &quot;DPC&quot;","block_context":{"text":"DPC","link":"https:\/\/www.wallendorff.com\/belogue\/category\/dpc-en\/"},"img":{"alt_text":"","src":"https:\/\/i0.wp.com\/www.wallendorff.com\/belogue\/wp-content\/uploads\/2022\/12\/20221229-01.jpg?resize=350%2C200&ssl=1","width":350,"height":200,"srcset":"https:\/\/i0.wp.com\/www.wallendorff.com\/belogue\/wp-content\/uploads\/2022\/12\/20221229-01.jpg?resize=350%2C200&ssl=1 1x, https:\/\/i0.wp.com\/www.wallendorff.com\/belogue\/wp-content\/uploads\/2022\/12\/20221229-01.jpg?resize=525%2C300&ssl=1 1.5x, https:\/\/i0.wp.com\/www.wallendorff.com\/belogue\/wp-content\/uploads\/2022\/12\/20221229-01.jpg?resize=700%2C400&ssl=1 2x, https:\/\/i0.wp.com\/www.wallendorff.com\/belogue\/wp-content\/uploads\/2022\/12\/20221229-01.jpg?resize=1050%2C600&ssl=1 3x"},"classes":[]},{"id":248,"url":"https:\/\/www.wallendorff.com\/belogue\/2005\/12\/06\/metro-n-homme\/","url_meta":{"origin":259,"position":3},"title":"M&eacute;tro n&rsquo;homme.","author":"dpc","date":"6 d\u00e9cembre 2005","format":false,"excerpt":"Gare Montparnasse, Paris, 21 novembre. [\u00c0 part \u00e7a, pour changer, toujours rien.] [Ah, si\u00a0: Joyeuse St-Nicolas.] \u00a0Saturday Looks Good to Me \u2014 Diary","rel":"","context":"Dans &quot;DPC&quot;","block_context":{"text":"DPC","link":"https:\/\/www.wallendorff.com\/belogue\/category\/dpc\/"},"img":{"alt_text":"","src":"https:\/\/i0.wp.com\/www.wallendorff.com\/belogue\/wp-content\/uploads\/2015\/04\/200512061.jpg?resize=350%2C200&ssl=1","width":350,"height":200},"classes":[]},{"id":4122,"url":"https:\/\/www.wallendorff.com\/belogue\/2009\/04\/07\/precis-dans-dlarret-public\/","url_meta":{"origin":259,"position":4},"title":"Pr\u00e9cis dans d&rsquo;l&rsquo;arr\u00eat public.","author":"dpc","date":"7 avril 2009","format":false,"excerpt":"Puisqu'on prive ma ligne de station R\u00e9publique pour les deux mois \u00e0 venir, consolons-nous avec cet inestimable document d'images en mouvement qui voit une rame s'arr\u00eater dans la dite station et laisser ses passagers aller prendre la pour rejoindre les bas de quais de Gare de l'Est ou la pour\u2026","rel":"","context":"Dans &quot;DPC&quot;","block_context":{"text":"DPC","link":"https:\/\/www.wallendorff.com\/belogue\/category\/dpc\/"},"img":{"alt_text":"","src":"","width":0,"height":0},"classes":[]},{"id":124500,"url":"https:\/\/www.wallendorff.com\/belogue\/2023\/04\/30\/avril-2023\/","url_meta":{"origin":259,"position":5},"title":"Avril 2023.","author":"dpc","date":"30 avril 2023","format":false,"excerpt":"Un chat pr\u00e9nomm\u00e9 Paupiette, un coucher de soleil, un \u00e2ne pr\u00e9nomm\u00e9 Ramette, un ap\u00e9ro, une lampe, des ombres, un immeuble, une clope, un m\u00e9tro, un mur, un chat pr\u00e9nomm\u00e9 \u00c7a-va-l\u2019Chalet, un quai de gare, un escalier de gare, un quai de gare, un resto, un chat pr\u00e9nomm\u00e9 Paupiette, un bar,\u2026","rel":"","context":"Dans &quot;Blog-note&quot;","block_context":{"text":"Blog-note","link":"https:\/\/www.wallendorff.com\/belogue\/category\/blog-note\/"},"img":{"alt_text":"","src":"https:\/\/i0.wp.com\/www.wallendorff.com\/belogue\/wp-content\/uploads\/2023\/05\/20230522-49.jpg?resize=350%2C200&ssl=1","width":350,"height":200,"srcset":"https:\/\/i0.wp.com\/www.wallendorff.com\/belogue\/wp-content\/uploads\/2023\/05\/20230522-49.jpg?resize=350%2C200&ssl=1 1x, https:\/\/i0.wp.com\/www.wallendorff.com\/belogue\/wp-content\/uploads\/2023\/05\/20230522-49.jpg?resize=525%2C300&ssl=1 1.5x, https:\/\/i0.wp.com\/www.wallendorff.com\/belogue\/wp-content\/uploads\/2023\/05\/20230522-49.jpg?resize=700%2C400&ssl=1 2x, https:\/\/i0.wp.com\/www.wallendorff.com\/belogue\/wp-content\/uploads\/2023\/05\/20230522-49.jpg?resize=1050%2C600&ssl=1 3x"},"classes":[]}],"_links":{"self":[{"href":"https:\/\/www.wallendorff.com\/belogue\/wp-json\/wp\/v2\/posts\/259","targetHints":{"allow":["GET"]}}],"collection":[{"href":"https:\/\/www.wallendorff.com\/belogue\/wp-json\/wp\/v2\/posts"}],"about":[{"href":"https:\/\/www.wallendorff.com\/belogue\/wp-json\/wp\/v2\/types\/post"}],"author":[{"embeddable":true,"href":"https:\/\/www.wallendorff.com\/belogue\/wp-json\/wp\/v2\/users\/1"}],"replies":[{"embeddable":true,"href":"https:\/\/www.wallendorff.com\/belogue\/wp-json\/wp\/v2\/comments?post=259"}],"version-history":[{"count":2,"href":"https:\/\/www.wallendorff.com\/belogue\/wp-json\/wp\/v2\/posts\/259\/revisions"}],"predecessor-version":[{"id":17685,"href":"https:\/\/www.wallendorff.com\/belogue\/wp-json\/wp\/v2\/posts\/259\/revisions\/17685"}],"wp:featuredmedia":[{"embeddable":true,"href":"https:\/\/www.wallendorff.com\/belogue\/wp-json\/wp\/v2\/media\/24200"}],"wp:attachment":[{"href":"https:\/\/www.wallendorff.com\/belogue\/wp-json\/wp\/v2\/media?parent=259"}],"wp:term":[{"taxonomy":"category","embeddable":true,"href":"https:\/\/www.wallendorff.com\/belogue\/wp-json\/wp\/v2\/categories?post=259"},{"taxonomy":"post_tag","embeddable":true,"href":"https:\/\/www.wallendorff.com\/belogue\/wp-json\/wp\/v2\/tags?post=259"}],"curies":[{"name":"wp","href":"https:\/\/api.w.org\/{rel}","templated":true}]}}