{"id":257,"date":"2005-11-28T10:43:30","date_gmt":"2005-11-28T10:43:30","guid":{"rendered":"http:\/\/www.po-l.com\/wordpress\/?p=257"},"modified":"2012-08-27T09:43:12","modified_gmt":"2012-08-27T07:43:12","slug":"blanc-sur-rouge-rien-ne-bouge","status":"publish","type":"post","link":"https:\/\/www.wallendorff.com\/belogue\/2005\/11\/28\/blanc-sur-rouge-rien-ne-bouge\/","title":{"rendered":"Blanc sur rouge, rien ne bouge."},"content":{"rendered":"\n<div id=\"photo\">\n<p><img decoding=\"async\" src=\"http:\/\/www.po-L.com\/belogue\/photo\/2005\/11\/20051128.jpg\" \/><br \/>\n          Esplanade des Invalides, Paris, 17 novembre.<\/p>\n<\/p><\/div>\n<p style=\"text-align:right\">&ldquo;<em>Crows are roostin&rsquo; in the old pear tree, rain&rsquo;s coming down like tears <br \/>\n        I&rsquo;m sitting here drinking whiskey, thinking back on all the years <br \/>\n        I&rsquo;ve been kicking around this town, trying to turn my life around <br \/>\n        Hotel rooms and stardust blues and the rain all my pain mixed with fear.<\/em>&rdquo;<\/p>\n<p style=\"text-align:right\">Mais dis donc, c&rsquo;est que j&rsquo;ai un train &agrave; prendre, moi. <\/p>\n<div id=\"bandeson\">\n<p><img decoding=\"async\" src=\"https:\/\/www.wallendorff.com\/belogue\/photo\/pochettes\/p\/po_girl-po_girl.jpg\" align=\"left\" \/>&nbsp;<a href=\"http:\/\/www.pogirl.net\/\">Po&rsquo;Girl<\/a> &ndash; <em>City Song<\/em><\/p>\n<\/p><\/div>\n","protected":false},"excerpt":{"rendered":"<p>Esplanade des Invalides, Paris, 17 novembre. &ldquo;Crows are roostin&rsquo; in the old pear tree, rain&rsquo;s coming down like tears I&rsquo;m sitting here drinking whiskey, thinking back on all the years I&rsquo;ve been kicking around this town, trying to turn my life around Hotel rooms and stardust blues and the rain all my pain mixed with&hellip;<\/p>\n","protected":false},"author":1,"featured_media":24198,"comment_status":"open","ping_status":"open","sticky":false,"template":"","format":"standard","meta":{"_acf_changed":false,"ngg_post_thumbnail":0,"jetpack_post_was_ever_published":false,"_jetpack_newsletter_access":"","_jetpack_dont_email_post_to_subs":false,"_jetpack_newsletter_tier_id":0,"_jetpack_memberships_contains_paywalled_content":false,"_jetpack_memberships_contains_paid_content":false,"footnotes":"","jetpack_publicize_message":"","jetpack_publicize_feature_enabled":true,"jetpack_social_post_already_shared":false,"jetpack_social_options":{"image_generator_settings":{"template":"highway","default_image_id":0,"font":"","enabled":false},"version":2}},"categories":[3],"tags":[10235,132,1334,10311,10339,10340,10120,10121,10147,10098,1333,10272,173],"class_list":["post-257","post","type-post","status-publish","format-standard","has-post-thumbnail","hentry","category-dpc","tag-10235","tag-eos-20d","tag-city-song","tag-dos","tag-esplanade-des-invalides","tag-fille","tag-france","tag-ile-de-france","tag-nuit","tag-paris","tag-pogirl","tag-portrait","tag-sigma-28-70-mm-f28-dg-ex"],"acf":[],"geo":{"latitude":48.8608322,"longitude":2.313416,"description":"Avenue du Mar\u00e9chal Gallieni, 75007 Paris, France"},"jetpack_publicize_connections":[],"jetpack_featured_media_url":"https:\/\/www.wallendorff.com\/belogue\/wp-content\/uploads\/2015\/04\/200511281.jpg","jetpack_shortlink":"https:\/\/wp.me\/p3b35P-49","jetpack_sharing_enabled":true,"jetpack-related-posts":[{"id":41774,"url":"https:\/\/www.wallendorff.com\/belogue\/2019\/04\/30\/avril-2019\/","url_meta":{"origin":257,"position":0},"title":"Avril 2019.","author":"dpc","date":"30 avril 2019","format":false,"excerpt":"Une paire de lunettes, un concert, un d\u00f4me, un troph\u00e9e, un anniversaire, un m\u00e9tro, une pizza, une f\u00eate des disquaires, un bateau, un m\u00e9tro, un quai, une cath\u00e9drale, un banc, une soir\u00e9e, un anniversaire, un cr\u00e9puscule, un incendie, des \u00e9chafaudages, un concert, une autoroute, un avion, des rochers, une mouette,\u2026","rel":"","context":"Dans &quot;Blog-note&quot;","block_context":{"text":"Blog-note","link":"https:\/\/www.wallendorff.com\/belogue\/category\/blog-note\/"},"img":{"alt_text":"","src":"https:\/\/i0.wp.com\/www.wallendorff.com\/belogue\/wp-content\/uploads\/2019\/05\/20190513-34.jpg?resize=350%2C200&ssl=1","width":350,"height":200,"srcset":"https:\/\/i0.wp.com\/www.wallendorff.com\/belogue\/wp-content\/uploads\/2019\/05\/20190513-34.jpg?resize=350%2C200&ssl=1 1x, https:\/\/i0.wp.com\/www.wallendorff.com\/belogue\/wp-content\/uploads\/2019\/05\/20190513-34.jpg?resize=525%2C300&ssl=1 1.5x, https:\/\/i0.wp.com\/www.wallendorff.com\/belogue\/wp-content\/uploads\/2019\/05\/20190513-34.jpg?resize=700%2C400&ssl=1 2x, https:\/\/i0.wp.com\/www.wallendorff.com\/belogue\/wp-content\/uploads\/2019\/05\/20190513-34.jpg?resize=1050%2C600&ssl=1 3x"},"classes":[]},{"id":21442,"url":"https:\/\/www.wallendorff.com\/belogue\/2013\/08\/17\/into-the-wide-15\/","url_meta":{"origin":257,"position":1},"title":"Into the wide #15.","author":"dpc","date":"17 ao\u00fbt 2013","format":false,"excerpt":"\u00c9glise Saint-Louis-des-Invalides, Paris, 8 juin. It's Alright Weekend","rel":"","context":"Dans &quot;Into the wide&quot;","block_context":{"text":"Into the wide","link":"https:\/\/www.wallendorff.com\/belogue\/category\/into-the-wide\/"},"img":{"alt_text":"","src":"https:\/\/i0.wp.com\/www.wallendorff.com\/belogue\/wp-content\/uploads\/2015\/04\/201308171.jpg?resize=350%2C200&ssl=1","width":350,"height":200,"srcset":"https:\/\/i0.wp.com\/www.wallendorff.com\/belogue\/wp-content\/uploads\/2015\/04\/201308171.jpg?resize=350%2C200&ssl=1 1x, https:\/\/i0.wp.com\/www.wallendorff.com\/belogue\/wp-content\/uploads\/2015\/04\/201308171.jpg?resize=525%2C300&ssl=1 1.5x, https:\/\/i0.wp.com\/www.wallendorff.com\/belogue\/wp-content\/uploads\/2015\/04\/201308171.jpg?resize=700%2C400&ssl=1 2x"},"classes":[]},{"id":21425,"url":"https:\/\/www.wallendorff.com\/belogue\/2013\/08\/08\/into-the-wide-14\/","url_meta":{"origin":257,"position":2},"title":"Into the wide #14.","author":"dpc","date":"8 ao\u00fbt 2013","format":false,"excerpt":"H\u00f4tel des Invalides, Paris, 8 juin. Bagboy Pixies","rel":"","context":"Dans &quot;Into the wide&quot;","block_context":{"text":"Into the wide","link":"https:\/\/www.wallendorff.com\/belogue\/category\/into-the-wide\/"},"img":{"alt_text":"","src":"https:\/\/i0.wp.com\/www.wallendorff.com\/belogue\/wp-content\/uploads\/2015\/04\/201308081.jpg?resize=350%2C200&ssl=1","width":350,"height":200,"srcset":"https:\/\/i0.wp.com\/www.wallendorff.com\/belogue\/wp-content\/uploads\/2015\/04\/201308081.jpg?resize=350%2C200&ssl=1 1x, https:\/\/i0.wp.com\/www.wallendorff.com\/belogue\/wp-content\/uploads\/2015\/04\/201308081.jpg?resize=525%2C300&ssl=1 1.5x, https:\/\/i0.wp.com\/www.wallendorff.com\/belogue\/wp-content\/uploads\/2015\/04\/201308081.jpg?resize=700%2C400&ssl=1 2x"},"classes":[]},{"id":21436,"url":"https:\/\/www.wallendorff.com\/belogue\/2013\/08\/14\/jaune-dombre\/","url_meta":{"origin":257,"position":3},"title":"Jaune d&rsquo;ombre.","author":"dpc","date":"14 ao\u00fbt 2013","format":false,"excerpt":"H\u00f4tel des Invalides, Paris, 8 juin. 613 Asaf Avidan","rel":"","context":"Dans &quot;DPC&quot;","block_context":{"text":"DPC","link":"https:\/\/www.wallendorff.com\/belogue\/category\/dpc\/"},"img":{"alt_text":"","src":"https:\/\/i0.wp.com\/www.wallendorff.com\/belogue\/wp-content\/uploads\/2015\/04\/201308141.jpg?resize=350%2C200&ssl=1","width":350,"height":200},"classes":[]},{"id":21595,"url":"https:\/\/www.wallendorff.com\/belogue\/2013\/09\/12\/file-en-aiguilles\/","url_meta":{"origin":257,"position":4},"title":"File en aiguilles.","author":"dpc","date":"12 septembre 2013","format":false,"excerpt":"H\u00f4tel des Invalides, Paris, 11 ao\u00fbt. Why'd You Only Call Me When You're High?Arctic Monkeys","rel":"","context":"Dans &quot;DPC&quot;","block_context":{"text":"DPC","link":"https:\/\/www.wallendorff.com\/belogue\/category\/dpc\/"},"img":{"alt_text":"","src":"https:\/\/i0.wp.com\/www.wallendorff.com\/belogue\/wp-content\/uploads\/2015\/04\/201309121.jpg?resize=350%2C200&ssl=1","width":350,"height":200,"srcset":"https:\/\/i0.wp.com\/www.wallendorff.com\/belogue\/wp-content\/uploads\/2015\/04\/201309121.jpg?resize=350%2C200&ssl=1 1x, https:\/\/i0.wp.com\/www.wallendorff.com\/belogue\/wp-content\/uploads\/2015\/04\/201309121.jpg?resize=525%2C300&ssl=1 1.5x, https:\/\/i0.wp.com\/www.wallendorff.com\/belogue\/wp-content\/uploads\/2015\/04\/201309121.jpg?resize=700%2C400&ssl=1 2x"},"classes":[]},{"id":21600,"url":"https:\/\/www.wallendorff.com\/belogue\/2013\/09\/13\/into-the-wide-19\/","url_meta":{"origin":257,"position":5},"title":"Into the wide #19.","author":"dpc","date":"13 septembre 2013","format":false,"excerpt":"H\u00f4tel des Invalides, Paris, 11 ao\u00fbt. LiesChvrches","rel":"","context":"Dans &quot;Into the wide&quot;","block_context":{"text":"Into the wide","link":"https:\/\/www.wallendorff.com\/belogue\/category\/into-the-wide\/"},"img":{"alt_text":"","src":"https:\/\/i0.wp.com\/www.wallendorff.com\/belogue\/wp-content\/uploads\/2015\/04\/201309131.jpg?resize=350%2C200&ssl=1","width":350,"height":200,"srcset":"https:\/\/i0.wp.com\/www.wallendorff.com\/belogue\/wp-content\/uploads\/2015\/04\/201309131.jpg?resize=350%2C200&ssl=1 1x, https:\/\/i0.wp.com\/www.wallendorff.com\/belogue\/wp-content\/uploads\/2015\/04\/201309131.jpg?resize=525%2C300&ssl=1 1.5x, https:\/\/i0.wp.com\/www.wallendorff.com\/belogue\/wp-content\/uploads\/2015\/04\/201309131.jpg?resize=700%2C400&ssl=1 2x"},"classes":[]}],"_links":{"self":[{"href":"https:\/\/www.wallendorff.com\/belogue\/wp-json\/wp\/v2\/posts\/257","targetHints":{"allow":["GET"]}}],"collection":[{"href":"https:\/\/www.wallendorff.com\/belogue\/wp-json\/wp\/v2\/posts"}],"about":[{"href":"https:\/\/www.wallendorff.com\/belogue\/wp-json\/wp\/v2\/types\/post"}],"author":[{"embeddable":true,"href":"https:\/\/www.wallendorff.com\/belogue\/wp-json\/wp\/v2\/users\/1"}],"replies":[{"embeddable":true,"href":"https:\/\/www.wallendorff.com\/belogue\/wp-json\/wp\/v2\/comments?post=257"}],"version-history":[{"count":1,"href":"https:\/\/www.wallendorff.com\/belogue\/wp-json\/wp\/v2\/posts\/257\/revisions"}],"predecessor-version":[{"id":18786,"href":"https:\/\/www.wallendorff.com\/belogue\/wp-json\/wp\/v2\/posts\/257\/revisions\/18786"}],"wp:featuredmedia":[{"embeddable":true,"href":"https:\/\/www.wallendorff.com\/belogue\/wp-json\/wp\/v2\/media\/24198"}],"wp:attachment":[{"href":"https:\/\/www.wallendorff.com\/belogue\/wp-json\/wp\/v2\/media?parent=257"}],"wp:term":[{"taxonomy":"category","embeddable":true,"href":"https:\/\/www.wallendorff.com\/belogue\/wp-json\/wp\/v2\/categories?post=257"},{"taxonomy":"post_tag","embeddable":true,"href":"https:\/\/www.wallendorff.com\/belogue\/wp-json\/wp\/v2\/tags?post=257"}],"curies":[{"name":"wp","href":"https:\/\/api.w.org\/{rel}","templated":true}]}}