{"id":251,"date":"2005-12-04T12:43:01","date_gmt":"2005-12-04T12:43:01","guid":{"rendered":"http:\/\/www.po-l.com\/wordpress\/?p=251"},"modified":"2012-08-31T09:45:19","modified_gmt":"2012-08-31T07:45:19","slug":"bols-in-haut","status":"publish","type":"post","link":"https:\/\/www.wallendorff.com\/belogue\/2005\/12\/04\/bols-in-haut\/","title":{"rendered":"Bols in haut."},"content":{"rendered":"\n<div id=\"photo\">\n<p><img decoding=\"async\" src=\"http:\/\/www.po-L.com\/belogue\/photo\/2005\/12\/20051204.jpg\" \/><br \/>\n          Rue de la Verrerie, Paris, 19 novembre.<\/p>\n<\/p><\/div>\n<p style=\"text-align:right\">\u00c7a peut sembler con, mais j&rsquo;ai envie d&rsquo;ann&eacute;es 60, moi.<\/p>\n<p style=\"text-align:right\">[&quot;<em>I could be there when you land<\/em>&quot;]<\/p>\n<div id=\"bandeson\">\n<p><img decoding=\"async\" src=\"https:\/\/www.wallendorff.com\/belogue\/photo\/pochettes\/f\/franz_ferdinand-you_could_have_it_so_much_better.jpg\" align=\"left\" \/>&nbsp;<a href=\"http:\/\/www.franzferdinand.co.uk\/\">Franz Ferdinand<\/a> &ndash; <em>Eleanore Put Your Boots on<\/em><\/p>\n<\/p><\/div>\n","protected":false},"excerpt":{"rendered":"<p>Rue de la Verrerie, Paris, 19 novembre. \u00c7a peut sembler con, mais j&rsquo;ai envie d&rsquo;ann&eacute;es 60, moi. [&quot;I could be there when you land&quot;] &nbsp;Franz Ferdinand &ndash; Eleanore Put Your Boots on<\/p>\n","protected":false},"author":1,"featured_media":24192,"comment_status":"open","ping_status":"open","sticky":false,"template":"","format":"standard","meta":{"_acf_changed":false,"ngg_post_thumbnail":0,"jetpack_post_was_ever_published":false,"_jetpack_newsletter_access":"","_jetpack_dont_email_post_to_subs":false,"_jetpack_newsletter_tier_id":0,"_jetpack_memberships_contains_paywalled_content":false,"_jetpack_memberships_contains_paid_content":false,"footnotes":"","jetpack_publicize_message":"","jetpack_publicize_feature_enabled":true,"jetpack_social_post_already_shared":false,"jetpack_social_options":{"image_generator_settings":{"template":"highway","default_image_id":0,"font":"","enabled":false},"version":2}},"categories":[3],"tags":[10277,132,1353,10120,10100,10121,10278,10147,10098,1352,173],"class_list":["post-251","post","type-post","status-publish","format-standard","has-post-thumbnail","hentry","category-dpc","tag-10277","tag-eos-20d","tag-eleanore-put-your-boots-on","tag-france","tag-franz-ferdinand","tag-ile-de-france","tag-lampadaire","tag-nuit","tag-paris","tag-rue-de-la-verrerie","tag-sigma-28-70-mm-f28-dg-ex"],"acf":[],"geo":{"latitude":48.8576851,"longitude":2.3535633,"description":null},"jetpack_publicize_connections":[],"jetpack_featured_media_url":"https:\/\/www.wallendorff.com\/belogue\/wp-content\/uploads\/2015\/04\/200512041.jpg","jetpack_shortlink":"https:\/\/wp.me\/p3b35P-43","jetpack_sharing_enabled":true,"jetpack-related-posts":[{"id":3613,"url":"https:\/\/www.wallendorff.com\/belogue\/2008\/11\/24\/we-walk\/","url_meta":{"origin":251,"position":0},"title":"We walk.","author":"dpc","date":"24 novembre 2008","format":false,"excerpt":"Cimeti\u00e8re du P\u00e8re-Lachaise, Paris, 9 novembre. Franz Ferdinand \u2013 Eleanor Put Your Boots on","rel":"","context":"Dans &quot;DPC&quot;","block_context":{"text":"DPC","link":"https:\/\/www.wallendorff.com\/belogue\/category\/dpc\/"},"img":{"alt_text":"","src":"https:\/\/i0.wp.com\/www.wallendorff.com\/belogue\/wp-content\/uploads\/2015\/04\/200811241.jpg?resize=350%2C200&ssl=1","width":350,"height":200},"classes":[]},{"id":1073,"url":"https:\/\/www.wallendorff.com\/belogue\/2007\/11\/06\/cois-cons-n-en-disent\/","url_meta":{"origin":251,"position":1},"title":"Cois cons n&rsquo;en disent.","author":"dpc","date":"6 novembre 2007","format":false,"excerpt":"Chambre 207, h\u00f4tel Radisson, Liverpool, 18 octobre. Et oui. \u00a0Franz Ferdinand \u2013 Eleanor Put Your Boots on","rel":"","context":"Dans &quot;DPC&quot;","block_context":{"text":"DPC","link":"https:\/\/www.wallendorff.com\/belogue\/category\/dpc\/"},"img":{"alt_text":"","src":"https:\/\/i0.wp.com\/www.wallendorff.com\/belogue\/wp-content\/uploads\/2015\/04\/200711061.jpg?resize=350%2C200&ssl=1","width":350,"height":200},"classes":[]},{"id":128849,"url":"https:\/\/www.wallendorff.com\/belogue\/2024\/07\/01\/cetait-2023\/","url_meta":{"origin":251,"position":2},"title":"C&rsquo;\u00e9tait 2023.","author":"dpc","date":"1 juillet 2024","format":false,"excerpt":"2023, envols. Paris, 26 janvier 2023. Paris, 9 f\u00e9vrier 2023. Paris, 21 f\u00e9vrier 2023. Paris, 30 mars 2023. Paris, 10 mai 2023. Sainte-Genevi\u00e8ve-des-Bois, 20 mai 2023. A\u00e9roport du Bourget, 20 juin 2023. Les Eurock\u00e9ennes, Belfort, 29 juin 2023 Baie de Naples, 8 juillet 2023. Bourgogne, 15 juillet 2023. Sigur R\u00f3s,\u2026","rel":"","context":"Dans &quot;DPC&quot;","block_context":{"text":"DPC","link":"https:\/\/www.wallendorff.com\/belogue\/category\/dpc\/"},"img":{"alt_text":"","src":"https:\/\/i0.wp.com\/www.wallendorff.com\/belogue\/wp-content\/uploads\/2024\/07\/20240701-07.jpg?resize=350%2C200&ssl=1","width":350,"height":200,"srcset":"https:\/\/i0.wp.com\/www.wallendorff.com\/belogue\/wp-content\/uploads\/2024\/07\/20240701-07.jpg?resize=350%2C200&ssl=1 1x, https:\/\/i0.wp.com\/www.wallendorff.com\/belogue\/wp-content\/uploads\/2024\/07\/20240701-07.jpg?resize=525%2C300&ssl=1 1.5x, https:\/\/i0.wp.com\/www.wallendorff.com\/belogue\/wp-content\/uploads\/2024\/07\/20240701-07.jpg?resize=700%2C400&ssl=1 2x, https:\/\/i0.wp.com\/www.wallendorff.com\/belogue\/wp-content\/uploads\/2024\/07\/20240701-07.jpg?resize=1050%2C600&ssl=1 3x"},"classes":[]},{"id":21420,"url":"https:\/\/www.wallendorff.com\/belogue\/2013\/08\/07\/shooting-people-106\/","url_meta":{"origin":251,"position":3},"title":"Shooting people #106.","author":"dpc","date":"7 ao\u00fbt 2013","format":false,"excerpt":"Gusti, Paris, 2 juin. Haim pour le num\u00e9ro 3 de The Blind Magazine. Do You Want to (Erol Alkan's Glam Racket) Franz Ferdinand","rel":"","context":"Dans &quot;Portraits&quot;","block_context":{"text":"Portraits","link":"https:\/\/www.wallendorff.com\/belogue\/category\/portraits\/"},"img":{"alt_text":"","src":"https:\/\/i0.wp.com\/www.wallendorff.com\/belogue\/wp-content\/uploads\/2015\/04\/201308071.jpg?resize=350%2C200&ssl=1","width":350,"height":200},"classes":[]},{"id":128420,"url":"https:\/\/www.wallendorff.com\/belogue\/2024\/06\/17\/cetait-2009\/","url_meta":{"origin":251,"position":4},"title":"C&rsquo;\u00e9tait 2009.","author":"dpc","date":"17 juin 2024","format":false,"excerpt":"2009, tentatives. Paris, 17 jenvier 2009. Paris, 14 f\u00e9vrier 2009. Paris, 2 mars 2009. Eagles of Death Metal @ le Bataclan, Paris, 27 mars 2009 Milwaukee, 28 avril 2009. Chicago, 29 avril 2009. Michigan, 1er mai 2009. D\u00e9troit, 3 mai 2009. Franz Ferdinand @ Clutch Cargo\u2019s, Pontiac, 03 mai 2009\u2026","rel":"","context":"Dans &quot;DPC&quot;","block_context":{"text":"DPC","link":"https:\/\/www.wallendorff.com\/belogue\/category\/dpc\/"},"img":{"alt_text":"","src":"https:\/\/i0.wp.com\/www.wallendorff.com\/belogue\/wp-content\/uploads\/2024\/06\/20240617-13.jpg?resize=350%2C200&ssl=1","width":350,"height":200,"srcset":"https:\/\/i0.wp.com\/www.wallendorff.com\/belogue\/wp-content\/uploads\/2024\/06\/20240617-13.jpg?resize=350%2C200&ssl=1 1x, https:\/\/i0.wp.com\/www.wallendorff.com\/belogue\/wp-content\/uploads\/2024\/06\/20240617-13.jpg?resize=525%2C300&ssl=1 1.5x, https:\/\/i0.wp.com\/www.wallendorff.com\/belogue\/wp-content\/uploads\/2024\/06\/20240617-13.jpg?resize=700%2C400&ssl=1 2x, https:\/\/i0.wp.com\/www.wallendorff.com\/belogue\/wp-content\/uploads\/2024\/06\/20240617-13.jpg?resize=1050%2C600&ssl=1 3x"},"classes":[]},{"id":7577,"url":"https:\/\/www.wallendorff.com\/belogue\/2010\/05\/26\/gossip-le-zenith-paris\/","url_meta":{"origin":251,"position":5},"title":"Gossip @ le Z\u00e9nith, Paris.","author":"dpc","date":"26 mai 2010","format":false,"excerpt":"J'irais bien dire que \u00ab\u00a0waw \u00e9norme j'avais pas vu le Z\u00e9nith se faire retourner comme \u00e7a depuis Franz Ferdinand en novembre\u00a0\u00bb, mais \u00e7a serait un peu con dans la mesure o\u00f9 je n'ai pas mis les pieds au Z\u00e9nith depuis Franz Ferdinand en novembre. Mais bon l'id\u00e9e y est, \u00e7a\u2026","rel":"","context":"Dans &quot;Alive&quot;","block_context":{"text":"Alive","link":"https:\/\/www.wallendorff.com\/belogue\/category\/alive\/"},"img":{"alt_text":"","src":"https:\/\/i0.wp.com\/www.wallendorff.com\/belogue\/wp-content\/uploads\/2015\/04\/201005261.jpg?resize=350%2C200&ssl=1","width":350,"height":200,"srcset":"https:\/\/i0.wp.com\/www.wallendorff.com\/belogue\/wp-content\/uploads\/2015\/04\/201005261.jpg?resize=350%2C200&ssl=1 1x, https:\/\/i0.wp.com\/www.wallendorff.com\/belogue\/wp-content\/uploads\/2015\/04\/201005261.jpg?resize=525%2C300&ssl=1 1.5x, https:\/\/i0.wp.com\/www.wallendorff.com\/belogue\/wp-content\/uploads\/2015\/04\/201005261.jpg?resize=700%2C400&ssl=1 2x"},"classes":[]}],"_links":{"self":[{"href":"https:\/\/www.wallendorff.com\/belogue\/wp-json\/wp\/v2\/posts\/251","targetHints":{"allow":["GET"]}}],"collection":[{"href":"https:\/\/www.wallendorff.com\/belogue\/wp-json\/wp\/v2\/posts"}],"about":[{"href":"https:\/\/www.wallendorff.com\/belogue\/wp-json\/wp\/v2\/types\/post"}],"author":[{"embeddable":true,"href":"https:\/\/www.wallendorff.com\/belogue\/wp-json\/wp\/v2\/users\/1"}],"replies":[{"embeddable":true,"href":"https:\/\/www.wallendorff.com\/belogue\/wp-json\/wp\/v2\/comments?post=251"}],"version-history":[{"count":1,"href":"https:\/\/www.wallendorff.com\/belogue\/wp-json\/wp\/v2\/posts\/251\/revisions"}],"predecessor-version":[{"id":18848,"href":"https:\/\/www.wallendorff.com\/belogue\/wp-json\/wp\/v2\/posts\/251\/revisions\/18848"}],"wp:featuredmedia":[{"embeddable":true,"href":"https:\/\/www.wallendorff.com\/belogue\/wp-json\/wp\/v2\/media\/24192"}],"wp:attachment":[{"href":"https:\/\/www.wallendorff.com\/belogue\/wp-json\/wp\/v2\/media?parent=251"}],"wp:term":[{"taxonomy":"category","embeddable":true,"href":"https:\/\/www.wallendorff.com\/belogue\/wp-json\/wp\/v2\/categories?post=251"},{"taxonomy":"post_tag","embeddable":true,"href":"https:\/\/www.wallendorff.com\/belogue\/wp-json\/wp\/v2\/tags?post=251"}],"curies":[{"name":"wp","href":"https:\/\/api.w.org\/{rel}","templated":true}]}}