{"id":250,"date":"2005-12-04T16:51:40","date_gmt":"2005-12-04T16:51:40","guid":{"rendered":"http:\/\/www.po-l.com\/wordpress\/?p=250"},"modified":"2012-09-01T12:44:59","modified_gmt":"2012-09-01T10:44:59","slug":"previously-unreleased-24","status":"publish","type":"post","link":"https:\/\/www.wallendorff.com\/belogue\/2005\/12\/04\/previously-unreleased-24\/","title":{"rendered":"Previously Unreleased #24&sup1;."},"content":{"rendered":"<div id=\"photo\">\n<p><img decoding=\"async\" src=\"http:\/\/www.po-L.com\/belogue\/photo\/2005\/12\/20051204-1.jpg\"><br \/>\nSons and Daughters, La Boule Noire, Paris, 18 novembre.<\/p>\n<\/div>\n<div id=\"bandeson\">\n<p><img decoding=\"async\" src=\"https:\/\/www.wallendorff.com\/belogue\/photo\/pochettes\/r\/roche_brisa-the_chase.jpg\" align=\"left\" \/>&nbsp;<a href=\"http:\/\/www.brisa-roche.com\/\">Brisa Roch&eacute;<\/a> &mdash; <em>Helmet Ray<\/em><\/p>\n<\/p><\/div>\n<p>_____<\/p>\n<div id=\"bas_note\">\n<p><sup>1<\/sup> Tradition pas &agrave; moi qui vient de <a href=\"http:\/\/blog.julietterobert.com\/\">l&agrave;<\/a>.<\/p>\n<\/div>\n","protected":false},"excerpt":{"rendered":"<p>Sons and Daughters, La Boule Noire, Paris, 18 novembre. &nbsp;Brisa Roch&eacute; &mdash; Helmet Ray _____ 1 Tradition pas &agrave; moi qui vient de l&agrave;.<\/p>\n","protected":false},"author":1,"featured_media":24191,"comment_status":"open","ping_status":"open","sticky":false,"template":"","format":"standard","meta":{"_acf_changed":false,"ngg_post_thumbnail":0,"jetpack_post_was_ever_published":false,"_jetpack_newsletter_access":"","_jetpack_dont_email_post_to_subs":false,"_jetpack_newsletter_tier_id":0,"_jetpack_memberships_contains_paywalled_content":false,"_jetpack_memberships_contains_paid_content":false,"footnotes":"","jetpack_publicize_message":"","jetpack_publicize_feature_enabled":true,"jetpack_social_post_already_shared":false,"jetpack_social_options":{"image_generator_settings":{"template":"highway","default_image_id":0,"font":"","enabled":false},"version":2}},"categories":[5],"tags":[10224,10143,10084,4516,1354,157,132,10120,1355,10121,10273,10098,1226],"class_list":["post-250","post","type-post","status-publish","format-standard","has-post-thumbnail","hentry","category-previously-unreleased","tag-10224","tag-10143","tag-alive","tag-boulevard-rochechouart","tag-brisa-roche","tag-ef-50-mm-f18-ii","tag-eos-20d","tag-france","tag-helmet-ray","tag-ile-de-france","tag-la-boule-noire","tag-paris","tag-sons-daughters"],"acf":[],"geo":{"latitude":48.8823128,"longitude":2.3403132,"description":null},"jetpack_publicize_connections":[],"jetpack_featured_media_url":"https:\/\/www.wallendorff.com\/belogue\/wp-content\/uploads\/2015\/04\/20051204-11.jpg","jetpack_shortlink":"https:\/\/wp.me\/p3b35P-42","jetpack_sharing_enabled":true,"jetpack-related-posts":[{"id":772,"url":"https:\/\/www.wallendorff.com\/belogue\/2006\/08\/23\/previously-unreleased-42\/","url_meta":{"origin":250,"position":0},"title":"Previously unreleased #421 &times; Shooting people #0.","author":"dpc","date":"23 ao\u00fbt 2006","format":false,"excerpt":"Brendan Benson, la Boule Noire, Paris, 20 octobre 2005. \u00a0The Greenhornes \u2013 No More _____ 1Joli concept from chez Juyette.","rel":"","context":"Dans &quot;Portraits&quot;","block_context":{"text":"Portraits","link":"https:\/\/www.wallendorff.com\/belogue\/category\/portraits\/"},"img":{"alt_text":"","src":"https:\/\/i0.wp.com\/www.wallendorff.com\/belogue\/wp-content\/uploads\/2015\/04\/200608231.jpg?resize=350%2C200&ssl=1","width":350,"height":200,"srcset":"https:\/\/i0.wp.com\/www.wallendorff.com\/belogue\/wp-content\/uploads\/2015\/04\/200608231.jpg?resize=350%2C200&ssl=1 1x, https:\/\/i0.wp.com\/www.wallendorff.com\/belogue\/wp-content\/uploads\/2015\/04\/200608231.jpg?resize=525%2C300&ssl=1 1.5x, https:\/\/i0.wp.com\/www.wallendorff.com\/belogue\/wp-content\/uploads\/2015\/04\/200608231.jpg?resize=700%2C400&ssl=1 2x"},"classes":[]},{"id":1188,"url":"https:\/\/www.wallendorff.com\/belogue\/2008\/03\/25\/previously-unreleased-80\/","url_meta":{"origin":250,"position":1},"title":"Previously unreleased #80\u00b9.","author":"dpc","date":"25 mars 2008","format":false,"excerpt":"The Tellers, la Boule Noire, 11 d\u00e9cembre 2007. Happyyyyyyyyyyyyy Raconteurs' Day. \u00a0The Raconteurs \u2013 Salute Your Solution _____ 1 Previously Unreleased is a registered trademark of the Juyette Robert Photography Corporation, Inc.","rel":"","context":"Dans &quot;Previously unreleased&quot;","block_context":{"text":"Previously unreleased","link":"https:\/\/www.wallendorff.com\/belogue\/category\/previously-unreleased\/"},"img":{"alt_text":"","src":"https:\/\/i0.wp.com\/www.wallendorff.com\/belogue\/wp-content\/uploads\/2015\/04\/200803251.jpg?resize=350%2C200&ssl=1","width":350,"height":200},"classes":[]},{"id":267,"url":"https:\/\/www.wallendorff.com\/belogue\/2005\/11\/18\/sons-and-daughters-la-boule-noire-paris\/","url_meta":{"origin":250,"position":2},"title":"Sons and Daughters @ La Boule Noire, Paris.","author":"dpc","date":"18 novembre 2005","format":false,"excerpt":"Pas le temps de mettre un texte il va \u00eatre minuit argh. \/Edit: \u00c9diter apr\u00e8s minuit, \u00e7a, on peut. Pour dire que c'est un groupe qui p\u00e8te la forme, avec une chanteuse intenable qui s'excite sur des rythmiques saccad\u00e9es irr\u00e9sistibles dans un m\u00e9lange de rock et de folk assez barr\u00e9.\u2026","rel":"","context":"Dans &quot;Alive&quot;","block_context":{"text":"Alive","link":"https:\/\/www.wallendorff.com\/belogue\/category\/alive\/"},"img":{"alt_text":"","src":"https:\/\/i0.wp.com\/www.wallendorff.com\/belogue\/wp-content\/uploads\/2015\/04\/200511181.jpg?resize=350%2C200&ssl=1","width":350,"height":200,"srcset":"https:\/\/i0.wp.com\/www.wallendorff.com\/belogue\/wp-content\/uploads\/2015\/04\/200511181.jpg?resize=350%2C200&ssl=1 1x, https:\/\/i0.wp.com\/www.wallendorff.com\/belogue\/wp-content\/uploads\/2015\/04\/200511181.jpg?resize=525%2C300&ssl=1 1.5x, https:\/\/i0.wp.com\/www.wallendorff.com\/belogue\/wp-content\/uploads\/2015\/04\/200511181.jpg?resize=700%2C400&ssl=1 2x"},"classes":[]},{"id":1005,"url":"https:\/\/www.wallendorff.com\/belogue\/2007\/07\/31\/previously-unreleased-60\/","url_meta":{"origin":250,"position":3},"title":"Previously unreleased #60\u00b9.","author":"dpc","date":"31 juillet 2007","format":false,"excerpt":"I Love UFO, la Boule Noire, Paris, 5 septembre 2006. Y a quand m\u00eame des trucs, on se demande pourquoi on les laisse tra\u00eener dans un fond de disque dur pendant un an, des fois. \u00a0Blanche \u2013 Last Year's Leave (je suis certain d'avoir vu Feeney traverser devant moi sans\u2026","rel":"","context":"Dans &quot;Previously unreleased&quot;","block_context":{"text":"Previously unreleased","link":"https:\/\/www.wallendorff.com\/belogue\/category\/previously-unreleased\/"},"img":{"alt_text":"","src":"https:\/\/i0.wp.com\/www.wallendorff.com\/belogue\/wp-content\/uploads\/2015\/04\/200707311.jpg?resize=350%2C200&ssl=1","width":350,"height":200},"classes":[]},{"id":43,"url":"https:\/\/www.wallendorff.com\/belogue\/2005\/10\/24\/previously-unreleased-21\/","url_meta":{"origin":250,"position":4},"title":"Previously unreleased #21.","author":"dpc","date":"24 octobre 2005","format":false,"excerpt":"Brendan Benson, La Boule Noire, Paris, 20 octobre. Un previously unreleased aujourd'hui, c'est bien, parce que\u00a0: \u00c7a fera plaisir \u00e0 Bopperenlarme J'en n'avais pas fait depuis le 13 juillet, et que \u00e7a date. Que c'est un concept joli repomp\u00e9 ici, et qu'en l'en disant, je peux pr\u00e9ciser qu'ici, \u00e7a a\u2026","rel":"","context":"Dans &quot;Previously unreleased&quot;","block_context":{"text":"Previously unreleased","link":"https:\/\/www.wallendorff.com\/belogue\/category\/previously-unreleased\/"},"img":{"alt_text":"","src":"https:\/\/i0.wp.com\/www.wallendorff.com\/belogue\/wp-content\/uploads\/2015\/04\/200510241.jpg?resize=350%2C200&ssl=1","width":350,"height":200},"classes":[]},{"id":786,"url":"https:\/\/www.wallendorff.com\/belogue\/2006\/09\/14\/previously-unreleased-43\/","url_meta":{"origin":250,"position":5},"title":"Previously unreleased #43\u00b9.","author":"dpc","date":"14 septembre 2006","format":false,"excerpt":"I Love UFO, la Boule Noire, Paris, 5 septembre. J'ai mat\u00e9 le nouveau DVD de U2, hier. Dans les bonus, il y a une compile du Zoo Confessionnal install\u00e9 \u00e0 l'\u00e9poque au beau milieu de la fosse pendant les concerts, o\u00f9 les gens pouvaient aller se confesser ou raconter n'importe\u2026","rel":"","context":"Dans &quot;Previously unreleased&quot;","block_context":{"text":"Previously unreleased","link":"https:\/\/www.wallendorff.com\/belogue\/category\/previously-unreleased\/"},"img":{"alt_text":"","src":"https:\/\/i0.wp.com\/www.wallendorff.com\/belogue\/wp-content\/uploads\/2015\/04\/200609141.jpg?resize=350%2C200&ssl=1","width":350,"height":200},"classes":[]}],"_links":{"self":[{"href":"https:\/\/www.wallendorff.com\/belogue\/wp-json\/wp\/v2\/posts\/250","targetHints":{"allow":["GET"]}}],"collection":[{"href":"https:\/\/www.wallendorff.com\/belogue\/wp-json\/wp\/v2\/posts"}],"about":[{"href":"https:\/\/www.wallendorff.com\/belogue\/wp-json\/wp\/v2\/types\/post"}],"author":[{"embeddable":true,"href":"https:\/\/www.wallendorff.com\/belogue\/wp-json\/wp\/v2\/users\/1"}],"replies":[{"embeddable":true,"href":"https:\/\/www.wallendorff.com\/belogue\/wp-json\/wp\/v2\/comments?post=250"}],"version-history":[{"count":1,"href":"https:\/\/www.wallendorff.com\/belogue\/wp-json\/wp\/v2\/posts\/250\/revisions"}],"predecessor-version":[{"id":18861,"href":"https:\/\/www.wallendorff.com\/belogue\/wp-json\/wp\/v2\/posts\/250\/revisions\/18861"}],"wp:featuredmedia":[{"embeddable":true,"href":"https:\/\/www.wallendorff.com\/belogue\/wp-json\/wp\/v2\/media\/24191"}],"wp:attachment":[{"href":"https:\/\/www.wallendorff.com\/belogue\/wp-json\/wp\/v2\/media?parent=250"}],"wp:term":[{"taxonomy":"category","embeddable":true,"href":"https:\/\/www.wallendorff.com\/belogue\/wp-json\/wp\/v2\/categories?post=250"},{"taxonomy":"post_tag","embeddable":true,"href":"https:\/\/www.wallendorff.com\/belogue\/wp-json\/wp\/v2\/tags?post=250"}],"curies":[{"name":"wp","href":"https:\/\/api.w.org\/{rel}","templated":true}]}}