{"id":247,"date":"2005-12-07T00:00:19","date_gmt":"2005-12-07T00:00:19","guid":{"rendered":"http:\/\/www.po-l.com\/wordpress\/?p=247"},"modified":"2012-09-03T09:39:57","modified_gmt":"2012-09-03T07:39:57","slug":"pis-a-prismes-3","status":"publish","type":"post","link":"https:\/\/www.wallendorff.com\/belogue\/2005\/12\/07\/pis-a-prismes-3\/","title":{"rendered":"Pis &agrave; prismes #3."},"content":{"rendered":"\n<div id=\"photo\">\n<p><img decoding=\"async\" src=\"http:\/\/www.po-L.com\/belogue\/photo\/2005\/12\/20051207.jpg\"\/><br \/>\n          Rue de Monttessuy, Paris, 30 novembre.<\/p>\n<\/p><\/div>\n<p>&quot;La Tour Eiffel fut construite en 1889 &agrave; l&rsquo;occasion de l&rsquo;Exposition universelle qui devait c&eacute;l&eacute;brer le centenaire de la R&eacute;volution Fran&ccedil;aise.<\/p>\n<p><strong>Entrepreneur<\/strong>&nbsp;: Gustave Eiffel &amp; Cie. <\/p>\n<p><strong>Ing&eacute;nieurs<\/strong>&nbsp;: Maurice Koechlin et &Eacute;mile Nouguier.<\/p>\n<p><strong>Architecte<\/strong>&nbsp;: Stephen Sauvestre.<\/p>\n<p><strong>&Eacute;tudes<\/strong>&nbsp;: 1884.<\/p>\n<p><strong>Ex&eacute;cution<\/strong>&nbsp;: 1887-1889 (2 ans, 2 mois et 5 jours).<\/p>\n<p><strong>Chantier<\/strong>&nbsp;:<\/p>\n<ul>\n<li>50 ing&eacute;nieurs et dessinateurs ex&eacute;cut&egrave;rent 5&nbsp;300 dessins.<\/li>\n<li>100 ouvriers fa&ccedil;onn&egrave;rent 18&nbsp;038 pi&egrave;ces en fer.<\/li>\n<li>121 ouvriers travaill&egrave;rent sur le chantier.<\/li>\n<\/ul>\n<p>Pour les fondations, on d&eacute;blaya 30&nbsp;973&nbsp;m<sup>3<\/sup>. On posa 2&nbsp;500&nbsp;000 rivets, mais seulement 1&nbsp;050&nbsp;846 sur le chantier.&quot;<\/p>\n<p style=\"text-align:right\">[Je sais, c&rsquo;est naze, mais faut bien trouver des trucs &agrave; mettre dans les notes, aussi.]<\/p>\n<div id=\"bandeson\">\n<p><img decoding=\"async\" src=\"https:\/\/www.wallendorff.com\/belogue\/photo\/pochettes\/d\/dresden_dolls_the-the_dresden_dolls.jpg\" align=\"left\" \/>&nbsp;<a href=\"http:\/\/www.dresdendolls.com\/\">The Dresden Dolls<\/a> &ndash; <em>The Jeep Song<\/em><\/p>\n<\/div>\n","protected":false},"excerpt":{"rendered":"<p>Rue de Monttessuy, Paris, 30 novembre. &quot;La Tour Eiffel fut construite en 1889 &agrave; l&rsquo;occasion de l&rsquo;Exposition universelle qui devait c&eacute;l&eacute;brer le centenaire de la R&eacute;volution Fran&ccedil;aise. Entrepreneur&nbsp;: Gustave Eiffel &amp; Cie. Ing&eacute;nieurs&nbsp;: Maurice Koechlin et &Eacute;mile Nouguier. Architecte&nbsp;: Stephen Sauvestre. &Eacute;tudes&nbsp;: 1884. Ex&eacute;cution&nbsp;: 1887-1889 (2 ans, 2 mois et 5 jours). Chantier&nbsp;: 50 ing&eacute;nieurs&hellip;<\/p>\n","protected":false},"author":1,"featured_media":24188,"comment_status":"open","ping_status":"open","sticky":false,"template":"","format":"standard","meta":{"_acf_changed":false,"ngg_post_thumbnail":0,"jetpack_post_was_ever_published":false,"_jetpack_newsletter_access":"","_jetpack_dont_email_post_to_subs":false,"_jetpack_newsletter_tier_id":0,"_jetpack_memberships_contains_paywalled_content":false,"_jetpack_memberships_contains_paid_content":false,"footnotes":"","jetpack_publicize_message":"","jetpack_publicize_feature_enabled":true,"jetpack_social_post_already_shared":false,"jetpack_social_options":{"image_generator_settings":{"template":"highway","default_image_id":0,"font":"","enabled":false},"version":2}},"categories":[13],"tags":[10235,142,132,463,10120,10121,143,10147,10098,1364,1363,10236],"class_list":["post-247","post","type-post","status-publish","format-standard","has-post-thumbnail","hentry","category-pis-a-prismes","tag-10235","tag-ef-s-10-22-mm-f35-45-usm","tag-eos-20d","tag-dresden-dolls","tag-france","tag-ile-de-france","tag-noir-et-blanc","tag-nuit","tag-paris","tag-rue-de-monttessuy","tag-the-jeep-song","tag-tour-eiffel"],"acf":[],"geo":{"latitude":48.8595772,"longitude":2.299093,"description":"18 Rue de Monttessuy, 75007 Paris, France"},"jetpack_publicize_connections":[],"jetpack_featured_media_url":"https:\/\/www.wallendorff.com\/belogue\/wp-content\/uploads\/2015\/04\/200512071.jpg","jetpack_shortlink":"https:\/\/wp.me\/p3b35P-3Z","jetpack_sharing_enabled":true,"jetpack-related-posts":[{"id":22070,"url":"https:\/\/www.wallendorff.com\/belogue\/2013\/11\/26\/pis-a-prismes-35\/","url_meta":{"origin":247,"position":0},"title":"Pis \u00e0 prismes #35.","author":"dpc","date":"26 novembre 2013","format":false,"excerpt":"Parc de Belleville, Paris, 4 octobre. Monter aux Cascades, passer dans un vernissage en coup de vent et chercher \u00e0 d\u00eener aux Envierges. En arrivant en haut du parc de Belleville, trouver la tour Eiffel devant un trou, la regarder quelques minutes et aller se faire un pr\u00e9-anniversaire dans le\u2026","rel":"","context":"Dans &quot;Pis \u00e0 prismes&quot;","block_context":{"text":"Pis \u00e0 prismes","link":"https:\/\/www.wallendorff.com\/belogue\/category\/pis-a-prismes\/"},"img":{"alt_text":"","src":"https:\/\/i0.wp.com\/www.wallendorff.com\/belogue\/wp-content\/uploads\/2015\/04\/201311261.jpg?resize=350%2C200&ssl=1","width":350,"height":200,"srcset":"https:\/\/i0.wp.com\/www.wallendorff.com\/belogue\/wp-content\/uploads\/2015\/04\/201311261.jpg?resize=350%2C200&ssl=1 1x, https:\/\/i0.wp.com\/www.wallendorff.com\/belogue\/wp-content\/uploads\/2015\/04\/201311261.jpg?resize=525%2C300&ssl=1 1.5x, https:\/\/i0.wp.com\/www.wallendorff.com\/belogue\/wp-content\/uploads\/2015\/04\/201311261.jpg?resize=700%2C400&ssl=1 2x"},"classes":[]},{"id":23847,"url":"https:\/\/www.wallendorff.com\/belogue\/2015\/02\/05\/pis-a-prismes-40\/","url_meta":{"origin":247,"position":1},"title":"Pis \u00e0 prismes #40.","author":"dpc","date":"5 f\u00e9vrier 2015","format":false,"excerpt":"Rue Saint-\u00c9leuth\u00e8re, Paris, 1er novembre 2014. Competition The Dodos","rel":"","context":"Dans &quot;Pis \u00e0 prismes&quot;","block_context":{"text":"Pis \u00e0 prismes","link":"https:\/\/www.wallendorff.com\/belogue\/category\/pis-a-prismes\/"},"img":{"alt_text":"","src":"https:\/\/i0.wp.com\/www.wallendorff.com\/belogue\/wp-content\/uploads\/2015\/04\/201502051.jpg?resize=350%2C200&ssl=1","width":350,"height":200,"srcset":"https:\/\/i0.wp.com\/www.wallendorff.com\/belogue\/wp-content\/uploads\/2015\/04\/201502051.jpg?resize=350%2C200&ssl=1 1x, https:\/\/i0.wp.com\/www.wallendorff.com\/belogue\/wp-content\/uploads\/2015\/04\/201502051.jpg?resize=525%2C300&ssl=1 1.5x, https:\/\/i0.wp.com\/www.wallendorff.com\/belogue\/wp-content\/uploads\/2015\/04\/201502051.jpg?resize=700%2C400&ssl=1 2x"},"classes":[]},{"id":245,"url":"https:\/\/www.wallendorff.com\/belogue\/2005\/12\/09\/pis-a-prismes-5\/","url_meta":{"origin":247,"position":2},"title":"Pis &agrave; prismes #5.","author":"dpc","date":"9 d\u00e9cembre 2005","format":false,"excerpt":"Tour Eiffel , Paris, 30 novembre. [On s'en lasse pas, hein?] Poids\u00a0: La Tour Eiffel est l\u00e9g\u00e8re, elle n'exerce qu'une pression de 4,5\u00a0kg.cm-2 (0,441\u00a0MPa) sur ses fondations. Si on place la Tour Eiffel dans un cylindre d'air, son poids ne d\u00e9passe pas le poids de l'air du cylindre. Poids de\u2026","rel":"","context":"Dans &quot;Pis \u00e0 prismes&quot;","block_context":{"text":"Pis \u00e0 prismes","link":"https:\/\/www.wallendorff.com\/belogue\/category\/pis-a-prismes\/"},"img":{"alt_text":"","src":"https:\/\/i0.wp.com\/www.wallendorff.com\/belogue\/wp-content\/uploads\/2015\/04\/200512091.jpg?resize=350%2C200&ssl=1","width":350,"height":200},"classes":[]},{"id":1173,"url":"https:\/\/www.wallendorff.com\/belogue\/2008\/02\/28\/pis-prismes-11\/","url_meta":{"origin":247,"position":3},"title":"Pis \u00e0 prismes #11.","author":"dpc","date":"28 f\u00e9vrier 2008","format":false,"excerpt":"Tour Eiffel, Paris, 27 janvier. Et garder le meilleur pour la fin. \u00a0MGMT \u2013 Time to Pretend","rel":"","context":"Dans &quot;Pis \u00e0 prismes&quot;","block_context":{"text":"Pis \u00e0 prismes","link":"https:\/\/www.wallendorff.com\/belogue\/category\/pis-a-prismes\/"},"img":{"alt_text":"","src":"https:\/\/i0.wp.com\/www.wallendorff.com\/belogue\/wp-content\/uploads\/2015\/04\/200802281.jpg?resize=350%2C200&ssl=1","width":350,"height":200,"srcset":"https:\/\/i0.wp.com\/www.wallendorff.com\/belogue\/wp-content\/uploads\/2015\/04\/200802281.jpg?resize=350%2C200&ssl=1 1x, https:\/\/i0.wp.com\/www.wallendorff.com\/belogue\/wp-content\/uploads\/2015\/04\/200802281.jpg?resize=525%2C300&ssl=1 1.5x"},"classes":[]},{"id":16538,"url":"https:\/\/www.wallendorff.com\/belogue\/2012\/03\/26\/pis-a-prismes-27-2\/","url_meta":{"origin":247,"position":4},"title":"Pis \u00e0 prismes #27.","author":"dpc","date":"26 mars 2012","format":false,"excerpt":"Rue Aza\u00efs, Paris, 5 f\u00e9vrier. [Joyeux annive.] ...N'est rien de plus qu'une version diurne du num\u00e9ro 26, certes, \u00e0 part que si vous regardez bien, vous pouvez constater qu'en 1 an et 17 jours une grosse b\u00eate branche est venue pousser en plein milieu du champ, ce qui montre bien\u2026","rel":"","context":"Dans &quot;Pis \u00e0 prismes&quot;","block_context":{"text":"Pis \u00e0 prismes","link":"https:\/\/www.wallendorff.com\/belogue\/category\/pis-a-prismes\/"},"img":{"alt_text":"","src":"https:\/\/i0.wp.com\/www.wallendorff.com\/belogue\/wp-content\/uploads\/2015\/04\/201203261.jpg?resize=350%2C200&ssl=1","width":350,"height":200,"srcset":"https:\/\/i0.wp.com\/www.wallendorff.com\/belogue\/wp-content\/uploads\/2015\/04\/201203261.jpg?resize=350%2C200&ssl=1 1x, https:\/\/i0.wp.com\/www.wallendorff.com\/belogue\/wp-content\/uploads\/2015\/04\/201203261.jpg?resize=525%2C300&ssl=1 1.5x"},"classes":[]},{"id":21603,"url":"https:\/\/www.wallendorff.com\/belogue\/2013\/09\/16\/pis-a-prismes-34\/","url_meta":{"origin":247,"position":5},"title":"Pis \u00e0 prismes #34.","author":"dpc","date":"16 septembre 2013","format":false,"excerpt":"Rue de Grenelle, Paris, 11 ao\u00fbt. Pale ImitationYoav","rel":"","context":"Dans &quot;Pis \u00e0 prismes&quot;","block_context":{"text":"Pis \u00e0 prismes","link":"https:\/\/www.wallendorff.com\/belogue\/category\/pis-a-prismes\/"},"img":{"alt_text":"","src":"https:\/\/i0.wp.com\/www.wallendorff.com\/belogue\/wp-content\/uploads\/2015\/04\/201309161.jpg?resize=350%2C200&ssl=1","width":350,"height":200},"classes":[]}],"_links":{"self":[{"href":"https:\/\/www.wallendorff.com\/belogue\/wp-json\/wp\/v2\/posts\/247","targetHints":{"allow":["GET"]}}],"collection":[{"href":"https:\/\/www.wallendorff.com\/belogue\/wp-json\/wp\/v2\/posts"}],"about":[{"href":"https:\/\/www.wallendorff.com\/belogue\/wp-json\/wp\/v2\/types\/post"}],"author":[{"embeddable":true,"href":"https:\/\/www.wallendorff.com\/belogue\/wp-json\/wp\/v2\/users\/1"}],"replies":[{"embeddable":true,"href":"https:\/\/www.wallendorff.com\/belogue\/wp-json\/wp\/v2\/comments?post=247"}],"version-history":[{"count":1,"href":"https:\/\/www.wallendorff.com\/belogue\/wp-json\/wp\/v2\/posts\/247\/revisions"}],"predecessor-version":[{"id":18866,"href":"https:\/\/www.wallendorff.com\/belogue\/wp-json\/wp\/v2\/posts\/247\/revisions\/18866"}],"wp:featuredmedia":[{"embeddable":true,"href":"https:\/\/www.wallendorff.com\/belogue\/wp-json\/wp\/v2\/media\/24188"}],"wp:attachment":[{"href":"https:\/\/www.wallendorff.com\/belogue\/wp-json\/wp\/v2\/media?parent=247"}],"wp:term":[{"taxonomy":"category","embeddable":true,"href":"https:\/\/www.wallendorff.com\/belogue\/wp-json\/wp\/v2\/categories?post=247"},{"taxonomy":"post_tag","embeddable":true,"href":"https:\/\/www.wallendorff.com\/belogue\/wp-json\/wp\/v2\/tags?post=247"}],"curies":[{"name":"wp","href":"https:\/\/api.w.org\/{rel}","templated":true}]}}