{"id":245,"date":"2005-12-09T00:08:57","date_gmt":"2005-12-09T00:08:57","guid":{"rendered":"http:\/\/www.po-l.com\/wordpress\/?p=245"},"modified":"2012-09-04T09:54:10","modified_gmt":"2012-09-04T07:54:10","slug":"pis-a-prismes-5","status":"publish","type":"post","link":"https:\/\/www.wallendorff.com\/belogue\/2005\/12\/09\/pis-a-prismes-5\/","title":{"rendered":"Pis &agrave; prismes #5."},"content":{"rendered":"\n<div id=\"photo\">\n<p><img decoding=\"async\" src=\"http:\/\/www.po-L.com\/belogue\/photo\/2005\/12\/20051209.jpg\"\/><br \/>\n          Tour Eiffel , Paris, 30 novembre.<br \/>\n          [On s&rsquo;en lasse pas, hein?]<\/p>\n<\/p><\/div>\n<p><strong>Poids<\/strong>&nbsp;: La Tour Eiffel est l&eacute;g&egrave;re, elle n&rsquo;exerce qu&rsquo;une pression de 4,5&nbsp;kg.cm<sup>-2<\/sup> (0,441&nbsp;MPa) sur ses fondations. Si on place la Tour Eiffel dans un cylindre d&rsquo;air, son poids ne d&eacute;passe pas le poids de l&rsquo;air du cylindre.<\/p>\n<p><strong>Poids de la charpente m&eacute;tallique<\/strong>&nbsp;: 7&nbsp;300 tonnes.<\/p>\n<p><strong>Poids total<\/strong>&nbsp;: 10&nbsp;000 tonnes. <\/p>\n<p><strong>D&eacute;formation<\/strong>&nbsp;:<br \/>\n        Sous l&rsquo;action du vent, le sommet se d&eacute;place de 6 &agrave; 7 cm.<br \/>\n        Sous l&rsquo;action de la chaleur, le sommet d&eacute;crit une courbe pouvant aller jusqu&rsquo;&agrave; 18 cm.<\/p>\n<p><strong>Base<\/strong>&nbsp;: Les piliers sont orient&eacute;s aux quatre points cardinaux et inscrits dans un carr&eacute; de 125&nbsp;m de c&ocirc;t&eacute;.<\/p>\n<p><strong>Hauteur<\/strong>&nbsp;: <\/p>\n<ul>\n<li>Mesure 1889 (hauteur avec drapeau)&nbsp;: 312,27&nbsp;m <\/li>\n<li>Mesure 1991 (hauteur avec antenne)&nbsp;: 317,96&nbsp;m <\/li>\n<li>Mesure 1994 (hauteur avec antenne)&nbsp;: 318,70&nbsp;m <\/li>\n<li>Mesure 2000 (hauteur avec antenne)&nbsp;: 324,00&nbsp;m <\/li>\n<\/ul>\n<p style=\"text-align:right\">&quot; <em>The streets are empty, the streets are cold <br \/>\n        Won&rsquo;t you come on home, won&rsquo;t you come on home?<\/em>&quot;<\/p>\n<div id=\"bandeson\">\n<p><img decoding=\"async\" src=\"https:\/\/www.wallendorff.com\/belogue\/photo\/pochettes\/blank.jpg\" align=\"left\" \/>&nbsp;<a href=\"http:\/\/www.simpleminds.com\/\">Simple Minds<\/a> &mdash; <em>Belfast Child<\/em> (live)<\/p>\n<\/p><\/div>\n","protected":false},"excerpt":{"rendered":"<p>Tour Eiffel , Paris, 30 novembre. [On s&rsquo;en lasse pas, hein?] Poids&nbsp;: La Tour Eiffel est l&eacute;g&egrave;re, elle n&rsquo;exerce qu&rsquo;une pression de 4,5&nbsp;kg.cm-2 (0,441&nbsp;MPa) sur ses fondations. Si on place la Tour Eiffel dans un cylindre d&rsquo;air, son poids ne d&eacute;passe pas le poids de l&rsquo;air du cylindre. Poids de la charpente m&eacute;tallique&nbsp;: 7&nbsp;300 tonnes.&hellip;<\/p>\n","protected":false},"author":1,"featured_media":24186,"comment_status":"open","ping_status":"open","sticky":false,"template":"","format":"standard","meta":{"_acf_changed":false,"ngg_post_thumbnail":0,"jetpack_post_was_ever_published":false,"_jetpack_newsletter_access":"","_jetpack_dont_email_post_to_subs":false,"_jetpack_newsletter_tier_id":0,"_jetpack_memberships_contains_paywalled_content":false,"_jetpack_memberships_contains_paid_content":false,"footnotes":"","jetpack_publicize_message":"","jetpack_publicize_feature_enabled":true,"jetpack_social_post_already_shared":false,"jetpack_social_options":{"image_generator_settings":{"template":"highway","default_image_id":0,"font":"","enabled":false},"version":2}},"categories":[13],"tags":[10235,616,1365,142,132,10120,10121,782,10147,10098,10206,10236],"class_list":["post-245","post","type-post","status-publish","format-standard","has-post-thumbnail","hentry","category-pis-a-prismes","tag-10235","tag-belfast-child","tag-brouillard","tag-ef-s-10-22-mm-f35-45-usm","tag-eos-20d","tag-france","tag-ile-de-france","tag-jaune","tag-nuit","tag-paris","tag-simple-minds","tag-tour-eiffel"],"acf":[],"geo":{"latitude":48.8580513,"longitude":2.295295,"description":"Avenue Anatole France, 75007 Paris, France"},"jetpack_publicize_connections":[],"jetpack_featured_media_url":"https:\/\/www.wallendorff.com\/belogue\/wp-content\/uploads\/2015\/04\/200512091.jpg","jetpack_shortlink":"https:\/\/wp.me\/p3b35P-3X","jetpack_sharing_enabled":true,"jetpack-related-posts":[{"id":9601,"url":"https:\/\/www.wallendorff.com\/belogue\/2010\/10\/05\/pis-a-prismes-22\/","url_meta":{"origin":245,"position":0},"title":"Pis \u00e0 prismes #22.","author":"dpc","date":"5 octobre 2010","format":false,"excerpt":"5 ao\u00fbt. \u00a0The Libertines \u2013 France","rel":"","context":"Dans &quot;Pis \u00e0 prismes&quot;","block_context":{"text":"Pis \u00e0 prismes","link":"https:\/\/www.wallendorff.com\/belogue\/category\/pis-a-prismes\/"},"img":{"alt_text":"","src":"https:\/\/i0.wp.com\/www.wallendorff.com\/belogue\/wp-content\/uploads\/2015\/04\/201010051.jpg?resize=350%2C200&ssl=1","width":350,"height":200},"classes":[]},{"id":246,"url":"https:\/\/www.wallendorff.com\/belogue\/2005\/12\/08\/pis-a-prismes-4\/","url_meta":{"origin":245,"position":1},"title":"Pis &agrave; prismes #4.","author":"dpc","date":"8 d\u00e9cembre 2005","format":false,"excerpt":"Tour Eiffel, Paris, 30 novembre. Borracho. Voy a dormir.","rel":"","context":"Dans &quot;Pis \u00e0 prismes&quot;","block_context":{"text":"Pis \u00e0 prismes","link":"https:\/\/www.wallendorff.com\/belogue\/category\/pis-a-prismes\/"},"img":{"alt_text":"","src":"https:\/\/i0.wp.com\/www.wallendorff.com\/belogue\/wp-content\/uploads\/2015\/04\/200512081.jpg?resize=350%2C200&ssl=1","width":350,"height":200},"classes":[]},{"id":22070,"url":"https:\/\/www.wallendorff.com\/belogue\/2013\/11\/26\/pis-a-prismes-35\/","url_meta":{"origin":245,"position":2},"title":"Pis \u00e0 prismes #35.","author":"dpc","date":"26 novembre 2013","format":false,"excerpt":"Parc de Belleville, Paris, 4 octobre. Monter aux Cascades, passer dans un vernissage en coup de vent et chercher \u00e0 d\u00eener aux Envierges. En arrivant en haut du parc de Belleville, trouver la tour Eiffel devant un trou, la regarder quelques minutes et aller se faire un pr\u00e9-anniversaire dans le\u2026","rel":"","context":"Dans &quot;Pis \u00e0 prismes&quot;","block_context":{"text":"Pis \u00e0 prismes","link":"https:\/\/www.wallendorff.com\/belogue\/category\/pis-a-prismes\/"},"img":{"alt_text":"","src":"https:\/\/i0.wp.com\/www.wallendorff.com\/belogue\/wp-content\/uploads\/2015\/04\/201311261.jpg?resize=350%2C200&ssl=1","width":350,"height":200,"srcset":"https:\/\/i0.wp.com\/www.wallendorff.com\/belogue\/wp-content\/uploads\/2015\/04\/201311261.jpg?resize=350%2C200&ssl=1 1x, https:\/\/i0.wp.com\/www.wallendorff.com\/belogue\/wp-content\/uploads\/2015\/04\/201311261.jpg?resize=525%2C300&ssl=1 1.5x, https:\/\/i0.wp.com\/www.wallendorff.com\/belogue\/wp-content\/uploads\/2015\/04\/201311261.jpg?resize=700%2C400&ssl=1 2x"},"classes":[]},{"id":1173,"url":"https:\/\/www.wallendorff.com\/belogue\/2008\/02\/28\/pis-prismes-11\/","url_meta":{"origin":245,"position":3},"title":"Pis \u00e0 prismes #11.","author":"dpc","date":"28 f\u00e9vrier 2008","format":false,"excerpt":"Tour Eiffel, Paris, 27 janvier. Et garder le meilleur pour la fin. \u00a0MGMT \u2013 Time to Pretend","rel":"","context":"Dans &quot;Pis \u00e0 prismes&quot;","block_context":{"text":"Pis \u00e0 prismes","link":"https:\/\/www.wallendorff.com\/belogue\/category\/pis-a-prismes\/"},"img":{"alt_text":"","src":"https:\/\/i0.wp.com\/www.wallendorff.com\/belogue\/wp-content\/uploads\/2015\/04\/200802281.jpg?resize=350%2C200&ssl=1","width":350,"height":200,"srcset":"https:\/\/i0.wp.com\/www.wallendorff.com\/belogue\/wp-content\/uploads\/2015\/04\/200802281.jpg?resize=350%2C200&ssl=1 1x, https:\/\/i0.wp.com\/www.wallendorff.com\/belogue\/wp-content\/uploads\/2015\/04\/200802281.jpg?resize=525%2C300&ssl=1 1.5x"},"classes":[]},{"id":21448,"url":"https:\/\/www.wallendorff.com\/belogue\/2013\/08\/19\/into-the-wide-16-x-pis-a-prismes-33\/","url_meta":{"origin":245,"position":4},"title":"Into the wide #16 \u00d7 Pis \u00e0 prismes #33.","author":"dpc","date":"19 ao\u00fbt 2013","format":false,"excerpt":"Pont de Bir-Hakeim, Paris, 10 juin. Du m\u00eame endroit que la fameuseTour Eiffel \u00e0 la fistule anale de Louis XIV. The West Ty Segall","rel":"","context":"Dans &quot;Into the wide&quot;","block_context":{"text":"Into the wide","link":"https:\/\/www.wallendorff.com\/belogue\/category\/into-the-wide\/"},"img":{"alt_text":"","src":"https:\/\/i0.wp.com\/www.wallendorff.com\/belogue\/wp-content\/uploads\/2015\/04\/201308191.jpg?resize=350%2C200&ssl=1","width":350,"height":200,"srcset":"https:\/\/i0.wp.com\/www.wallendorff.com\/belogue\/wp-content\/uploads\/2015\/04\/201308191.jpg?resize=350%2C200&ssl=1 1x, https:\/\/i0.wp.com\/www.wallendorff.com\/belogue\/wp-content\/uploads\/2015\/04\/201308191.jpg?resize=525%2C300&ssl=1 1.5x, https:\/\/i0.wp.com\/www.wallendorff.com\/belogue\/wp-content\/uploads\/2015\/04\/201308191.jpg?resize=700%2C400&ssl=1 2x"},"classes":[]},{"id":35,"url":"https:\/\/www.wallendorff.com\/belogue\/2005\/10\/31\/pis-a-prismes\/","url_meta":{"origin":245,"position":5},"title":"Pis &agrave; prismes.","author":"dpc","date":"31 octobre 2005","format":false,"excerpt":"Tour Eiffel, Paris, 6 octobre. [Je sais, c'est super original comme clich\u00e9.] \"God it's been a lovely day Everything's been going my way I\u00a0took out the trash today And I'm on fire\" \u00a0The Dresden Dolls \u2013 Good Day","rel":"","context":"Dans &quot;Pis \u00e0 prismes&quot;","block_context":{"text":"Pis \u00e0 prismes","link":"https:\/\/www.wallendorff.com\/belogue\/category\/pis-a-prismes\/"},"img":{"alt_text":"","src":"https:\/\/i0.wp.com\/www.wallendorff.com\/belogue\/wp-content\/uploads\/2015\/04\/200510311.jpg?resize=350%2C200&ssl=1","width":350,"height":200,"srcset":"https:\/\/i0.wp.com\/www.wallendorff.com\/belogue\/wp-content\/uploads\/2015\/04\/200510311.jpg?resize=350%2C200&ssl=1 1x, https:\/\/i0.wp.com\/www.wallendorff.com\/belogue\/wp-content\/uploads\/2015\/04\/200510311.jpg?resize=525%2C300&ssl=1 1.5x, https:\/\/i0.wp.com\/www.wallendorff.com\/belogue\/wp-content\/uploads\/2015\/04\/200510311.jpg?resize=700%2C400&ssl=1 2x"},"classes":[]}],"_links":{"self":[{"href":"https:\/\/www.wallendorff.com\/belogue\/wp-json\/wp\/v2\/posts\/245","targetHints":{"allow":["GET"]}}],"collection":[{"href":"https:\/\/www.wallendorff.com\/belogue\/wp-json\/wp\/v2\/posts"}],"about":[{"href":"https:\/\/www.wallendorff.com\/belogue\/wp-json\/wp\/v2\/types\/post"}],"author":[{"embeddable":true,"href":"https:\/\/www.wallendorff.com\/belogue\/wp-json\/wp\/v2\/users\/1"}],"replies":[{"embeddable":true,"href":"https:\/\/www.wallendorff.com\/belogue\/wp-json\/wp\/v2\/comments?post=245"}],"version-history":[{"count":1,"href":"https:\/\/www.wallendorff.com\/belogue\/wp-json\/wp\/v2\/posts\/245\/revisions"}],"predecessor-version":[{"id":18882,"href":"https:\/\/www.wallendorff.com\/belogue\/wp-json\/wp\/v2\/posts\/245\/revisions\/18882"}],"wp:featuredmedia":[{"embeddable":true,"href":"https:\/\/www.wallendorff.com\/belogue\/wp-json\/wp\/v2\/media\/24186"}],"wp:attachment":[{"href":"https:\/\/www.wallendorff.com\/belogue\/wp-json\/wp\/v2\/media?parent=245"}],"wp:term":[{"taxonomy":"category","embeddable":true,"href":"https:\/\/www.wallendorff.com\/belogue\/wp-json\/wp\/v2\/categories?post=245"},{"taxonomy":"post_tag","embeddable":true,"href":"https:\/\/www.wallendorff.com\/belogue\/wp-json\/wp\/v2\/tags?post=245"}],"curies":[{"name":"wp","href":"https:\/\/api.w.org\/{rel}","templated":true}]}}