{"id":241,"date":"2005-12-13T00:00:05","date_gmt":"2005-12-13T00:00:05","guid":{"rendered":"http:\/\/www.po-l.com\/wordpress\/?p=241"},"modified":"2014-01-06T13:48:29","modified_gmt":"2014-01-06T11:48:29","slug":"des-heures-donnees","status":"publish","type":"post","link":"https:\/\/www.wallendorff.com\/belogue\/2005\/12\/13\/des-heures-donnees\/","title":{"rendered":"Des heures donn&eacute;es&sup1;."},"content":{"rendered":"<div id=\"photo\">\n<p><img decoding=\"async\" src=\"http:\/\/www.po-L.com\/belogue\/photo\/2005\/12\/20051213.jpg\" \/><br \/>\nSleepless in Cit&eacute;<sup>2<\/sup>, Paris, 02 d&eacute;cembre 2005, 08h05.<\/p>\n<\/div>\n<p style=\"text-align:right\">Et apr&egrave;s tout ces &eacute;crits,<br \/>\n    Il n&rsquo;y a plus qu&rsquo;&agrave; finir<br \/>\n    au <em>lit<\/em>.<\/p>\n<div id=\"bandeson\">\n<p><img decoding=\"async\" src=\"https:\/\/www.wallendorff.com\/belogue\/photo\/pochettes\/p\/placebo-sleeping_with_ghosts.jpg\" align=\"left\" \/>&nbsp;<a href=\"http:\/\/www.placeboworld.co.uk\/\">Placebo<\/a> &ndash; <em>Running Up That Hill<\/em> (Kate Bush cover)<\/p>\n<\/div>\n<p>_____<\/p>\n<div id=\"bas_note\">\n<p><sup>1<\/sup> Ils vont finir par le voir, les gens, que j&rsquo;ai la flemme du titre en ce moment.<\/p>\n<p><sup>2<\/sup> J&rsquo;ai pas pu le mettre dans la l&eacute;gende de la photo, mais je tiens &agrave; pr&eacute;ciser que Notre-Dame est une cath&eacute;drale toujours aussi moche. M&ecirc;me baign&eacute;e dans le jus de Schtroumpf. <\/p>\n<\/div>\n","protected":false},"excerpt":{"rendered":"<p>Sleepless in Cit&eacute;2, Paris, 02 d&eacute;cembre 2005, 08h05. Et apr&egrave;s tout ces &eacute;crits, Il n&rsquo;y a plus qu&rsquo;&agrave; finir au lit. &nbsp;Placebo &ndash; Running Up That Hill (Kate Bush cover) _____ 1 Ils vont finir par le voir, les gens, que j&rsquo;ai la flemme du titre en ce moment. 2 J&rsquo;ai pas pu le mettre&hellip;<\/p>\n","protected":false},"author":1,"featured_media":24180,"comment_status":"open","ping_status":"open","sticky":false,"template":"","format":"standard","meta":{"_acf_changed":false,"ngg_post_thumbnail":0,"jetpack_post_was_ever_published":false,"_jetpack_newsletter_access":"","_jetpack_dont_email_post_to_subs":false,"_jetpack_newsletter_tier_id":0,"_jetpack_memberships_contains_paywalled_content":false,"_jetpack_memberships_contains_paid_content":false,"footnotes":"","jetpack_publicize_message":"","jetpack_publicize_feature_enabled":true,"jetpack_social_post_already_shared":false,"jetpack_social_options":{"image_generator_settings":{"template":"highway","default_image_id":0,"font":"","enabled":false},"version":2}},"categories":[3],"tags":[10277,737,142,132,10743,931,10319,10120,10279,10121,1373,1372,10098,11768,10086,401],"class_list":["post-241","post","type-post","status-publish","format-standard","has-post-thumbnail","hentry","category-dpc","tag-10277","tag-bleu","tag-ef-s-10-22-mm-f35-45-usm","tag-eos-20d","tag-cathedrale","tag-cathedrale-notre-dame-de-paris","tag-flou","tag-france","tag-ile-de-la-cite","tag-ile-de-france","tag-kate-bush","tag-matin","tag-paris","tag-parvis-notre-dame-place-jean-paul-ii","tag-placebo","tag-running-up-that-hill"],"acf":[],"geo":{"latitude":48.8536873,"longitude":2.3476624,"description":null},"jetpack_publicize_connections":[],"jetpack_featured_media_url":"https:\/\/www.wallendorff.com\/belogue\/wp-content\/uploads\/2015\/04\/200512131.jpg","jetpack_shortlink":"https:\/\/wp.me\/p3b35P-3T","jetpack_sharing_enabled":true,"jetpack-related-posts":[{"id":200,"url":"https:\/\/www.wallendorff.com\/belogue\/2006\/01\/09\/les-grands-epris-s-rendent-comptes\/","url_meta":{"origin":241,"position":0},"title":"Les grands &eacute;pris s&rsquo;rendent comptes.","author":"dpc","date":"9 janvier 2006","format":false,"excerpt":"Parvis Notre-Dame1 \u2013 place Jean-Paul-II, Paris, 2 janvier, 19h08. \u201cI'm unclean, a libertine And every time you vent your spleen, I seem to lose the power of speech, Your slipping slowly from my reach. You grow me like an evergreen, You never see the lonely me at all\u201d [En parlant\u2026","rel":"","context":"Dans &quot;DPC&quot;","block_context":{"text":"DPC","link":"https:\/\/www.wallendorff.com\/belogue\/category\/dpc\/"},"img":{"alt_text":"","src":"https:\/\/i0.wp.com\/www.wallendorff.com\/belogue\/wp-content\/uploads\/2015\/04\/200601091.jpg?resize=350%2C200&ssl=1","width":350,"height":200},"classes":[]},{"id":130781,"url":"https:\/\/www.wallendorff.com\/belogue\/2024\/10\/10\/reinstallation-de-la-croix-du-chevet-de-notre-dame\/","url_meta":{"origin":241,"position":1},"title":"R\u00e9installation de la croix du chevet de Notre-Dame","author":"dpc","date":"10 octobre 2024","format":false,"excerpt":"","rel":"","context":"Dans &quot;DPC&quot;","block_context":{"text":"DPC","link":"https:\/\/www.wallendorff.com\/belogue\/category\/dpc\/"},"img":{"alt_text":"","src":"https:\/\/i0.wp.com\/www.wallendorff.com\/belogue\/wp-content\/uploads\/2024\/10\/20241010-23.jpg?resize=350%2C200&ssl=1","width":350,"height":200,"srcset":"https:\/\/i0.wp.com\/www.wallendorff.com\/belogue\/wp-content\/uploads\/2024\/10\/20241010-23.jpg?resize=350%2C200&ssl=1 1x, https:\/\/i0.wp.com\/www.wallendorff.com\/belogue\/wp-content\/uploads\/2024\/10\/20241010-23.jpg?resize=525%2C300&ssl=1 1.5x, https:\/\/i0.wp.com\/www.wallendorff.com\/belogue\/wp-content\/uploads\/2024\/10\/20241010-23.jpg?resize=700%2C400&ssl=1 2x, https:\/\/i0.wp.com\/www.wallendorff.com\/belogue\/wp-content\/uploads\/2024\/10\/20241010-23.jpg?resize=1050%2C600&ssl=1 3x"},"classes":[]},{"id":22345,"url":"https:\/\/www.wallendorff.com\/belogue\/2014\/01\/06\/sapins-trient-forts-ceux-des-villes\/","url_meta":{"origin":241,"position":2},"title":"Sapins trient fort ceux des villes.","author":"dpc","date":"6 janvier 2014","format":false,"excerpt":"Parvis Notre-Dame \u2013 place Jean-Paul-II, Paris, 16 d\u00e9cembre 2013. [Je fais un peu beaucoup dans la cath\u00e9drale, ces temps.] Is This Christmas? The Wombats","rel":"","context":"Dans &quot;DPC&quot;","block_context":{"text":"DPC","link":"https:\/\/www.wallendorff.com\/belogue\/category\/dpc\/"},"img":{"alt_text":"","src":"https:\/\/i0.wp.com\/www.wallendorff.com\/belogue\/wp-content\/uploads\/2015\/04\/201401061.jpg?resize=350%2C200&ssl=1","width":350,"height":200,"srcset":"https:\/\/i0.wp.com\/www.wallendorff.com\/belogue\/wp-content\/uploads\/2015\/04\/201401061.jpg?resize=350%2C200&ssl=1 1x, https:\/\/i0.wp.com\/www.wallendorff.com\/belogue\/wp-content\/uploads\/2015\/04\/201401061.jpg?resize=525%2C300&ssl=1 1.5x, https:\/\/i0.wp.com\/www.wallendorff.com\/belogue\/wp-content\/uploads\/2015\/04\/201401061.jpg?resize=700%2C400&ssl=1 2x"},"classes":[]},{"id":364,"url":"https:\/\/www.wallendorff.com\/belogue\/2005\/05\/26\/pingouin-dans-l-champs-hiver-mechant\/","url_meta":{"origin":241,"position":3},"title":"Pingouin dans l&rsquo;champ, hiver m\u00e9chant\u00b9.","author":"dpc","date":"26 mai 2005","format":false,"excerpt":"Notre-Dame-est-une-cath\u00e9drale-moche-[et-albinos], Paris, 18 mai. \u00a0Soledad Brothers \u2013 Break 'Em on Down (live) _____ 1 Aujourd'hui, le titre est un jeu de mot en pi\u00e8ces d\u00e9tach\u00e9es \u00e0 assembler toi-m\u00eame! Avec tes amis, amuse-toi \u00e0 ins\u00e9rer dans le proverbe belge2 fourni les termes \"cath\u00e9drale\", \"lampadaire\" et tous leurs synonymes\u00a0! 2 Un proverbe\u2026","rel":"","context":"Dans &quot;DPC&quot;","block_context":{"text":"DPC","link":"https:\/\/www.wallendorff.com\/belogue\/category\/dpc\/"},"img":{"alt_text":"","src":"https:\/\/i0.wp.com\/www.wallendorff.com\/belogue\/wp-content\/uploads\/2015\/04\/200505261.jpg?resize=350%2C200&ssl=1","width":350,"height":200},"classes":[]},{"id":3918,"url":"https:\/\/www.wallendorff.com\/belogue\/2009\/02\/18\/grandes-sorgues\/","url_meta":{"origin":241,"position":4},"title":"Grandes sorgues.","author":"dpc","date":"18 f\u00e9vrier 2009","format":false,"excerpt":"Rue du Clo\u00eetre Notre-Dame, Paris, 13 janvier. Y a quand m\u00eame des gens, dans la vie, \u00e7a fait du bien de les entendre \u00e0 nouveau . \u00a0Ghinzu \u2013 Cold Love","rel":"","context":"Dans &quot;DPC&quot;","block_context":{"text":"DPC","link":"https:\/\/www.wallendorff.com\/belogue\/category\/dpc\/"},"img":{"alt_text":"","src":"https:\/\/i0.wp.com\/www.wallendorff.com\/belogue\/wp-content\/uploads\/2015\/04\/200902181.jpg?resize=350%2C200&ssl=1","width":350,"height":200,"srcset":"https:\/\/i0.wp.com\/www.wallendorff.com\/belogue\/wp-content\/uploads\/2015\/04\/200902181.jpg?resize=350%2C200&ssl=1 1x, https:\/\/i0.wp.com\/www.wallendorff.com\/belogue\/wp-content\/uploads\/2015\/04\/200902181.jpg?resize=525%2C300&ssl=1 1.5x"},"classes":[]},{"id":135994,"url":"https:\/\/www.wallendorff.com\/belogue\/2026\/04\/27\/pierres-belle-mare\/","url_meta":{"origin":241,"position":5},"title":"Pierres, belle mare.","author":"dpc","date":"27 avril 2026","format":false,"excerpt":"Port de Montebello, Paris, 6 f\u00e9vrier 2026.","rel":"","context":"Dans &quot;DPC&quot;","block_context":{"text":"DPC","link":"https:\/\/www.wallendorff.com\/belogue\/category\/dpc\/"},"img":{"alt_text":"","src":"https:\/\/i0.wp.com\/www.wallendorff.com\/belogue\/wp-content\/uploads\/2026\/04\/20260427.jpg?resize=350%2C200&ssl=1","width":350,"height":200,"srcset":"https:\/\/i0.wp.com\/www.wallendorff.com\/belogue\/wp-content\/uploads\/2026\/04\/20260427.jpg?resize=350%2C200&ssl=1 1x, https:\/\/i0.wp.com\/www.wallendorff.com\/belogue\/wp-content\/uploads\/2026\/04\/20260427.jpg?resize=525%2C300&ssl=1 1.5x, https:\/\/i0.wp.com\/www.wallendorff.com\/belogue\/wp-content\/uploads\/2026\/04\/20260427.jpg?resize=700%2C400&ssl=1 2x"},"classes":[]}],"_links":{"self":[{"href":"https:\/\/www.wallendorff.com\/belogue\/wp-json\/wp\/v2\/posts\/241","targetHints":{"allow":["GET"]}}],"collection":[{"href":"https:\/\/www.wallendorff.com\/belogue\/wp-json\/wp\/v2\/posts"}],"about":[{"href":"https:\/\/www.wallendorff.com\/belogue\/wp-json\/wp\/v2\/types\/post"}],"author":[{"embeddable":true,"href":"https:\/\/www.wallendorff.com\/belogue\/wp-json\/wp\/v2\/users\/1"}],"replies":[{"embeddable":true,"href":"https:\/\/www.wallendorff.com\/belogue\/wp-json\/wp\/v2\/comments?post=241"}],"version-history":[{"count":3,"href":"https:\/\/www.wallendorff.com\/belogue\/wp-json\/wp\/v2\/posts\/241\/revisions"}],"predecessor-version":[{"id":22343,"href":"https:\/\/www.wallendorff.com\/belogue\/wp-json\/wp\/v2\/posts\/241\/revisions\/22343"}],"wp:featuredmedia":[{"embeddable":true,"href":"https:\/\/www.wallendorff.com\/belogue\/wp-json\/wp\/v2\/media\/24180"}],"wp:attachment":[{"href":"https:\/\/www.wallendorff.com\/belogue\/wp-json\/wp\/v2\/media?parent=241"}],"wp:term":[{"taxonomy":"category","embeddable":true,"href":"https:\/\/www.wallendorff.com\/belogue\/wp-json\/wp\/v2\/categories?post=241"},{"taxonomy":"post_tag","embeddable":true,"href":"https:\/\/www.wallendorff.com\/belogue\/wp-json\/wp\/v2\/tags?post=241"}],"curies":[{"name":"wp","href":"https:\/\/api.w.org\/{rel}","templated":true}]}}