{"id":23929,"date":"2015-03-31T10:55:19","date_gmt":"2015-03-31T08:55:19","guid":{"rendered":"http:\/\/www.wallendorff.com\/?p=23929"},"modified":"2016-06-03T11:58:50","modified_gmt":"2016-06-03T09:58:50","slug":"into-the-wide-43","status":"publish","type":"post","link":"https:\/\/www.wallendorff.com\/belogue\/2015\/03\/31\/into-the-wide-43\/","title":{"rendered":"Into the wide #43."},"content":{"rendered":"\n<div id=\"photo\">\n<p><img decoding=\"async\" src=\"https:\/\/www.wallendorff.com\/belogue\/photo\/2015\/03\/20150331.jpg\"><br \/>\nMaria-Theresien-Platz, Vienne, 21 f&eacute;vrier.<\/p>\n<\/div>\n<p style=\"text-align:right\">En plus grand sur <a href=\"https:\/\/500px.com\/photo\/103437195\/maria-theresien-platz-wien-21-02-2015-by-monsieur-wallendorff\">500px<\/a>, si jamais.<\/p>\n<div id=\"bandeson\">\n<p><img decoding=\"async\" src=\"https:\/\/www.wallendorff.com\/belogue\/photo\/pochettes\/d\/decemberists_the-what_a_terrible_world_what_a_wonderful_world.jpg\" align=\"left\" \/><a style=\"font-weight:normal\" id=\"lienmp3\" href=\"http:\/\/www.youtube.com\/watch?v=-fZwphTpJWI\"><em>Carolina Low<\/em><\/a><br \/>\n<a href=\"http:\/\/www.decemberists.com\/\">The Decemberists<\/a><\/p>\n<\/p><\/div>\n","protected":false},"excerpt":{"rendered":"<p>Maria-Theresien-Platz, Vienne, 21 f&eacute;vrier. En plus grand sur 500px, si jamais. Carolina Low The Decemberists<\/p>\n","protected":false},"author":1,"featured_media":26910,"comment_status":"open","ping_status":"open","sticky":false,"template":"","format":"standard","meta":{"_acf_changed":false,"ngg_post_thumbnail":0,"jetpack_post_was_ever_published":false,"_jetpack_newsletter_access":"","_jetpack_dont_email_post_to_subs":false,"_jetpack_newsletter_tier_id":0,"_jetpack_memberships_contains_paywalled_content":false,"_jetpack_memberships_contains_paid_content":false,"footnotes":"","jetpack_publicize_message":"","jetpack_publicize_feature_enabled":true,"jetpack_social_post_already_shared":false,"jetpack_social_options":{"image_generator_settings":{"template":"highway","default_image_id":0,"font":"","enabled":false},"version":2}},"categories":[7356],"tags":[12059,8170,8351,9652,10326,8901,9493,9490,9492,11323,10592,2601,12060],"class_list":["post-23929","post","type-post","status-publish","format-standard","has-post-thumbnail","hentry","category-into-the-wide","tag-autriche","tag-ef-24-70-mm-f2-8l-ii-usm","tag-eos-6d","tag-carolina-low","tag-crepuscule","tag-innere-stadt","tag-kunsthistorisches-museum","tag-maria-theresien-platz","tag-naturhistorisches-museum","tag-panoramique","tag-pose-longue","tag-the-decemberists","tag-vienne"],"acf":[],"geo":{"latitude":48.2046547,"longitude":16.3609657,"description":"Wien, Innere Stadt, Wien, 1010, AT"},"jetpack_publicize_connections":[],"jetpack_featured_media_url":"https:\/\/www.wallendorff.com\/belogue\/wp-content\/uploads\/2015\/04\/201503311.jpg","jetpack_shortlink":"https:\/\/wp.me\/p3b35P-6dX","jetpack_sharing_enabled":true,"jetpack-related-posts":[{"id":35263,"url":"https:\/\/www.wallendorff.com\/belogue\/2017\/08\/14\/35263\/","url_meta":{"origin":23929,"position":0},"title":"Into the wide #105.","author":"dpc","date":"14 ao\u00fbt 2017","format":false,"excerpt":"Maria-Theresien-Platz, Vienne, 20 mai. Waiting on a SongDan Auerbach","rel":"","context":"Dans &quot;Into the wide&quot;","block_context":{"text":"Into the wide","link":"https:\/\/www.wallendorff.com\/belogue\/category\/into-the-wide\/"},"img":{"alt_text":"","src":"https:\/\/i0.wp.com\/www.wallendorff.com\/belogue\/wp-content\/uploads\/2017\/08\/20170814.jpg?resize=350%2C200&ssl=1","width":350,"height":200,"srcset":"https:\/\/i0.wp.com\/www.wallendorff.com\/belogue\/wp-content\/uploads\/2017\/08\/20170814.jpg?resize=350%2C200&ssl=1 1x, https:\/\/i0.wp.com\/www.wallendorff.com\/belogue\/wp-content\/uploads\/2017\/08\/20170814.jpg?resize=525%2C300&ssl=1 1.5x, https:\/\/i0.wp.com\/www.wallendorff.com\/belogue\/wp-content\/uploads\/2017\/08\/20170814.jpg?resize=700%2C400&ssl=1 2x"},"classes":[]},{"id":38158,"url":"https:\/\/www.wallendorff.com\/belogue\/2018\/05\/16\/a-bout-cimes-belent\/","url_meta":{"origin":23929,"position":1},"title":"\u00c0 bout, cimes b\u00ealent.","author":"dpc","date":"16 mai 2018","format":false,"excerpt":"Mus\u00e9um d'histoire naturelle, Vienne, 17 mars. I Won't Come Back J.C. Sat\u00e0n","rel":"","context":"Dans &quot;DPC&quot;","block_context":{"text":"DPC","link":"https:\/\/www.wallendorff.com\/belogue\/category\/dpc\/"},"img":{"alt_text":"Mus\u00e9um d'histoire naturelle, Vienne, 17 mars.","src":"https:\/\/i0.wp.com\/www.wallendorff.com\/belogue\/wp-content\/uploads\/2018\/05\/20180516.jpg?resize=350%2C200&ssl=1","width":350,"height":200,"srcset":"https:\/\/i0.wp.com\/www.wallendorff.com\/belogue\/wp-content\/uploads\/2018\/05\/20180516.jpg?resize=350%2C200&ssl=1 1x, https:\/\/i0.wp.com\/www.wallendorff.com\/belogue\/wp-content\/uploads\/2018\/05\/20180516.jpg?resize=525%2C300&ssl=1 1.5x, https:\/\/i0.wp.com\/www.wallendorff.com\/belogue\/wp-content\/uploads\/2018\/05\/20180516.jpg?resize=700%2C400&ssl=1 2x"},"classes":[]},{"id":38199,"url":"https:\/\/www.wallendorff.com\/belogue\/2018\/05\/21\/contre-plongee-no-1-403\/","url_meta":{"origin":23929,"position":2},"title":"Contre-plong\u00e9e no 1&nbsp;403.","author":"dpc","date":"21 mai 2018","format":false,"excerpt":"Mus\u00e9um d'histoire naturelle, Vienne, 17 mars. Everybody Wants to Be Famous Superorganism","rel":"","context":"Dans &quot;DPC&quot;","block_context":{"text":"DPC","link":"https:\/\/www.wallendorff.com\/belogue\/category\/dpc\/"},"img":{"alt_text":"","src":"https:\/\/i0.wp.com\/www.wallendorff.com\/belogue\/wp-content\/uploads\/2018\/05\/20180521.jpg?resize=350%2C200&ssl=1","width":350,"height":200,"srcset":"https:\/\/i0.wp.com\/www.wallendorff.com\/belogue\/wp-content\/uploads\/2018\/05\/20180521.jpg?resize=350%2C200&ssl=1 1x, https:\/\/i0.wp.com\/www.wallendorff.com\/belogue\/wp-content\/uploads\/2018\/05\/20180521.jpg?resize=525%2C300&ssl=1 1.5x, https:\/\/i0.wp.com\/www.wallendorff.com\/belogue\/wp-content\/uploads\/2018\/05\/20180521.jpg?resize=700%2C400&ssl=1 2x"},"classes":[]},{"id":30818,"url":"https:\/\/www.wallendorff.com\/belogue\/2016\/04\/27\/spiegel-spiegel\/","url_meta":{"origin":23929,"position":3},"title":"Spiegel Spiegel.","author":"dpc","date":"27 avril 2016","format":false,"excerpt":"He\u00dfgasse et Maria-Theresien-Stra\u00dfe, Vienne, 13 f\u00e9vrier. The Delete DMA's","rel":"","context":"Dans &quot;DPC&quot;","block_context":{"text":"DPC","link":"https:\/\/www.wallendorff.com\/belogue\/category\/dpc\/"},"img":{"alt_text":"","src":"https:\/\/i0.wp.com\/www.wallendorff.com\/belogue\/wp-content\/uploads\/2016\/04\/20160427.jpg?resize=350%2C200&ssl=1","width":350,"height":200,"srcset":"https:\/\/i0.wp.com\/www.wallendorff.com\/belogue\/wp-content\/uploads\/2016\/04\/20160427.jpg?resize=350%2C200&ssl=1 1x, https:\/\/i0.wp.com\/www.wallendorff.com\/belogue\/wp-content\/uploads\/2016\/04\/20160427.jpg?resize=525%2C300&ssl=1 1.5x"},"classes":[]},{"id":63880,"url":"https:\/\/www.wallendorff.com\/belogue\/2023\/02\/04\/frohe-weihnachten-wien-i\/","url_meta":{"origin":23929,"position":4},"title":"Frohe Weihnachten Wien [I].","author":"dpc","date":"4 f\u00e9vrier 2023","format":false,"excerpt":"","rel":"","context":"Dans &quot;DPC&quot;","block_context":{"text":"DPC","link":"https:\/\/www.wallendorff.com\/belogue\/category\/dpc\/"},"img":{"alt_text":"","src":"https:\/\/i0.wp.com\/www.wallendorff.com\/belogue\/wp-content\/uploads\/2023\/02\/20230204-20.jpg?resize=350%2C200&ssl=1","width":350,"height":200,"srcset":"https:\/\/i0.wp.com\/www.wallendorff.com\/belogue\/wp-content\/uploads\/2023\/02\/20230204-20.jpg?resize=350%2C200&ssl=1 1x, https:\/\/i0.wp.com\/www.wallendorff.com\/belogue\/wp-content\/uploads\/2023\/02\/20230204-20.jpg?resize=525%2C300&ssl=1 1.5x, https:\/\/i0.wp.com\/www.wallendorff.com\/belogue\/wp-content\/uploads\/2023\/02\/20230204-20.jpg?resize=700%2C400&ssl=1 2x, https:\/\/i0.wp.com\/www.wallendorff.com\/belogue\/wp-content\/uploads\/2023\/02\/20230204-20.jpg?resize=1050%2C600&ssl=1 3x"},"classes":[]},{"id":37827,"url":"https:\/\/www.wallendorff.com\/belogue\/2018\/03\/31\/mars-2018\/","url_meta":{"origin":23929,"position":5},"title":"Mars 2018.","author":"dpc","date":"31 mars 2018","format":false,"excerpt":"Un concert, une soir\u00e9e, un cr\u00e9puscule, une expo, un chat pr\u00e9nomm\u00e9 Albuquerque, un repose-clavier, un concert, un train, une gare, un arc de triomphe, un concert, une tour, un avion, un distributeur, une bi\u00e8re, un bar, un caf\u00e9, une belle carafe, une ampoule, un mus\u00e9e, un gros dinosaure, une V\u00e9nus,\u2026","rel":"","context":"Dans &quot;Blog-note&quot;","block_context":{"text":"Blog-note","link":"https:\/\/www.wallendorff.com\/belogue\/category\/blog-note\/"},"img":{"alt_text":"","src":"https:\/\/i0.wp.com\/www.wallendorff.com\/belogue\/wp-content\/uploads\/2018\/04\/20180412-28.jpg?resize=350%2C200&ssl=1","width":350,"height":200,"srcset":"https:\/\/i0.wp.com\/www.wallendorff.com\/belogue\/wp-content\/uploads\/2018\/04\/20180412-28.jpg?resize=350%2C200&ssl=1 1x, https:\/\/i0.wp.com\/www.wallendorff.com\/belogue\/wp-content\/uploads\/2018\/04\/20180412-28.jpg?resize=525%2C300&ssl=1 1.5x, https:\/\/i0.wp.com\/www.wallendorff.com\/belogue\/wp-content\/uploads\/2018\/04\/20180412-28.jpg?resize=700%2C400&ssl=1 2x, https:\/\/i0.wp.com\/www.wallendorff.com\/belogue\/wp-content\/uploads\/2018\/04\/20180412-28.jpg?resize=1050%2C600&ssl=1 3x"},"classes":[]}],"_links":{"self":[{"href":"https:\/\/www.wallendorff.com\/belogue\/wp-json\/wp\/v2\/posts\/23929","targetHints":{"allow":["GET"]}}],"collection":[{"href":"https:\/\/www.wallendorff.com\/belogue\/wp-json\/wp\/v2\/posts"}],"about":[{"href":"https:\/\/www.wallendorff.com\/belogue\/wp-json\/wp\/v2\/types\/post"}],"author":[{"embeddable":true,"href":"https:\/\/www.wallendorff.com\/belogue\/wp-json\/wp\/v2\/users\/1"}],"replies":[{"embeddable":true,"href":"https:\/\/www.wallendorff.com\/belogue\/wp-json\/wp\/v2\/comments?post=23929"}],"version-history":[{"count":7,"href":"https:\/\/www.wallendorff.com\/belogue\/wp-json\/wp\/v2\/posts\/23929\/revisions"}],"predecessor-version":[{"id":31042,"href":"https:\/\/www.wallendorff.com\/belogue\/wp-json\/wp\/v2\/posts\/23929\/revisions\/31042"}],"wp:featuredmedia":[{"embeddable":true,"href":"https:\/\/www.wallendorff.com\/belogue\/wp-json\/wp\/v2\/media\/26910"}],"wp:attachment":[{"href":"https:\/\/www.wallendorff.com\/belogue\/wp-json\/wp\/v2\/media?parent=23929"}],"wp:term":[{"taxonomy":"category","embeddable":true,"href":"https:\/\/www.wallendorff.com\/belogue\/wp-json\/wp\/v2\/categories?post=23929"},{"taxonomy":"post_tag","embeddable":true,"href":"https:\/\/www.wallendorff.com\/belogue\/wp-json\/wp\/v2\/tags?post=23929"}],"curies":[{"name":"wp","href":"https:\/\/api.w.org\/{rel}","templated":true}]}}