{"id":23903,"date":"2015-03-23T15:37:55","date_gmt":"2015-03-23T13:37:55","guid":{"rendered":"http:\/\/www.wallendorff.com\/?p=23903"},"modified":"2018-05-23T08:06:27","modified_gmt":"2018-05-23T06:06:27","slug":"la-spirale-est-la-fournie","status":"publish","type":"post","link":"https:\/\/www.wallendorff.com\/belogue\/2015\/03\/23\/la-spirale-est-la-fournie\/","title":{"rendered":"La spirale (est l\u00e0, fournie)."},"content":{"rendered":"\n<div id=\"photo\">\n<p><img decoding=\"async\" src=\"https:\/\/www.wallendorff.com\/belogue\/photo\/2015\/03\/20150323.jpg\"><br \/>\nCour des Longs-Pr&eacute;s, Boulogne-Billancourt, 25 janvier.<\/p>\n<\/div>\n<p style=\"text-align:right\">[On avait <a href=\"https:\/\/www.wallendorff.com\/belogue\/2010\/03\/15\/helice-in-wonderland\/\">dit<\/a><br \/>\net <a href=\"https:\/\/www.wallendorff.com\/belogue\/2010\/03\/23\/will-i-follow-you-down-the-line\/\">redit<\/a><br \/>\net <a href=\"https:\/\/www.wallendorff.com\/belogue\/2010\/06\/11\/seize-chiants-choix-sentent-quatres\/\">reredit<\/a><br \/>\net <a href=\"https:\/\/www.wallendorff.com\/belogue\/2010\/11\/23\/de-pire-en-spires\/\">rereredit<\/a><br \/>\net <a href=\"https:\/\/www.wallendorff.com\/belogue\/2010\/11\/28\/du-hall-denomme\/\">rerereredit<\/a><br \/>\net <a href=\"https:\/\/www.wallendorff.com\/belogue\/2011\/11\/22\/dhaut-rez-mis-facile-a-sol\/\">rererereredit<\/a><br \/>\net <a href=\"https:\/\/www.wallendorff.com\/belogue\/2012\/12\/20\/tu-hisses-trois-cintres-au-pied\/\">rerererereredit<\/a><br \/>\net <a href=\"https:\/\/www.wallendorff.com\/belogue\/2014\/09\/17\/nez-sous-x\/\">rererererereredit<\/a><br \/>\nqu&rsquo;il fallait que j&rsquo;arr&ecirc;te avec les escaliers vides.]<\/p>\n<div id=\"bandeson\">\n<p><img decoding=\"async\" src=\"https:\/\/www.wallendorff.com\/belogue\/photo\/pochettes\/g\/gallagher_noel-chasing_yesterday.jpg\" align=\"left\" \/><a style=\"font-weight:normal\" id=\"lienmp3\" href=\"http:\/\/www.youtube.com\/watch?v=v6xvtJvb6jg\"><em>Freaky Teeth<\/em><\/a><br \/>\n<a href=\"http:\/\/www.noelgallagher.co.uk\/\">Noel Gallagher&rsquo;s High Flying Birds<\/a><\/p>\n<\/p><\/div>\n","protected":false},"excerpt":{"rendered":"<p>Cour des Longs-Pr&eacute;s, Boulogne-Billancourt, 25 janvier. [On avait dit et redit et reredit et rereredit et rerereredit et rererereredit et rerererereredit et rererererereredit qu&rsquo;il fallait que j&rsquo;arr&ecirc;te avec les escaliers vides.] Freaky Teeth Noel Gallagher&rsquo;s High Flying Birds<\/p>\n","protected":false},"author":1,"featured_media":26909,"comment_status":"open","ping_status":"open","sticky":false,"template":"","format":"standard","meta":{"_acf_changed":false,"ngg_post_thumbnail":0,"jetpack_post_was_ever_published":false,"_jetpack_newsletter_access":"","_jetpack_dont_email_post_to_subs":false,"_jetpack_newsletter_tier_id":0,"_jetpack_memberships_contains_paywalled_content":false,"_jetpack_memberships_contains_paid_content":false,"footnotes":"","jetpack_publicize_message":"","jetpack_publicize_feature_enabled":true,"jetpack_social_post_already_shared":false,"jetpack_social_options":{"image_generator_settings":{"template":"highway","default_image_id":0,"font":"","enabled":false},"version":2}},"categories":[3],"tags":[6419,8351,12749,9480,10210,10120,9481,10353,10121,10464,10972,8243,10674],"class_list":["post-23903","post","type-post","status-publish","format-standard","has-post-thumbnail","hentry","category-dpc","tag-boulogne-billancourt","tag-eos-6d","tag-chasing-yesterday","tag-cour-des-longs-pres","tag-escalier","tag-france","tag-freaky-teeth","tag-hauts-de-seine","tag-ile-de-france","tag-noel-gallagher","tag-noel-gallaghers-high-flying-birds","tag-sigma-15-mm-f2-8-ex-dg-diagonal-fish-eye","tag-spirale"],"acf":[],"geo":{"latitude":48.8288155,"longitude":2.2485657,"description":"Boulogne-Billancourt, \u00cele-de-France, 92100, FR"},"jetpack_publicize_connections":[],"jetpack_featured_media_url":"https:\/\/www.wallendorff.com\/belogue\/wp-content\/uploads\/2015\/04\/201503231.jpg","jetpack_shortlink":"https:\/\/wp.me\/p3b35P-6dx","jetpack_sharing_enabled":true,"jetpack-related-posts":[{"id":18870,"url":"https:\/\/www.wallendorff.com\/belogue\/2012\/09\/03\/not-even-gel\/","url_meta":{"origin":23903,"position":0},"title":"Not even gel.","author":"dpc","date":"3 septembre 2012","format":false,"excerpt":"Boulevard Jean-Jaur\u00e8s, Boulogne-Billancourt, 22 juin. Two Gallants \u2013 Sunday Souvenirs","rel":"","context":"Dans &quot;DPC&quot;","block_context":{"text":"DPC","link":"https:\/\/www.wallendorff.com\/belogue\/category\/dpc\/"},"img":{"alt_text":"","src":"https:\/\/i0.wp.com\/www.wallendorff.com\/belogue\/wp-content\/uploads\/2015\/04\/201209031.jpg?resize=350%2C200&ssl=1","width":350,"height":200},"classes":[]},{"id":33866,"url":"https:\/\/www.wallendorff.com\/belogue\/2017\/04\/18\/a-quai\/","url_meta":{"origin":23903,"position":1},"title":"\u00c0 quai.","author":"dpc","date":"18 avril 2017","format":false,"excerpt":"Station Boulogne \u2013 Pont de Saint-Cloud, Boulogne-Billancourt, 9 mars. Day by Day Tall Ships","rel":"","context":"Dans &quot;DPC&quot;","block_context":{"text":"DPC","link":"https:\/\/www.wallendorff.com\/belogue\/category\/dpc\/"},"img":{"alt_text":"","src":"https:\/\/i0.wp.com\/www.wallendorff.com\/belogue\/wp-content\/uploads\/2017\/04\/20170418.jpg?resize=350%2C200&ssl=1","width":350,"height":200,"srcset":"https:\/\/i0.wp.com\/www.wallendorff.com\/belogue\/wp-content\/uploads\/2017\/04\/20170418.jpg?resize=350%2C200&ssl=1 1x, https:\/\/i0.wp.com\/www.wallendorff.com\/belogue\/wp-content\/uploads\/2017\/04\/20170418.jpg?resize=525%2C300&ssl=1 1.5x"},"classes":[]},{"id":33111,"url":"https:\/\/www.wallendorff.com\/belogue\/2016\/11\/29\/shooting-people-128\/","url_meta":{"origin":23903,"position":2},"title":"Shooting people #128.","author":"dpc","date":"29 novembre 2016","format":false,"excerpt":"Canal Factory, Boulogne-Billancourt, 7 octobre. Portrait illustrant l\u2019interview par No\u00e9mie Lambert \u00e0 lire chez Soul Kitchen. 18\u00a0h 02. Pas facile de trouver un cadre calme et visuellement potable dans des coulisses de studio t\u00e9l\u00e9. Surtout quand les dits studios entament deux \u00e9missions en direct, diffus\u00e9es en m\u00eame temps. Surtout quand\u2026","rel":"","context":"Dans &quot;Portraits&quot;","block_context":{"text":"Portraits","link":"https:\/\/www.wallendorff.com\/belogue\/category\/portraits\/"},"img":{"alt_text":"","src":"https:\/\/i0.wp.com\/www.wallendorff.com\/belogue\/wp-content\/uploads\/2016\/11\/20161129-05-1.jpg?resize=350%2C200&ssl=1","width":350,"height":200,"srcset":"https:\/\/i0.wp.com\/www.wallendorff.com\/belogue\/wp-content\/uploads\/2016\/11\/20161129-05-1.jpg?resize=350%2C200&ssl=1 1x, https:\/\/i0.wp.com\/www.wallendorff.com\/belogue\/wp-content\/uploads\/2016\/11\/20161129-05-1.jpg?resize=525%2C300&ssl=1 1.5x, https:\/\/i0.wp.com\/www.wallendorff.com\/belogue\/wp-content\/uploads\/2016\/11\/20161129-05-1.jpg?resize=700%2C400&ssl=1 2x"},"classes":[]},{"id":6419,"url":"https:\/\/www.wallendorff.com\/belogue\/2010\/02\/01\/ces-lieux-longs-de-clefs-ont-patres\/","url_meta":{"origin":23903,"position":3},"title":"Ces lieux longs de clefs ont p\u00e2tres.","author":"dpc","date":"1 f\u00e9vrier 2010","format":false,"excerpt":"Mus\u00e9es de la Cour d'Or, Metz, 28 d\u00e9cembre 2009. \u00a0I'm from Barcelona \u2013 Silence (David Ljung) N'oubliez pas que ce truc-l\u00e0 continue jusqu'au 22 f\u00e9vrier, hein.","rel":"","context":"Dans &quot;DPC&quot;","block_context":{"text":"DPC","link":"https:\/\/www.wallendorff.com\/belogue\/category\/dpc\/"},"img":{"alt_text":"","src":"https:\/\/i0.wp.com\/www.wallendorff.com\/belogue\/wp-content\/uploads\/2015\/04\/201002011.jpg?resize=350%2C200&ssl=1","width":350,"height":200},"classes":[]},{"id":40626,"url":"https:\/\/www.wallendorff.com\/belogue\/2018\/11\/30\/novembre-2018\/","url_meta":{"origin":23903,"position":4},"title":"Novembre 2018.","author":"dpc","date":"30 novembre 2018","format":false,"excerpt":"Un mus\u00e9e, une place, un concert, une expo, un parc, une passerelle, un num\u00e9ro, une pizza, un concert, un train, un num\u00e9ro, une gare, un hommage, une pizza, une vitrine, une passerelle, un couple, une station, une tour, une station, un escalator, un concert, une session, un concert, un plafond,\u2026","rel":"","context":"Dans &quot;Blog-note&quot;","block_context":{"text":"Blog-note","link":"https:\/\/www.wallendorff.com\/belogue\/category\/blog-note\/"},"img":{"alt_text":"","src":"https:\/\/i0.wp.com\/www.wallendorff.com\/belogue\/wp-content\/uploads\/2018\/12\/20181213-68.jpg?resize=350%2C200&ssl=1","width":350,"height":200,"srcset":"https:\/\/i0.wp.com\/www.wallendorff.com\/belogue\/wp-content\/uploads\/2018\/12\/20181213-68.jpg?resize=350%2C200&ssl=1 1x, https:\/\/i0.wp.com\/www.wallendorff.com\/belogue\/wp-content\/uploads\/2018\/12\/20181213-68.jpg?resize=525%2C300&ssl=1 1.5x, https:\/\/i0.wp.com\/www.wallendorff.com\/belogue\/wp-content\/uploads\/2018\/12\/20181213-68.jpg?resize=700%2C400&ssl=1 2x, https:\/\/i0.wp.com\/www.wallendorff.com\/belogue\/wp-content\/uploads\/2018\/12\/20181213-68.jpg?resize=1050%2C600&ssl=1 3x"},"classes":[]},{"id":127050,"url":"https:\/\/www.wallendorff.com\/belogue\/2023\/12\/31\/decembre-2023\/","url_meta":{"origin":23903,"position":5},"title":"D\u00e9cembre 2023.","author":"dpc","date":"31 d\u00e9cembre 2023","format":false,"excerpt":"Un vernissage, un m\u00e9tro, un miroir d\u2019eau, une esplanade, un avion, une tour, un v\u00e9lo, un avion, une pause, un m\u00e9tro, une pyramide floue, une passerelle, un banc, un mus\u00e9e, une arcade, une acrobatie, un r\u00e9veillon, une conf\u00e9rence, un escalier bien achaland\u00e9, un choual, une \u00e9curie, un man\u00e8ge, un saut,\u2026","rel":"","context":"Dans &quot;Blog-note&quot;","block_context":{"text":"Blog-note","link":"https:\/\/www.wallendorff.com\/belogue\/category\/blog-note\/"},"img":{"alt_text":"","src":"https:\/\/i0.wp.com\/www.wallendorff.com\/belogue\/wp-content\/uploads\/2024\/01\/20240110-62.jpg?resize=350%2C200&ssl=1","width":350,"height":200,"srcset":"https:\/\/i0.wp.com\/www.wallendorff.com\/belogue\/wp-content\/uploads\/2024\/01\/20240110-62.jpg?resize=350%2C200&ssl=1 1x, https:\/\/i0.wp.com\/www.wallendorff.com\/belogue\/wp-content\/uploads\/2024\/01\/20240110-62.jpg?resize=525%2C300&ssl=1 1.5x, https:\/\/i0.wp.com\/www.wallendorff.com\/belogue\/wp-content\/uploads\/2024\/01\/20240110-62.jpg?resize=700%2C400&ssl=1 2x, https:\/\/i0.wp.com\/www.wallendorff.com\/belogue\/wp-content\/uploads\/2024\/01\/20240110-62.jpg?resize=1050%2C600&ssl=1 3x"},"classes":[]}],"_links":{"self":[{"href":"https:\/\/www.wallendorff.com\/belogue\/wp-json\/wp\/v2\/posts\/23903","targetHints":{"allow":["GET"]}}],"collection":[{"href":"https:\/\/www.wallendorff.com\/belogue\/wp-json\/wp\/v2\/posts"}],"about":[{"href":"https:\/\/www.wallendorff.com\/belogue\/wp-json\/wp\/v2\/types\/post"}],"author":[{"embeddable":true,"href":"https:\/\/www.wallendorff.com\/belogue\/wp-json\/wp\/v2\/users\/1"}],"replies":[{"embeddable":true,"href":"https:\/\/www.wallendorff.com\/belogue\/wp-json\/wp\/v2\/comments?post=23903"}],"version-history":[{"count":3,"href":"https:\/\/www.wallendorff.com\/belogue\/wp-json\/wp\/v2\/posts\/23903\/revisions"}],"predecessor-version":[{"id":27379,"href":"https:\/\/www.wallendorff.com\/belogue\/wp-json\/wp\/v2\/posts\/23903\/revisions\/27379"}],"wp:featuredmedia":[{"embeddable":true,"href":"https:\/\/www.wallendorff.com\/belogue\/wp-json\/wp\/v2\/media\/26909"}],"wp:attachment":[{"href":"https:\/\/www.wallendorff.com\/belogue\/wp-json\/wp\/v2\/media?parent=23903"}],"wp:term":[{"taxonomy":"category","embeddable":true,"href":"https:\/\/www.wallendorff.com\/belogue\/wp-json\/wp\/v2\/categories?post=23903"},{"taxonomy":"post_tag","embeddable":true,"href":"https:\/\/www.wallendorff.com\/belogue\/wp-json\/wp\/v2\/tags?post=23903"}],"curies":[{"name":"wp","href":"https:\/\/api.w.org\/{rel}","templated":true}]}}