{"id":23901,"date":"2015-03-19T12:16:23","date_gmt":"2015-03-19T10:16:23","guid":{"rendered":"http:\/\/www.wallendorff.com\/?p=23901"},"modified":"2015-03-19T12:16:23","modified_gmt":"2015-03-19T10:16:23","slug":"les-traces-souissent","status":"publish","type":"post","link":"https:\/\/www.wallendorff.com\/belogue\/2015\/03\/19\/les-traces-souissent\/","title":{"rendered":"Les traces s&rsquo;ou\u00efssent."},"content":{"rendered":"\n<div id=\"photo\">\n<p><img decoding=\"async\" src=\"https:\/\/www.wallendorff.com\/belogue\/photo\/2015\/03\/20150319.jpg\"><br \/>\nParc des Buttes-Chaumont, 16 janvier.<\/p>\n<\/div>\n<div id=\"bandeson\">\n<p><img decoding=\"async\" src=\"https:\/\/www.wallendorff.com\/belogue\/photo\/pochettes\/g\/go_team_the-the_scene_between.jpg\" align=\"left\" \/><a style=\"font-weight:normal\" id=\"lienmp3\" href=\"http:\/\/www.youtube.com\/watch?v=iw_F3tzI3NM\"><em>The Scene Between<\/em><\/a><br \/>\n<a href=\"http:\/\/www.thegoteam.co.uk\/\">The Go! Team<\/a><\/p>\n<\/p><\/div>\n","protected":false},"excerpt":{"rendered":"<p>Parc des Buttes-Chaumont, 16 janvier. The Scene Between The Go! Team<\/p>\n","protected":false},"author":1,"featured_media":26908,"comment_status":"open","ping_status":"open","sticky":false,"template":"","format":"standard","meta":{"_acf_changed":false,"ngg_post_thumbnail":0,"jetpack_post_was_ever_published":false,"_jetpack_newsletter_access":"","_jetpack_dont_email_post_to_subs":false,"_jetpack_newsletter_tier_id":0,"_jetpack_memberships_contains_paywalled_content":false,"_jetpack_memberships_contains_paid_content":false,"footnotes":"","jetpack_publicize_message":"","jetpack_publicize_feature_enabled":true,"jetpack_social_post_already_shared":false,"jetpack_social_options":{"image_generator_settings":{"template":"highway","default_image_id":0,"font":"","enabled":false},"version":2}},"categories":[3],"tags":[10268,8751,8351,10311,10120,10121,10504,10932,10098,9479,775,9478],"class_list":["post-23901","post","type-post","status-publish","format-standard","has-post-thumbnail","hentry","category-dpc","tag-10268","tag-ef-70-300mm-f4-5-6-is-usm","tag-eos-6d","tag-dos","tag-france","tag-ile-de-france","tag-parc","tag-parc-des-buttes-chaumont","tag-paris","tag-route-circulaire-du-lac","tag-the-go-team","tag-the-scene-between"],"acf":[],"geo":{"latitude":48.8803749,"longitude":2.3839526,"description":"Paris 19, \u00cele-de-France, 75019, FR"},"jetpack_publicize_connections":[],"jetpack_featured_media_url":"https:\/\/www.wallendorff.com\/belogue\/wp-content\/uploads\/2015\/04\/201503191.jpg","jetpack_shortlink":"https:\/\/wp.me\/p3b35P-6dv","jetpack_sharing_enabled":true,"jetpack-related-posts":[{"id":13105,"url":"https:\/\/www.wallendorff.com\/belogue\/2011\/08\/15\/interlude-10\/","url_meta":{"origin":23901,"position":0},"title":"Interlude.","author":"dpc","date":"15 ao\u00fbt 2011","format":false,"excerpt":"Parc des Buttes-Chaumont, Paris, 14 juillet. \u00a0Wonderful \u2013 Rainbow Colors","rel":"","context":"Dans &quot;DPC&quot;","block_context":{"text":"DPC","link":"https:\/\/www.wallendorff.com\/belogue\/category\/dpc\/"},"img":{"alt_text":"","src":"https:\/\/i0.wp.com\/www.wallendorff.com\/belogue\/wp-content\/uploads\/2015\/04\/201108151.jpg?resize=350%2C200&ssl=1","width":350,"height":200,"srcset":"https:\/\/i0.wp.com\/www.wallendorff.com\/belogue\/wp-content\/uploads\/2015\/04\/201108151.jpg?resize=350%2C200&ssl=1 1x, https:\/\/i0.wp.com\/www.wallendorff.com\/belogue\/wp-content\/uploads\/2015\/04\/201108151.jpg?resize=525%2C300&ssl=1 1.5x, https:\/\/i0.wp.com\/www.wallendorff.com\/belogue\/wp-content\/uploads\/2015\/04\/201108151.jpg?resize=700%2C400&ssl=1 2x"},"classes":[]},{"id":48241,"url":"https:\/\/www.wallendorff.com\/belogue\/2021\/04\/14\/jusqua-la-fin-des-temples\/","url_meta":{"origin":23901,"position":1},"title":"Jusqu&rsquo;\u00e0 la fin des temples.","author":"dpc","date":"14 avril 2021","format":false,"excerpt":"Parc des Buttes-Chaumont, Paris, 31 d\u00e9cembre 2020. The Sound of My Voice The Naked and Famous","rel":"","context":"Dans &quot;DPC&quot;","block_context":{"text":"DPC","link":"https:\/\/www.wallendorff.com\/belogue\/category\/dpc\/"},"img":{"alt_text":"","src":"https:\/\/i0.wp.com\/www.wallendorff.com\/belogue\/wp-content\/uploads\/2021\/04\/20210414.jpg?resize=350%2C200&ssl=1","width":350,"height":200,"srcset":"https:\/\/i0.wp.com\/www.wallendorff.com\/belogue\/wp-content\/uploads\/2021\/04\/20210414.jpg?resize=350%2C200&ssl=1 1x, https:\/\/i0.wp.com\/www.wallendorff.com\/belogue\/wp-content\/uploads\/2021\/04\/20210414.jpg?resize=525%2C300&ssl=1 1.5x, https:\/\/i0.wp.com\/www.wallendorff.com\/belogue\/wp-content\/uploads\/2021\/04\/20210414.jpg?resize=700%2C400&ssl=1 2x"},"classes":[]},{"id":44942,"url":"https:\/\/www.wallendorff.com\/belogue\/2020\/01\/31\/janvier-2020\/","url_meta":{"origin":23901,"position":2},"title":"Janvier 2020.","author":"dpc","date":"31 janvier 2020","format":false,"excerpt":"Un r\u00e9veillon, une soir\u00e9e, une canop\u00e9e, une soir\u00e9e, une cour carr\u00e9e, un saxophoniste, un pont, une ruelle, une galerie, un d\u00f4me, un bouquiniste, un couple, un pont, une fanfare, un quai, une tradition, un no\u00ebl du livre, une lune, des v\u0153ux, un clocher, un fort, une cath\u00e9drale, une ruelle, une\u2026","rel":"","context":"Dans &quot;Blog-note&quot;","block_context":{"text":"Blog-note","link":"https:\/\/www.wallendorff.com\/belogue\/category\/blog-note\/"},"img":{"alt_text":"","src":"https:\/\/i0.wp.com\/www.wallendorff.com\/belogue\/wp-content\/uploads\/2020\/02\/20200213-76.jpg?resize=350%2C200&ssl=1","width":350,"height":200,"srcset":"https:\/\/i0.wp.com\/www.wallendorff.com\/belogue\/wp-content\/uploads\/2020\/02\/20200213-76.jpg?resize=350%2C200&ssl=1 1x, https:\/\/i0.wp.com\/www.wallendorff.com\/belogue\/wp-content\/uploads\/2020\/02\/20200213-76.jpg?resize=525%2C300&ssl=1 1.5x, https:\/\/i0.wp.com\/www.wallendorff.com\/belogue\/wp-content\/uploads\/2020\/02\/20200213-76.jpg?resize=700%2C400&ssl=1 2x, https:\/\/i0.wp.com\/www.wallendorff.com\/belogue\/wp-content\/uploads\/2020\/02\/20200213-76.jpg?resize=1050%2C600&ssl=1 3x"},"classes":[]},{"id":20838,"url":"https:\/\/www.wallendorff.com\/belogue\/2013\/04\/30\/avril-2013\/","url_meta":{"origin":23901,"position":3},"title":"Avril 2013.","author":"dpc","date":"30 avril 2013","format":false,"excerpt":"5 titres Cold War Kids \u2013 Miracle Mile Bastille \u2013 Pompeii Primal Scream \u2013 It's Alright, It's OK Miles Kanes \u2013 Don't Forget Who You Are Daughter \u2013 Get Lucky (Daft Punk cover) (BBC Live Lounge) Albums Cold War Kids \u2013 Dear Miss Lonelyhearts Jack White and the Bricks \u2013\u2026","rel":"","context":"Dans &quot;Blog-note&quot;","block_context":{"text":"Blog-note","link":"https:\/\/www.wallendorff.com\/belogue\/category\/blog-note\/"},"img":{"alt_text":"","src":"https:\/\/i0.wp.com\/www.wallendorff.com\/belogue\/wp-content\/uploads\/2015\/04\/20130501-491.jpg?resize=350%2C200&ssl=1","width":350,"height":200,"srcset":"https:\/\/i0.wp.com\/www.wallendorff.com\/belogue\/wp-content\/uploads\/2015\/04\/20130501-491.jpg?resize=350%2C200&ssl=1 1x, https:\/\/i0.wp.com\/www.wallendorff.com\/belogue\/wp-content\/uploads\/2015\/04\/20130501-491.jpg?resize=525%2C300&ssl=1 1.5x, https:\/\/i0.wp.com\/www.wallendorff.com\/belogue\/wp-content\/uploads\/2015\/04\/20130501-491.jpg?resize=700%2C400&ssl=1 2x"},"classes":[]},{"id":23849,"url":"https:\/\/www.wallendorff.com\/belogue\/2015\/01\/31\/janvier-2015\/","url_meta":{"origin":23901,"position":4},"title":"Janvier 2015.","author":"dpc","date":"31 janvier 2015","format":false,"excerpt":"Douze coups de minuit, du vieux m\u00e9tal, une exposition, une soir\u00e9e \u00e0 haute densit\u00e9, un 7 Janvier, une nouvelle venue, une galette, de bons v\u0153ux, une soir\u00e9e \u00e0 haute densit\u00e9, un concert, un studio, un tour de parc, une ruelle, une galette, une cath\u00e9drale, une soir\u00e9e \u00e0 haute densit\u00e9, un\u2026","rel":"","context":"Dans &quot;Blog-note&quot;","block_context":{"text":"Blog-note","link":"https:\/\/www.wallendorff.com\/belogue\/category\/blog-note\/"},"img":{"alt_text":"","src":"https:\/\/i0.wp.com\/www.wallendorff.com\/belogue\/wp-content\/uploads\/2015\/04\/20150209-161.jpg?resize=350%2C200&ssl=1","width":350,"height":200,"srcset":"https:\/\/i0.wp.com\/www.wallendorff.com\/belogue\/wp-content\/uploads\/2015\/04\/20150209-161.jpg?resize=350%2C200&ssl=1 1x, https:\/\/i0.wp.com\/www.wallendorff.com\/belogue\/wp-content\/uploads\/2015\/04\/20150209-161.jpg?resize=525%2C300&ssl=1 1.5x, https:\/\/i0.wp.com\/www.wallendorff.com\/belogue\/wp-content\/uploads\/2015\/04\/20150209-161.jpg?resize=700%2C400&ssl=1 2x"},"classes":[]},{"id":47576,"url":"https:\/\/www.wallendorff.com\/belogue\/2020\/12\/31\/decembre-2020\/","url_meta":{"origin":23901,"position":5},"title":"D\u00e9cembre 2020.","author":"dpc","date":"31 d\u00e9cembre 2020","format":false,"excerpt":"Un m\u00e9tro, un sapin de No\u00ebl, un chat pr\u00e9nomm\u00e9 Guirlande-\u00c9lectrique, une tour, un pont, une chaise, un mus\u00e9e, une passerelle, un quai, une bi\u00e8re, un bouquiniste, une passerelle, un quai, un immeuble, un avion, un time lapse, une rue, une passerelle, un square, une cuisine, des tracts, un balcon, un\u2026","rel":"","context":"Dans &quot;Blog-note&quot;","block_context":{"text":"Blog-note","link":"https:\/\/www.wallendorff.com\/belogue\/category\/blog-note\/"},"img":{"alt_text":"","src":"https:\/\/i0.wp.com\/www.wallendorff.com\/belogue\/wp-content\/uploads\/2021\/01\/20210113-85.jpg?resize=350%2C200&ssl=1","width":350,"height":200,"srcset":"https:\/\/i0.wp.com\/www.wallendorff.com\/belogue\/wp-content\/uploads\/2021\/01\/20210113-85.jpg?resize=350%2C200&ssl=1 1x, https:\/\/i0.wp.com\/www.wallendorff.com\/belogue\/wp-content\/uploads\/2021\/01\/20210113-85.jpg?resize=525%2C300&ssl=1 1.5x, https:\/\/i0.wp.com\/www.wallendorff.com\/belogue\/wp-content\/uploads\/2021\/01\/20210113-85.jpg?resize=700%2C400&ssl=1 2x, https:\/\/i0.wp.com\/www.wallendorff.com\/belogue\/wp-content\/uploads\/2021\/01\/20210113-85.jpg?resize=1050%2C600&ssl=1 3x"},"classes":[]}],"_links":{"self":[{"href":"https:\/\/www.wallendorff.com\/belogue\/wp-json\/wp\/v2\/posts\/23901","targetHints":{"allow":["GET"]}}],"collection":[{"href":"https:\/\/www.wallendorff.com\/belogue\/wp-json\/wp\/v2\/posts"}],"about":[{"href":"https:\/\/www.wallendorff.com\/belogue\/wp-json\/wp\/v2\/types\/post"}],"author":[{"embeddable":true,"href":"https:\/\/www.wallendorff.com\/belogue\/wp-json\/wp\/v2\/users\/1"}],"replies":[{"embeddable":true,"href":"https:\/\/www.wallendorff.com\/belogue\/wp-json\/wp\/v2\/comments?post=23901"}],"version-history":[{"count":1,"href":"https:\/\/www.wallendorff.com\/belogue\/wp-json\/wp\/v2\/posts\/23901\/revisions"}],"predecessor-version":[{"id":23902,"href":"https:\/\/www.wallendorff.com\/belogue\/wp-json\/wp\/v2\/posts\/23901\/revisions\/23902"}],"wp:featuredmedia":[{"embeddable":true,"href":"https:\/\/www.wallendorff.com\/belogue\/wp-json\/wp\/v2\/media\/26908"}],"wp:attachment":[{"href":"https:\/\/www.wallendorff.com\/belogue\/wp-json\/wp\/v2\/media?parent=23901"}],"wp:term":[{"taxonomy":"category","embeddable":true,"href":"https:\/\/www.wallendorff.com\/belogue\/wp-json\/wp\/v2\/categories?post=23901"},{"taxonomy":"post_tag","embeddable":true,"href":"https:\/\/www.wallendorff.com\/belogue\/wp-json\/wp\/v2\/tags?post=23901"}],"curies":[{"name":"wp","href":"https:\/\/api.w.org\/{rel}","templated":true}]}}