{"id":23884,"date":"2015-03-08T17:25:16","date_gmt":"2015-03-08T15:25:16","guid":{"rendered":"http:\/\/www.wallendorff.com\/?p=23884"},"modified":"2018-05-23T08:12:01","modified_gmt":"2018-05-23T06:12:01","slug":"metz-the-bodies-le-point-ephemere-paris","status":"publish","type":"post","link":"https:\/\/www.wallendorff.com\/belogue\/2015\/03\/08\/metz-the-bodies-le-point-ephemere-paris\/","title":{"rendered":"METZ + The Bodies @ le Point \u00c9ph\u00e9m\u00e8re, Paris."},"content":{"rendered":"\n<div id=\"photo\">\n<p><img decoding=\"async\" src=\"https:\/\/www.wallendorff.com\/belogue\/photo\/2015\/03\/20150306.jpg\"><\/p>\n<\/div>\n<div id=\"bandeson\">\n<p><img decoding=\"async\" src=\"https:\/\/www.wallendorff.com\/belogue\/photo\/pochettes\/m\/metz-ii.jpg\" align=\"left\" \/><a style=\"font-weight:normal\" id=\"lienmp3\" href=\"http:\/\/www.youtube.com\/watch?v=RrYH-TQCn9U\"><em>Acetate<\/em><\/a><br \/>\n<a href=\"http:\/\/www.metzztem.com\/\">METZ<\/a><\/p>\n<\/p><\/div>\n<p style=\"text-align:right\">Ces gens sont fous. Et &ccedil;a m&rsquo;avait manqu&eacute;, de faire des photos au milieu d&rsquo;un pogo.<\/p>\n<h1>The Bodies<\/h1>ngg_shortcode_0_placeholder<h1>METZ<\/h1>ngg_shortcode_1_placeholder<p>&nbsp;<\/p>\n","protected":false},"excerpt":{"rendered":"<p>Acetate METZ Ces gens sont fous. Et &ccedil;a m&rsquo;avait manqu&eacute;, de faire des photos au milieu d&rsquo;un pogo. The Bodies METZ &nbsp;<\/p>\n","protected":false},"author":1,"featured_media":25824,"comment_status":"open","ping_status":"open","sticky":false,"template":"","format":"standard","meta":{"_acf_changed":false,"ngg_post_thumbnail":0,"jetpack_post_was_ever_published":false,"_jetpack_newsletter_access":"","_jetpack_dont_email_post_to_subs":false,"_jetpack_newsletter_tier_id":0,"_jetpack_memberships_contains_paywalled_content":false,"_jetpack_memberships_contains_paid_content":false,"footnotes":"","jetpack_publicize_message":"","jetpack_publicize_feature_enabled":true,"jetpack_social_post_already_shared":false,"jetpack_social_options":{"image_generator_settings":{"template":"highway","default_image_id":0,"font":"","enabled":false},"version":2}},"categories":[7],"tags":[12417,10267,9430,10084,2571,8170,6766,8351,10120,10121,11111,10098,10357,8243,12460],"class_list":["post-23884","post","type-post","status-publish","format-standard","has-post-thumbnail","hentry","category-alive","tag-12417","tag-10267","tag-acetate","tag-alive","tag-ef-16-35-mm-f28l-ii-usm","tag-ef-24-70-mm-f2-8l-ii-usm","tag-eos-5d-mark-iii","tag-eos-6d","tag-france","tag-ile-de-france","tag-metz-groupe","tag-paris","tag-quai-de-valmy","tag-sigma-15-mm-f2-8-ex-dg-diagonal-fish-eye","tag-the-bodies"],"acf":[],"geo":{"latitude":48.8815308,"longitude":2.3685622,"description":"Quai de Valmy, 75010 Paris, France"},"jetpack_publicize_connections":[],"jetpack_featured_media_url":"https:\/\/www.wallendorff.com\/belogue\/wp-content\/uploads\/2015\/04\/201503061.jpg","jetpack_shortlink":"https:\/\/wp.me\/p3b35P-6de","jetpack_sharing_enabled":true,"jetpack-related-posts":[{"id":20405,"url":"https:\/\/www.wallendorff.com\/belogue\/2013\/02\/08\/metz-le-point-ephemere-paris\/","url_meta":{"origin":23884,"position":0},"title":"METZ @ le Point \u00c9ph\u00e9m\u00e8re, Paris.","author":"dpc","date":"8 f\u00e9vrier 2013","format":false,"excerpt":"Ces gens sont fous. Headache METZ \u00a0","rel":"","context":"Dans &quot;Alive&quot;","block_context":{"text":"Alive","link":"https:\/\/www.wallendorff.com\/belogue\/category\/alive\/"},"img":{"alt_text":"","src":"https:\/\/i0.wp.com\/www.wallendorff.com\/belogue\/wp-content\/uploads\/2015\/04\/20130208.jpg?resize=350%2C200&ssl=1","width":350,"height":200,"srcset":"https:\/\/i0.wp.com\/www.wallendorff.com\/belogue\/wp-content\/uploads\/2015\/04\/20130208.jpg?resize=350%2C200&ssl=1 1x, https:\/\/i0.wp.com\/www.wallendorff.com\/belogue\/wp-content\/uploads\/2015\/04\/20130208.jpg?resize=525%2C300&ssl=1 1.5x, https:\/\/i0.wp.com\/www.wallendorff.com\/belogue\/wp-content\/uploads\/2015\/04\/20130208.jpg?resize=700%2C400&ssl=1 2x"},"classes":[]},{"id":29562,"url":"https:\/\/www.wallendorff.com\/belogue\/2015\/10\/29\/metz-la-maroquinerie-paris\/","url_meta":{"origin":23884,"position":1},"title":"METZ @ la Maroquinerie, Paris.","author":"dpc","date":"29 octobre 2015","format":false,"excerpt":"Ces gens sont fous. The Swimmer METZ","rel":"","context":"Dans &quot;Alive&quot;","block_context":{"text":"Alive","link":"https:\/\/www.wallendorff.com\/belogue\/category\/alive\/"},"img":{"alt_text":"","src":"https:\/\/i0.wp.com\/www.wallendorff.com\/belogue\/wp-content\/uploads\/2015\/10\/20151028-101.jpg?resize=350%2C200&ssl=1","width":350,"height":200,"srcset":"https:\/\/i0.wp.com\/www.wallendorff.com\/belogue\/wp-content\/uploads\/2015\/10\/20151028-101.jpg?resize=350%2C200&ssl=1 1x, https:\/\/i0.wp.com\/www.wallendorff.com\/belogue\/wp-content\/uploads\/2015\/10\/20151028-101.jpg?resize=525%2C300&ssl=1 1.5x, https:\/\/i0.wp.com\/www.wallendorff.com\/belogue\/wp-content\/uploads\/2015\/10\/20151028-101.jpg?resize=700%2C400&ssl=1 2x"},"classes":[]},{"id":19335,"url":"https:\/\/www.wallendorff.com\/belogue\/2012\/10\/19\/muse-the-joy-formidable-palais-omnisports-de-paris-bercy\/","url_meta":{"origin":23884,"position":2},"title":"Muse + The Joy Formidable @ Palais omnisports de Paris-Bercy.","author":"dpc","date":"19 octobre 2012","format":false,"excerpt":"The 2nd Law: Unsustainable | Supremacy | Map of the Problematique | Supermassive Black Hole | Resistance | Panic Station | Animals \/ Monty Jam | Explorers | Falling Down | Host | Time Is Running Out | Liquid State | Madness | Follow Me | Undisclosed Desires | Plug\u2026","rel":"","context":"Dans &quot;Alive&quot;","block_context":{"text":"Alive","link":"https:\/\/www.wallendorff.com\/belogue\/category\/alive\/"},"img":{"alt_text":"","src":"https:\/\/i0.wp.com\/www.wallendorff.com\/belogue\/wp-content\/uploads\/2015\/04\/201210191.jpg?resize=350%2C200&ssl=1","width":350,"height":200,"srcset":"https:\/\/i0.wp.com\/www.wallendorff.com\/belogue\/wp-content\/uploads\/2015\/04\/201210191.jpg?resize=350%2C200&ssl=1 1x, https:\/\/i0.wp.com\/www.wallendorff.com\/belogue\/wp-content\/uploads\/2015\/04\/201210191.jpg?resize=525%2C300&ssl=1 1.5x, https:\/\/i0.wp.com\/www.wallendorff.com\/belogue\/wp-content\/uploads\/2015\/04\/201210191.jpg?resize=700%2C400&ssl=1 2x"},"classes":[]},{"id":1032,"url":"https:\/\/www.wallendorff.com\/belogue\/2007\/09\/07\/train-trinque-aux-dits-tiens\/","url_meta":{"origin":23884,"position":3},"title":"Train trinque aux dits tiens.","author":"dpc","date":"7 septembre 2007","format":false,"excerpt":"Station Charonne, Paris, 5 septembre. Metz Metz Metz Metz Metz Metz Metz Metz Metz Metz Metz Metz Metz Metz Metz Metz Metz Metz Metz Metz Metz Metz Metz Metz Metz Metz Metz Metz Metz Metz Metz Metz Metz Metz Metz Metz Metz Metz Metz Metz Metz Metz Metz Metz Metz\u2026","rel":"","context":"Dans &quot;DPC&quot;","block_context":{"text":"DPC","link":"https:\/\/www.wallendorff.com\/belogue\/category\/dpc\/"},"img":{"alt_text":"","src":"https:\/\/i0.wp.com\/www.wallendorff.com\/belogue\/wp-content\/uploads\/2015\/04\/200709071.jpg?resize=350%2C200&ssl=1","width":350,"height":200},"classes":[]},{"id":19402,"url":"https:\/\/www.wallendorff.com\/belogue\/2012\/10\/26\/metz-le-nouveau-casino-paris\/","url_meta":{"origin":23884,"position":4},"title":"METZ @ le Nouveau Casino, Paris.","author":"dpc","date":"26 octobre 2012","format":false,"excerpt":"Sorry, that's all we've got dit en quittant la sc\u00e8ne un Chris Slorach d\u00e9goulinant de sueur. METZ a jou\u00e9 38 minutes1, montre en main, soit grosso modo la dur\u00e9e totale de leur album et leur EP bout \u00e0 bout. 38 minutes durant lesquelles le trio s'est montr\u00e9 de plus en\u2026","rel":"","context":"Dans &quot;Alive&quot;","block_context":{"text":"Alive","link":"https:\/\/www.wallendorff.com\/belogue\/category\/alive\/"},"img":{"alt_text":"","src":"https:\/\/i0.wp.com\/www.wallendorff.com\/belogue\/wp-content\/uploads\/2015\/04\/201210261.jpg?resize=350%2C200&ssl=1","width":350,"height":200,"srcset":"https:\/\/i0.wp.com\/www.wallendorff.com\/belogue\/wp-content\/uploads\/2015\/04\/201210261.jpg?resize=350%2C200&ssl=1 1x, https:\/\/i0.wp.com\/www.wallendorff.com\/belogue\/wp-content\/uploads\/2015\/04\/201210261.jpg?resize=525%2C300&ssl=1 1.5x, https:\/\/i0.wp.com\/www.wallendorff.com\/belogue\/wp-content\/uploads\/2015\/04\/201210261.jpg?resize=700%2C400&ssl=1 2x"},"classes":[]},{"id":11240,"url":"https:\/\/www.wallendorff.com\/belogue\/2011\/01\/05\/rouge-gorge\/","url_meta":{"origin":23884,"position":5},"title":"Rouge gorge.","author":"dpc","date":"5 janvier 2011","format":false,"excerpt":"Centre Pompidou-Metz, Metz, 8 novembre 2010. [Je pr\u00e9cise que ce rond noir perdu au milieu du n\u00e9ant d'un fond blanc est une \u0153uvre d'art moderne.] Eastern Conference Champions \u2013 On Off","rel":"","context":"Dans &quot;DPC&quot;","block_context":{"text":"DPC","link":"https:\/\/www.wallendorff.com\/belogue\/category\/dpc\/"},"img":{"alt_text":"","src":"https:\/\/i0.wp.com\/www.wallendorff.com\/belogue\/wp-content\/uploads\/2015\/04\/201101051.jpg?resize=350%2C200&ssl=1","width":350,"height":200},"classes":[]}],"_links":{"self":[{"href":"https:\/\/www.wallendorff.com\/belogue\/wp-json\/wp\/v2\/posts\/23884","targetHints":{"allow":["GET"]}}],"collection":[{"href":"https:\/\/www.wallendorff.com\/belogue\/wp-json\/wp\/v2\/posts"}],"about":[{"href":"https:\/\/www.wallendorff.com\/belogue\/wp-json\/wp\/v2\/types\/post"}],"author":[{"embeddable":true,"href":"https:\/\/www.wallendorff.com\/belogue\/wp-json\/wp\/v2\/users\/1"}],"replies":[{"embeddable":true,"href":"https:\/\/www.wallendorff.com\/belogue\/wp-json\/wp\/v2\/comments?post=23884"}],"version-history":[{"count":2,"href":"https:\/\/www.wallendorff.com\/belogue\/wp-json\/wp\/v2\/posts\/23884\/revisions"}],"predecessor-version":[{"id":23890,"href":"https:\/\/www.wallendorff.com\/belogue\/wp-json\/wp\/v2\/posts\/23884\/revisions\/23890"}],"wp:featuredmedia":[{"embeddable":true,"href":"https:\/\/www.wallendorff.com\/belogue\/wp-json\/wp\/v2\/media\/25824"}],"wp:attachment":[{"href":"https:\/\/www.wallendorff.com\/belogue\/wp-json\/wp\/v2\/media?parent=23884"}],"wp:term":[{"taxonomy":"category","embeddable":true,"href":"https:\/\/www.wallendorff.com\/belogue\/wp-json\/wp\/v2\/categories?post=23884"},{"taxonomy":"post_tag","embeddable":true,"href":"https:\/\/www.wallendorff.com\/belogue\/wp-json\/wp\/v2\/tags?post=23884"}],"curies":[{"name":"wp","href":"https:\/\/api.w.org\/{rel}","templated":true}]}}