{"id":23825,"date":"2015-01-29T11:25:52","date_gmt":"2015-01-29T09:25:52","guid":{"rendered":"http:\/\/www.wallendorff.com\/?p=23825"},"modified":"2018-05-23T08:12:02","modified_gmt":"2018-05-23T06:12:02","slug":"interpol-lolympia-paris-27-janvier","status":"publish","type":"post","link":"https:\/\/www.wallendorff.com\/belogue\/2015\/01\/29\/interpol-lolympia-paris-27-janvier\/","title":{"rendered":"Interpol @ l&rsquo;Olympia, Paris, 27 janvier."},"content":{"rendered":"\n<div id=\"photo\">\n<p><img decoding=\"async\" src=\"https:\/\/www.wallendorff.com\/belogue\/photo\/2015\/01\/20150129.jpg\"><\/p>\n<\/div>\n<div id=\"setlist\">\n<p><em>Say Hello to the Angels<\/em> | <em>Anywhere<\/em> | <em>My Blue Supreme<\/em> | <em>Evil<\/em> | <em>Take You on a Cruise<\/em> | <em>My Desire<\/em> | <em>The New<\/em> | <em>Everything Is Wrong<\/em> | <em>NYC<\/em> | <em>Breaker 1<\/em> | <em>Rest My Chemistry<\/em> | <em>Slow Hands<\/em> | <em>Not Even Jail<\/em> | <em>PDA<\/em> || <em>All the Rage Back Home<\/em> | <em>Lights<\/em> | <em>Stella Was a Diver and She Was Always Down<\/em><\/p>\n<\/div>\n<p style=\"text-align:right\">Toujours un plaisir.<\/p>\n<div id=\"bandeson\">\n<p><img decoding=\"async\" src=\"https:\/\/www.wallendorff.com\/belogue\/photo\/pochettes\/i\/interpol-el_pintor.jpg\" align=\"left\" \/><a style=\"font-weight:normal\" id=\"lienmp3\" href=\"http:\/\/www.youtube.com\/watch?v=YLys76tyRJo\"><em>Breaker 1<\/em><\/a><br \/>\n<a href=\"http:\/\/www.interpolnyc.com\/\">Interpol<\/a><\/p>\n<\/p><\/div>ngg_shortcode_0_placeholder<p>&nbsp;<\/p>\n","protected":false},"excerpt":{"rendered":"<p>Say Hello to the Angels | Anywhere | My Blue Supreme | Evil | Take You on a Cruise | My Desire | The New | Everything Is Wrong | NYC | Breaker 1 | Rest My Chemistry | Slow Hands | Not Even Jail | PDA || All the Rage Back Home | Lights&hellip;<\/p>\n","protected":false},"author":1,"featured_media":26900,"comment_status":"open","ping_status":"open","sticky":false,"template":"","format":"standard","meta":{"_acf_changed":false,"ngg_post_thumbnail":0,"jetpack_post_was_ever_published":false,"_jetpack_newsletter_access":"","_jetpack_dont_email_post_to_subs":false,"_jetpack_newsletter_tier_id":0,"_jetpack_memberships_contains_paywalled_content":false,"_jetpack_memberships_contains_paid_content":false,"footnotes":"","jetpack_publicize_message":"","jetpack_publicize_feature_enabled":true,"jetpack_social_post_already_shared":false,"jetpack_social_options":{"image_generator_settings":{"template":"highway","default_image_id":0,"font":"","enabled":false},"version":2}},"categories":[7],"tags":[12417,10223,10084,12420,8905,2571,8170,181,6766,8351,10120,10121,10111,10434,10098,8243],"class_list":["post-23825","post","type-post","status-publish","format-standard","has-post-thumbnail","hentry","category-alive","tag-12417","tag-10223","tag-alive","tag-boulevard-des-capucines","tag-breaker-1","tag-ef-16-35-mm-f28l-ii-usm","tag-ef-24-70-mm-f2-8l-ii-usm","tag-ef-70-200-mm-f28l-usm","tag-eos-5d-mark-iii","tag-eos-6d","tag-france","tag-ile-de-france","tag-interpol","tag-lolympia","tag-paris","tag-sigma-15-mm-f2-8-ex-dg-diagonal-fish-eye"],"acf":[],"geo":{"latitude":48.8703232,"longitude":2.3282957,"description":"2-16 Rue de Caumartin, 75009 Paris, France"},"jetpack_publicize_connections":[],"jetpack_featured_media_url":"https:\/\/www.wallendorff.com\/belogue\/wp-content\/uploads\/2015\/04\/201501291.jpg","jetpack_shortlink":"https:\/\/wp.me\/p3b35P-6ch","jetpack_sharing_enabled":true,"jetpack-related-posts":[{"id":42197,"url":"https:\/\/www.wallendorff.com\/belogue\/2019\/07\/03\/interpol-lolympia-paris-2-juillet-2019\/","url_meta":{"origin":23825,"position":0},"title":"Interpol @ l&rsquo;Olympia, Paris, 2 juillet 2019.","author":"dpc","date":"3 juillet 2019","format":false,"excerpt":"H\u00e9 bien tu m'crois, tu m'crois pas, mais il m'aura fallu attendre mon 13e concert d'Interpol pour enfin avoir droit \u00e0 Untitled en live. [Mais \u00e0 part \u00e7a, rien.]","rel":"","context":"Dans &quot;Alive&quot;","block_context":{"text":"Alive","link":"https:\/\/www.wallendorff.com\/belogue\/category\/alive\/"},"img":{"alt_text":"","src":"https:\/\/i0.wp.com\/www.wallendorff.com\/belogue\/wp-content\/uploads\/2019\/07\/20190703-07.jpg?resize=350%2C200&ssl=1","width":350,"height":200,"srcset":"https:\/\/i0.wp.com\/www.wallendorff.com\/belogue\/wp-content\/uploads\/2019\/07\/20190703-07.jpg?resize=350%2C200&ssl=1 1x, https:\/\/i0.wp.com\/www.wallendorff.com\/belogue\/wp-content\/uploads\/2019\/07\/20190703-07.jpg?resize=525%2C300&ssl=1 1.5x, https:\/\/i0.wp.com\/www.wallendorff.com\/belogue\/wp-content\/uploads\/2019\/07\/20190703-07.jpg?resize=700%2C400&ssl=1 2x, https:\/\/i0.wp.com\/www.wallendorff.com\/belogue\/wp-content\/uploads\/2019\/07\/20190703-07.jpg?resize=1050%2C600&ssl=1 3x"},"classes":[]},{"id":127632,"url":"https:\/\/www.wallendorff.com\/belogue\/2024\/03\/27\/pixies-lolympia-paris-26-mars-2024\/","url_meta":{"origin":23825,"position":1},"title":"Pixies @ l&rsquo;Olympia, Paris, 26 mars 2024.","author":"dpc","date":"27 mars 2024","format":false,"excerpt":"Pixies @ l\u2019Olympia, Paris, 26\/03\/2024 Pixies @ l\u2019Olympia, Paris, 26\/03\/2024 Pixies @ l\u2019Olympia, Paris, 26\/03\/2024 Pixies @ l\u2019Olympia, Paris, 26\/03\/2024 Pixies @ l\u2019Olympia, Paris, 26\/03\/2024 Pixies @ l\u2019Olympia, Paris, 26\/03\/2024 Pixies @ l\u2019Olympia, Paris, 26\/03\/2024 Pixies @ l\u2019Olympia, Paris, 26\/03\/2024 Pixies @ l\u2019Olympia, Paris, 26\/03\/2024 Pixies @ l\u2019Olympia, Paris, 26\/03\/2024\u2026","rel":"","context":"Dans &quot;Alive&quot;","block_context":{"text":"Alive","link":"https:\/\/www.wallendorff.com\/belogue\/category\/alive\/"},"img":{"alt_text":"","src":"https:\/\/i0.wp.com\/www.wallendorff.com\/belogue\/wp-content\/uploads\/2024\/03\/20240327-22.jpg?resize=350%2C200&ssl=1","width":350,"height":200,"srcset":"https:\/\/i0.wp.com\/www.wallendorff.com\/belogue\/wp-content\/uploads\/2024\/03\/20240327-22.jpg?resize=350%2C200&ssl=1 1x, https:\/\/i0.wp.com\/www.wallendorff.com\/belogue\/wp-content\/uploads\/2024\/03\/20240327-22.jpg?resize=525%2C300&ssl=1 1.5x, https:\/\/i0.wp.com\/www.wallendorff.com\/belogue\/wp-content\/uploads\/2024\/03\/20240327-22.jpg?resize=700%2C400&ssl=1 2x, https:\/\/i0.wp.com\/www.wallendorff.com\/belogue\/wp-content\/uploads\/2024\/03\/20240327-22.jpg?resize=1050%2C600&ssl=1 3x"},"classes":[]},{"id":130484,"url":"https:\/\/www.wallendorff.com\/belogue\/2024\/09\/03\/bleachers-lolympia-paris-2-septembre-2024\/","url_meta":{"origin":23825,"position":2},"title":"Bleachers @ l&rsquo;Olympia, Paris, 2 septembre 2024","author":"dpc","date":"3 septembre 2024","format":false,"excerpt":"Bleachers @ l\u2019OLympia, Paris, 02\/09\/2024 Bleachers @ l\u2019OLympia, Paris, 02\/09\/2024 Bleachers @ l\u2019OLympia, Paris, 02\/09\/2024 Bleachers @ l\u2019OLympia, Paris, 02\/09\/2024 Bleachers @ l\u2019OLympia, Paris, 02\/09\/2024 Bleachers @ l\u2019OLympia, Paris, 02\/09\/2024 Bleachers @ l\u2019OLympia, Paris, 02\/09\/2024 Bleachers @ l\u2019OLympia, Paris, 02\/09\/2024 Bleachers @ l\u2019OLympia, Paris, 02\/09\/2024 Bleachers @ l\u2019OLympia, Paris, 02\/09\/2024\u2026","rel":"","context":"Dans &quot;Alive&quot;","block_context":{"text":"Alive","link":"https:\/\/www.wallendorff.com\/belogue\/category\/alive\/"},"img":{"alt_text":"","src":"https:\/\/i0.wp.com\/www.wallendorff.com\/belogue\/wp-content\/uploads\/2024\/09\/20240903-21.jpg?resize=350%2C200&ssl=1","width":350,"height":200,"srcset":"https:\/\/i0.wp.com\/www.wallendorff.com\/belogue\/wp-content\/uploads\/2024\/09\/20240903-21.jpg?resize=350%2C200&ssl=1 1x, https:\/\/i0.wp.com\/www.wallendorff.com\/belogue\/wp-content\/uploads\/2024\/09\/20240903-21.jpg?resize=525%2C300&ssl=1 1.5x, https:\/\/i0.wp.com\/www.wallendorff.com\/belogue\/wp-content\/uploads\/2024\/09\/20240903-21.jpg?resize=700%2C400&ssl=1 2x, https:\/\/i0.wp.com\/www.wallendorff.com\/belogue\/wp-content\/uploads\/2024\/09\/20240903-21.jpg?resize=1050%2C600&ssl=1 3x"},"classes":[]},{"id":125178,"url":"https:\/\/www.wallendorff.com\/belogue\/2023\/07\/08\/interpol-jenny-beth-festival-days-off-philharmonie-de-paris-5-juillet-2023\/","url_meta":{"origin":23825,"position":3},"title":"Interpol + Jehnny Beth @ festival Days Off, Philharmonie de Paris, 5 juillet 2023.","author":"dpc","date":"8 juillet 2023","format":false,"excerpt":"Next Exit | Evil | Narc | Take You on a Cruise | Slow Hands | Not Even Jail | Public Pervert | C'mere | Length of Love | A Time to Be So Small || Lights | Obstacle 1 | My Desire | Toni | Pioneer to the Falls\u2026","rel":"","context":"Dans &quot;Alive&quot;","block_context":{"text":"Alive","link":"https:\/\/www.wallendorff.com\/belogue\/category\/alive\/"},"img":{"alt_text":"","src":"https:\/\/i0.wp.com\/www.wallendorff.com\/belogue\/wp-content\/uploads\/2023\/07\/20230708-10.jpg?resize=350%2C200&ssl=1","width":350,"height":200,"srcset":"https:\/\/i0.wp.com\/www.wallendorff.com\/belogue\/wp-content\/uploads\/2023\/07\/20230708-10.jpg?resize=350%2C200&ssl=1 1x, https:\/\/i0.wp.com\/www.wallendorff.com\/belogue\/wp-content\/uploads\/2023\/07\/20230708-10.jpg?resize=525%2C300&ssl=1 1.5x, https:\/\/i0.wp.com\/www.wallendorff.com\/belogue\/wp-content\/uploads\/2023\/07\/20230708-10.jpg?resize=700%2C400&ssl=1 2x, https:\/\/i0.wp.com\/www.wallendorff.com\/belogue\/wp-content\/uploads\/2023\/07\/20230708-10.jpg?resize=1050%2C600&ssl=1 3x"},"classes":[]},{"id":131821,"url":"https:\/\/www.wallendorff.com\/belogue\/2025\/03\/06\/sam-fender-lolympia-paris-4-mars-2025\/","url_meta":{"origin":23825,"position":4},"title":"Sam Fender @ l&rsquo;Olympia, Paris, 4 mars 2025.","author":"dpc","date":"6 mars 2025","format":false,"excerpt":"Sam Fender @ l\u2019Olympia, Paris, 04\/03\/2025 Sam Fender @ l\u2019Olympia, Paris, 04\/03\/2025 Sam Fender @ l\u2019Olympia, Paris, 04\/03\/2025 Sam Fender @ l\u2019Olympia, Paris, 04\/03\/2025 Sam Fender @ l\u2019Olympia, Paris, 04\/03\/2025 Sam Fender @ l\u2019Olympia, Paris, 04\/03\/2025 Sam Fender @ l\u2019Olympia, Paris, 04\/03\/2025 Sam Fender @ l\u2019Olympia, Paris, 04\/03\/2025 Sam Fender\u2026","rel":"","context":"Dans &quot;Alive&quot;","block_context":{"text":"Alive","link":"https:\/\/www.wallendorff.com\/belogue\/category\/alive\/"},"img":{"alt_text":"","src":"https:\/\/i0.wp.com\/www.wallendorff.com\/belogue\/wp-content\/uploads\/2025\/03\/20250306-01.jpg?resize=350%2C200&ssl=1","width":350,"height":200,"srcset":"https:\/\/i0.wp.com\/www.wallendorff.com\/belogue\/wp-content\/uploads\/2025\/03\/20250306-01.jpg?resize=350%2C200&ssl=1 1x, https:\/\/i0.wp.com\/www.wallendorff.com\/belogue\/wp-content\/uploads\/2025\/03\/20250306-01.jpg?resize=525%2C300&ssl=1 1.5x, https:\/\/i0.wp.com\/www.wallendorff.com\/belogue\/wp-content\/uploads\/2025\/03\/20250306-01.jpg?resize=700%2C400&ssl=1 2x, https:\/\/i0.wp.com\/www.wallendorff.com\/belogue\/wp-content\/uploads\/2025\/03\/20250306-01.jpg?resize=1050%2C600&ssl=1 3x"},"classes":[]},{"id":131679,"url":"https:\/\/www.wallendorff.com\/belogue\/2025\/02\/04\/snow-patrol-lolympia-paris-30-janvier-2025\/","url_meta":{"origin":23825,"position":5},"title":"Snow Patrol @ l&rsquo;Olympia, Paris, 30 janvier 2025.","author":"dpc","date":"4 f\u00e9vrier 2025","format":false,"excerpt":"Snow Patrol @ l\u2019Olympia, Paris, 30\/01\/2025 Snow Patrol @ l\u2019Olympia, Paris, 30\/01\/2025 Snow Patrol @ l\u2019Olympia, Paris, 30\/01\/2025 Snow Patrol @ l\u2019Olympia, Paris, 30\/01\/2025 Snow Patrol @ l\u2019Olympia, Paris, 30\/01\/2025 Snow Patrol @ l\u2019Olympia, Paris, 30\/01\/2025 Snow Patrol @ l\u2019Olympia, Paris, 30\/01\/2025 Snow Patrol @ l\u2019Olympia, Paris, 30\/01\/2025 Snow Patrol\u2026","rel":"","context":"Dans &quot;Alive&quot;","block_context":{"text":"Alive","link":"https:\/\/www.wallendorff.com\/belogue\/category\/alive\/"},"img":{"alt_text":"","src":"https:\/\/i0.wp.com\/www.wallendorff.com\/belogue\/wp-content\/uploads\/2025\/02\/20250204-13.jpg?resize=350%2C200&ssl=1","width":350,"height":200,"srcset":"https:\/\/i0.wp.com\/www.wallendorff.com\/belogue\/wp-content\/uploads\/2025\/02\/20250204-13.jpg?resize=350%2C200&ssl=1 1x, https:\/\/i0.wp.com\/www.wallendorff.com\/belogue\/wp-content\/uploads\/2025\/02\/20250204-13.jpg?resize=525%2C300&ssl=1 1.5x, https:\/\/i0.wp.com\/www.wallendorff.com\/belogue\/wp-content\/uploads\/2025\/02\/20250204-13.jpg?resize=700%2C400&ssl=1 2x, https:\/\/i0.wp.com\/www.wallendorff.com\/belogue\/wp-content\/uploads\/2025\/02\/20250204-13.jpg?resize=1050%2C600&ssl=1 3x"},"classes":[]}],"_links":{"self":[{"href":"https:\/\/www.wallendorff.com\/belogue\/wp-json\/wp\/v2\/posts\/23825","targetHints":{"allow":["GET"]}}],"collection":[{"href":"https:\/\/www.wallendorff.com\/belogue\/wp-json\/wp\/v2\/posts"}],"about":[{"href":"https:\/\/www.wallendorff.com\/belogue\/wp-json\/wp\/v2\/types\/post"}],"author":[{"embeddable":true,"href":"https:\/\/www.wallendorff.com\/belogue\/wp-json\/wp\/v2\/users\/1"}],"replies":[{"embeddable":true,"href":"https:\/\/www.wallendorff.com\/belogue\/wp-json\/wp\/v2\/comments?post=23825"}],"version-history":[{"count":4,"href":"https:\/\/www.wallendorff.com\/belogue\/wp-json\/wp\/v2\/posts\/23825\/revisions"}],"predecessor-version":[{"id":23891,"href":"https:\/\/www.wallendorff.com\/belogue\/wp-json\/wp\/v2\/posts\/23825\/revisions\/23891"}],"wp:featuredmedia":[{"embeddable":true,"href":"https:\/\/www.wallendorff.com\/belogue\/wp-json\/wp\/v2\/media\/26900"}],"wp:attachment":[{"href":"https:\/\/www.wallendorff.com\/belogue\/wp-json\/wp\/v2\/media?parent=23825"}],"wp:term":[{"taxonomy":"category","embeddable":true,"href":"https:\/\/www.wallendorff.com\/belogue\/wp-json\/wp\/v2\/categories?post=23825"},{"taxonomy":"post_tag","embeddable":true,"href":"https:\/\/www.wallendorff.com\/belogue\/wp-json\/wp\/v2\/tags?post=23825"}],"curies":[{"name":"wp","href":"https:\/\/api.w.org\/{rel}","templated":true}]}}