{"id":23798,"date":"2015-01-20T12:57:52","date_gmt":"2015-01-20T10:57:52","guid":{"rendered":"http:\/\/www.wallendorff.com\/?p=23798"},"modified":"2018-05-23T08:12:02","modified_gmt":"2018-05-23T06:12:02","slug":"les-lignes-droites-les-trois-baudets-paris","status":"publish","type":"post","link":"https:\/\/www.wallendorff.com\/belogue\/2015\/01\/20\/les-lignes-droites-les-trois-baudets-paris\/","title":{"rendered":"Les Lignes Droites @ les Trois Baudets, Paris."},"content":{"rendered":"\n<div id=\"photo\">\n<p><img decoding=\"async\" src=\"https:\/\/www.wallendorff.com\/belogue\/photo\/2015\/01\/20150120.jpg\"><\/p>\n<\/p><\/div>ngg_shortcode_0_placeholder<p>&nbsp;<\/p>\n","protected":false},"excerpt":{"rendered":"<p>&nbsp;<\/p>\n","protected":false},"author":1,"featured_media":26901,"comment_status":"open","ping_status":"open","sticky":false,"template":"","format":"standard","meta":{"_acf_changed":false,"ngg_post_thumbnail":0,"jetpack_post_was_ever_published":false,"_jetpack_newsletter_access":"","_jetpack_dont_email_post_to_subs":false,"_jetpack_newsletter_tier_id":0,"_jetpack_memberships_contains_paywalled_content":false,"_jetpack_memberships_contains_paid_content":false,"footnotes":"","jetpack_publicize_message":"","jetpack_publicize_feature_enabled":true,"jetpack_social_post_already_shared":false,"jetpack_social_options":{"image_generator_settings":{"template":"highway","default_image_id":0,"font":"","enabled":false},"version":2}},"categories":[7],"tags":[12417,10143,10084,10898,2571,8170,181,6766,8351,10120,10121,12370,12314,10098,8243],"class_list":["post-23798","post","type-post","status-publish","format-standard","has-post-thumbnail","hentry","category-alive","tag-12417","tag-10143","tag-alive","tag-boulevard-de-clichy","tag-ef-16-35-mm-f28l-ii-usm","tag-ef-24-70-mm-f2-8l-ii-usm","tag-ef-70-200-mm-f28l-usm","tag-eos-5d-mark-iii","tag-eos-6d","tag-france","tag-ile-de-france","tag-les-lignes-droites","tag-les-trois-baudets","tag-paris","tag-sigma-15-mm-f2-8-ex-dg-diagonal-fish-eye"],"acf":[],"geo":{"latitude":48.8834839,"longitude":2.3344312,"description":"Paris 17, \u00cele-de-France, 75017, FR"},"jetpack_publicize_connections":[],"jetpack_featured_media_url":"https:\/\/www.wallendorff.com\/belogue\/wp-content\/uploads\/2015\/04\/201501201.jpg","jetpack_shortlink":"https:\/\/wp.me\/p3b35P-6bQ","jetpack_sharing_enabled":true,"jetpack-related-posts":[{"id":23523,"url":"https:\/\/www.wallendorff.com\/belogue\/2014\/11\/06\/polar-the-animen-anna-aaron-les-trois-baudets-paris\/","url_meta":{"origin":23798,"position":0},"title":"Polar + The Animen + Anna Aaron @ les Trois Baudets, Paris.","author":"dpc","date":"6 novembre 2014","format":false,"excerpt":"Linda Anna Aaron Anna Aaron The Animen Polar \u00a0","rel":"","context":"Dans &quot;Alive&quot;","block_context":{"text":"Alive","link":"https:\/\/www.wallendorff.com\/belogue\/category\/alive\/"},"img":{"alt_text":"","src":"https:\/\/i0.wp.com\/www.wallendorff.com\/belogue\/wp-content\/uploads\/2015\/04\/201411051.jpg?resize=350%2C200&ssl=1","width":350,"height":200,"srcset":"https:\/\/i0.wp.com\/www.wallendorff.com\/belogue\/wp-content\/uploads\/2015\/04\/201411051.jpg?resize=350%2C200&ssl=1 1x, https:\/\/i0.wp.com\/www.wallendorff.com\/belogue\/wp-content\/uploads\/2015\/04\/201411051.jpg?resize=525%2C300&ssl=1 1.5x, https:\/\/i0.wp.com\/www.wallendorff.com\/belogue\/wp-content\/uploads\/2015\/04\/201411051.jpg?resize=700%2C400&ssl=1 2x"},"classes":[]},{"id":11184,"url":"https:\/\/www.wallendorff.com\/belogue\/2011\/01\/02\/bouee-de-vingt-scenes\/","url_meta":{"origin":23798,"position":1},"title":"Bou\u00e9e de vingt sc\u00e8nes.","author":"dpc","date":"2 janvier 2011","format":false,"excerpt":"\u00ab\u00a0Cette bou\u00e9e a sauv\u00e9 des vies.\u00a0\u00bb Pointe de la Torche, 2 novembre 2010. The Decemberists \u2013 January Hymn","rel":"","context":"Dans &quot;DPC&quot;","block_context":{"text":"DPC","link":"https:\/\/www.wallendorff.com\/belogue\/category\/dpc\/"},"img":{"alt_text":"","src":"https:\/\/i0.wp.com\/www.wallendorff.com\/belogue\/wp-content\/uploads\/2015\/04\/201101021.jpg?resize=350%2C200&ssl=1","width":350,"height":200},"classes":[]},{"id":11192,"url":"https:\/\/www.wallendorff.com\/belogue\/2011\/01\/04\/rendons-a-chaise-art\/","url_meta":{"origin":23798,"position":2},"title":"Rendons \u00e0 chaise art.","author":"dpc","date":"4 janvier 2011","format":false,"excerpt":"Centre Pompidou-Metz, Metz, 8 novembre 2010. [Je pr\u00e9cise que cette chaise pos\u00e9e au milieu d'un mur blanc n'est pas une \u0153uvre d'art moderne.] Sleigh Bells \u2013 Tell 'em","rel":"","context":"Dans &quot;DPC&quot;","block_context":{"text":"DPC","link":"https:\/\/www.wallendorff.com\/belogue\/category\/dpc\/"},"img":{"alt_text":"","src":"https:\/\/i0.wp.com\/www.wallendorff.com\/belogue\/wp-content\/uploads\/2015\/04\/201101041.jpg?resize=350%2C200&ssl=1","width":350,"height":200},"classes":[]},{"id":10596,"url":"https:\/\/www.wallendorff.com\/belogue\/2010\/12\/10\/gossip-palais-omnisport-de-paris-bercy-paris\/","url_meta":{"origin":23798,"position":3},"title":"Gossip @ Palais omnisports de Paris-Bercy.","author":"dpc","date":"10 d\u00e9cembre 2010","format":false,"excerpt":"The Von Bondies\u2013 Please Please Man (live) \u00a0","rel":"","context":"Dans &quot;Alive&quot;","block_context":{"text":"Alive","link":"https:\/\/www.wallendorff.com\/belogue\/category\/alive\/"},"img":{"alt_text":"","src":"https:\/\/i0.wp.com\/www.wallendorff.com\/belogue\/wp-content\/uploads\/2015\/04\/201012101.jpg?resize=350%2C200&ssl=1","width":350,"height":200,"srcset":"https:\/\/i0.wp.com\/www.wallendorff.com\/belogue\/wp-content\/uploads\/2015\/04\/201012101.jpg?resize=350%2C200&ssl=1 1x, https:\/\/i0.wp.com\/www.wallendorff.com\/belogue\/wp-content\/uploads\/2015\/04\/201012101.jpg?resize=525%2C300&ssl=1 1.5x, https:\/\/i0.wp.com\/www.wallendorff.com\/belogue\/wp-content\/uploads\/2015\/04\/201012101.jpg?resize=700%2C400&ssl=1 2x"},"classes":[]},{"id":7720,"url":"https:\/\/www.wallendorff.com\/belogue\/2010\/06\/17\/florence-and-the-machine-koudlam-lolympia-paris\/","url_meta":{"origin":23798,"position":4},"title":"Florence and the Machine + Koudlam @ l&rsquo;Olympia, Paris.","author":"dpc","date":"17 juin 2010","format":false,"excerpt":"Howl | My Boy Builds Coffins | Hurricane Drunk | Girl with One Eye | Between Two Lungs | Drumming Song | Blinding | I'm Not Calling You a Liar | Cosmic Love | Dog Days Are Over | You've Got the Love (The Source) || Kiss with a Fist\u2026","rel":"","context":"Dans &quot;Alive&quot;","block_context":{"text":"Alive","link":"https:\/\/www.wallendorff.com\/belogue\/category\/alive\/"},"img":{"alt_text":"","src":"https:\/\/i0.wp.com\/www.wallendorff.com\/belogue\/wp-content\/uploads\/2015\/04\/201006171.jpg?resize=350%2C200&ssl=1","width":350,"height":200,"srcset":"https:\/\/i0.wp.com\/www.wallendorff.com\/belogue\/wp-content\/uploads\/2015\/04\/201006171.jpg?resize=350%2C200&ssl=1 1x, https:\/\/i0.wp.com\/www.wallendorff.com\/belogue\/wp-content\/uploads\/2015\/04\/201006171.jpg?resize=525%2C300&ssl=1 1.5x, https:\/\/i0.wp.com\/www.wallendorff.com\/belogue\/wp-content\/uploads\/2015\/04\/201006171.jpg?resize=700%2C400&ssl=1 2x"},"classes":[]},{"id":23063,"url":"https:\/\/www.wallendorff.com\/belogue\/2014\/06\/26\/interpol-theatre-de-lalhambra-paris-24-juin\/","url_meta":{"origin":23798,"position":5},"title":"Interpol @ th\u00e9\u00e2tre de l&rsquo;Alhambra, Paris, 24 juin.","author":"dpc","date":"26 juin 2014","format":false,"excerpt":"Say Hello to the Angels | Evil | C'mere | My Desire | Hands Away | Not Even Jail | NYC | Anywhere | Narc | Leif Erikson | All the Rage Back Home | PDA | Slow Hands || Lights | Stella Was a Diver and She Was Always\u2026","rel":"","context":"Dans &quot;Alive&quot;","block_context":{"text":"Alive","link":"https:\/\/www.wallendorff.com\/belogue\/category\/alive\/"},"img":{"alt_text":"","src":"https:\/\/i0.wp.com\/www.wallendorff.com\/belogue\/wp-content\/uploads\/2015\/04\/201406261.jpg?resize=350%2C200&ssl=1","width":350,"height":200,"srcset":"https:\/\/i0.wp.com\/www.wallendorff.com\/belogue\/wp-content\/uploads\/2015\/04\/201406261.jpg?resize=350%2C200&ssl=1 1x, https:\/\/i0.wp.com\/www.wallendorff.com\/belogue\/wp-content\/uploads\/2015\/04\/201406261.jpg?resize=525%2C300&ssl=1 1.5x, https:\/\/i0.wp.com\/www.wallendorff.com\/belogue\/wp-content\/uploads\/2015\/04\/201406261.jpg?resize=700%2C400&ssl=1 2x"},"classes":[]}],"_links":{"self":[{"href":"https:\/\/www.wallendorff.com\/belogue\/wp-json\/wp\/v2\/posts\/23798","targetHints":{"allow":["GET"]}}],"collection":[{"href":"https:\/\/www.wallendorff.com\/belogue\/wp-json\/wp\/v2\/posts"}],"about":[{"href":"https:\/\/www.wallendorff.com\/belogue\/wp-json\/wp\/v2\/types\/post"}],"author":[{"embeddable":true,"href":"https:\/\/www.wallendorff.com\/belogue\/wp-json\/wp\/v2\/users\/1"}],"replies":[{"embeddable":true,"href":"https:\/\/www.wallendorff.com\/belogue\/wp-json\/wp\/v2\/comments?post=23798"}],"version-history":[{"count":3,"href":"https:\/\/www.wallendorff.com\/belogue\/wp-json\/wp\/v2\/posts\/23798\/revisions"}],"predecessor-version":[{"id":23865,"href":"https:\/\/www.wallendorff.com\/belogue\/wp-json\/wp\/v2\/posts\/23798\/revisions\/23865"}],"wp:featuredmedia":[{"embeddable":true,"href":"https:\/\/www.wallendorff.com\/belogue\/wp-json\/wp\/v2\/media\/26901"}],"wp:attachment":[{"href":"https:\/\/www.wallendorff.com\/belogue\/wp-json\/wp\/v2\/media?parent=23798"}],"wp:term":[{"taxonomy":"category","embeddable":true,"href":"https:\/\/www.wallendorff.com\/belogue\/wp-json\/wp\/v2\/categories?post=23798"},{"taxonomy":"post_tag","embeddable":true,"href":"https:\/\/www.wallendorff.com\/belogue\/wp-json\/wp\/v2\/tags?post=23798"}],"curies":[{"name":"wp","href":"https:\/\/api.w.org\/{rel}","templated":true}]}}