{"id":23790,"date":"2014-12-31T13:14:34","date_gmt":"2014-12-31T11:14:34","guid":{"rendered":"http:\/\/www.wallendorff.com\/?p=23790"},"modified":"2019-01-03T11:23:01","modified_gmt":"2019-01-03T09:23:01","slug":"decembre-2014","status":"publish","type":"post","link":"https:\/\/www.wallendorff.com\/belogue\/2014\/12\/31\/decembre-2014\/","title":{"rendered":"D\u00e9cembre 2014."},"content":{"rendered":"<div id=\"photo\">\n<p><img decoding=\"async\" src=\"https:\/\/www.wallendorff.com\/belogue\/photo\/galeries\/2014\/12\/20141231-bn\/20150115-68.jpg\" \/><\/p>\n<\/div>\n<p>Un jour en plus, un concert, un calendrier, un week-end avec des cr&egrave;ches, une soir&eacute;e &agrave; haute densit&eacute;, un test &agrave; l&rsquo;aveugle, un concert, une bi&egrave;re, un concert, une tasse, des di&scaron;ques, une soir&eacute;e &agrave; haute densit&eacute;, une licorne, une soir&eacute;e &agrave; cartes, un concert, une contre-plong&eacute;e, des cadeaux et un b&eacute;b&eacute;, de la route, une voiture, une cath&eacute;drale, un ours qui chante et des moutons qui s&rsquo;aiment, un b&eacute;b&eacute;, un restaurant, une porte, un ap&eacute;ro sur le toit, de la route, une photo annuelle, un p&egrave;re No&euml;l qui flotte, une Guinness qui sourit, une ruelle, de la neige, un cimeti&egrave;re, des bonnets, une manifestation de cygnes, un test &agrave; l&rsquo;aveugle, un billard, un cr&eacute;puscule et un d&eacute;but de r&eacute;veillon et 2&nbsp;249&nbsp;km de plus au compteur. D&eacute;cembre 2014.<\/p>\n<p>2014 se termine au bout de 33&nbsp;050&nbsp;km, pile. Carte bien remplie, mais encore trop de zones blanches. On fera mieux en 2015.<\/p>\n<div id=\"photo2\">\n<p><img decoding=\"async\" src=\"https:\/\/www.wallendorff.com\/belogue\/photo\/2015\/01\/20150115-02.jpg\" \/><\/p>\n<\/div>\n<p>&nbsp;<\/p>\n<div id=\"tops_mois\">\n<div class=\"tops_ligne\">\n<div id=\"cinq_titres\">\n<h3>5 titres<\/h3>\n<ul>\n<li><a href=\"http:\/\/thekooks.com\/\">The Kooks<\/a> &ndash; <em><a href=\"http:\/\/www.youtube.com\/watch?v=3tUh-x-fp8Q\">Bad Habit<\/a><\/em><\/li>\n<li><a href=\"http:\/\/www.arcticmonkeys.com\/\">Arctic Monkeys<\/a> &ndash; <em><a href=\"http:\/\/www.youtube.com\/watch?v=4lOdBxVS16o\">Chun Li&rsquo;s Spinning Bird Kick<\/a><\/em><\/li>\n<li><a href=\"http:\/\/www.jackwhiteiii.com\">Jack White<\/a> &ndash; <em><a href=\"http:\/\/www.youtube.com\/watch?v=LzGJ6QRPcl0\">Missing Pieces<\/a><\/em><a href=\"https:\/\/www.youtube.com\/watch?v=7cTLzPIzjt8\"> (live)<\/a><\/li>\n<li><a href=\"http:\/\/www.mergerecords.com\/policy\">Will Butler<\/a> &ndash; <em><a href=\"http:\/\/www.youtube.com\/watch?v=ryOMCA8J30o\">Take My Side<\/a><\/em><\/li>\n<li><a href=\"http:\/\/loscampesinos.com\/\">Los Campesinos!<\/a> &ndash; <em><a href=\"http:\/\/www.youtube.com\/watch?v=NvbIKVqKWf0\">When Christmas Comes<\/a><\/em><\/li>\n<\/ul><\/div>\n<div id=\"albums\">\n<h3>Albums<\/h3>\n<ul>\n<li>French for Rabbits &ndash; <em>Spirits<\/em> <img decoding=\"async\" src=\"https:\/\/www.wallendorff.com\/belogue\/images\/etoile.gif\" alt=\"etoile\" \/><img decoding=\"async\" src=\"https:\/\/www.wallendorff.com\/belogue\/images\/etoile.gif\" alt=\"etoile\" \/><img decoding=\"async\" src=\"https:\/\/www.wallendorff.com\/belogue\/images\/etoile-blanche.gif\" alt=\"etoile\" \/><img decoding=\"async\" src=\"https:\/\/www.wallendorff.com\/belogue\/images\/etoile-blanche.gif\" alt=\"etoile\" \/><img decoding=\"async\" src=\"https:\/\/www.wallendorff.com\/belogue\/images\/etoile-blanche.gif\" alt=\"etoile\" \/><\/li>\n<li>Jack White  &ndash; <em>Live from Bonnaroo 2014<\/em> <img decoding=\"async\" src=\"https:\/\/www.wallendorff.com\/belogue\/images\/etoile.gif\" alt=\"etoile\" \/><img decoding=\"async\" src=\"https:\/\/www.wallendorff.com\/belogue\/images\/etoile.gif\" alt=\"etoile\" \/><img decoding=\"async\" src=\"https:\/\/www.wallendorff.com\/belogue\/images\/etoile.gif\" alt=\"etoile\" \/><img decoding=\"async\" src=\"https:\/\/www.wallendorff.com\/belogue\/images\/etoile.gif\" alt=\"etoile\" \/><img decoding=\"async\" src=\"https:\/\/www.wallendorff.com\/belogue\/images\/etoile-blanche.gif\" alt=\"etoile\" \/><\/li>\n<\/ul><\/div><\/div>\n<div class=\"tops_ligne\">\n<div id=\"films\">\n<h3>Films<\/h3>\n<ul>\n<li><em>N\/A<\/em><\/li>\n<\/ul><\/div>\n<div id=\"bouquins\">\n<h3>Bouquins<\/h3>\n<ul>\n<li>Maurice Leblanc &ndash; <em>La Cagliostro se venge<\/em><\/li>\n<li>Maurice Leblanc &ndash; <em>Victor, de la brigade mondaine<\/em><\/li>\n<li>Maurice Leblanc &ndash; <em>La Femme aux deux visages<\/em><\/li>\n<\/ul><\/div><\/div>\n<\/div>\n<div id=\"traces\">\n<h3>Traces<\/h3>ngg_shortcode_0_placeholder<p>&nbsp;<\/p>\n<h3>Je de piste<\/h3>\n<div id=\"photo2\">\n<p><img decoding=\"async\" src=\"https:\/\/www.wallendorff.com\/belogue\/photo\/2015\/01\/20150115-03.jpg\" \/><\/p>\n<\/div>\n<div id=\"photo2\">\n<p><img decoding=\"async\" src=\"https:\/\/www.wallendorff.com\/belogue\/photo\/2015\/01\/20150115-04.jpg\" \/><\/p>\n<\/div>\n<\/div>\n","protected":false},"excerpt":{"rendered":"<p>Un jour en plus, un concert, un calendrier, un week-end avec des cr&egrave;ches, une soir&eacute;e &agrave; haute densit&eacute;, un test &agrave; l&rsquo;aveugle, un concert, une bi&egrave;re, un concert, une tasse, des di&scaron;ques, une soir&eacute;e &agrave; haute densit&eacute;, une licorne, une soir&eacute;e &agrave; cartes, un concert, une contre-plong&eacute;e, des cadeaux et un b&eacute;b&eacute;, de la route,&hellip;<\/p>\n","protected":false},"author":1,"featured_media":26899,"comment_status":"open","ping_status":"open","sticky":false,"template":"","format":"standard","meta":{"_acf_changed":false,"ngg_post_thumbnail":0,"jetpack_post_was_ever_published":false,"_jetpack_newsletter_access":"","_jetpack_dont_email_post_to_subs":false,"_jetpack_newsletter_tier_id":0,"_jetpack_memberships_contains_paywalled_content":false,"_jetpack_memberships_contains_paid_content":false,"footnotes":"","jetpack_publicize_message":"","jetpack_publicize_feature_enabled":true,"jetpack_social_post_already_shared":false,"jetpack_social_options":{"image_generator_settings":{"template":"highway","default_image_id":0,"font":"","enabled":false},"version":2}},"categories":[11],"tags":[11810,12005,10182,10267,10183,10216,10443,12377,12376,12378,12379,12380,12031,12381,10084,10952,3253,10841,11251,10115,10487,10644,10178,11165,11253,11771,11493,11220,12375,12382,10358,10743,417,11741,12096,10473,10254,10207,12383,12384,10500,11497,10359,10620,12385,10326,10883,10125,10204,10238,12386,10956,10329,12387,10120,3928,12388,10708,10663,11233,10121,10642,12389,12390,3805,12391,10290,10598,12013,12392,10302,12393,12394,12395,10175,11316,12396,10485,11847,10173,10460,12397,10174,10568,10211,4614,10147,10884,11452,12398,10104,10098,11390,12399,10845,10476,11795,10713,11699,10380,10592,10704,10164,10357,10300,12400,10103,12129,12015,10661,11812,12401,12402,10735,11901,12403,4729,10280,10327,11687,10283,10202,11805,10988,10407,10740,10227,10517,12404,12405,10676,10171,12407,12406],"class_list":["post-23790","post","type-post","status-publish","format-standard","has-post-thumbnail","hentry","category-blog-note","tag-11810","tag-4l","tag-10182","tag-10267","tag-10183","tag-10216","tag-a4","tag-abbaye","tag-abbaye-saint-pierre-de-flavigny-sur-ozerain","tag-abenim","tag-aime-millet","tag-aire-de-service-de-verdun-saint-nicolas-sud","tag-alb","tag-alise-sainte-reine","tag-alive","tag-amanvillers","tag-animal","tag-autoroute","tag-avenue-jean-aicard","tag-bar","tag-basilique-du-sacre-coeur","tag-bebe","tag-belgique","tag-blind-test","tag-bonnet","tag-boule-de-noel","tag-bourgogne","tag-bring-the-noise-festival","tag-bring-the-noise-festival-2014","tag-calendrier-de-lavent","tag-canal-saint-martin","tag-cathedrale","tag-cathedrale-saint-etienne","tag-centre-saint-jacques","tag-chair-de-poule","tag-champ","tag-champagne-ardenne","tag-cimetiere","tag-cimetiere-de-chambiere","tag-cimetiere-juif","tag-contre-plongee","tag-cote-dor","tag-couple","tag-cour","tag-creche","tag-crepuscule","tag-cygne","tag-dessin","tag-e411","tag-eglise","tag-eglise-des-trinitaires","tag-eure","tag-exposition","tag-flavigny-sur-ozerain","tag-france","tag-gens","tag-haudiomont","tag-haute-normandie","tag-hiver","tag-home","tag-ile-de-france","tag-illuminations","tag-immeuble-des-bons-enfants","tag-irish-pub","tag-jardin-damour","tag-la-gerarderie","tag-la-maroquinerie","tag-le-cafe-de-la-danse","tag-le-carillon","tag-le-perchoir","tag-le-point-ephemere","tag-les-essarts","tag-les-grandes-loges","tag-libramont-chevigny","tag-lorraine","tag-louvigny","tag-lyla-foy","tag-maison","tag-marne","tag-metz","tag-meuse","tag-ministere-de-la-culture","tag-moselle","tag-mouton","tag-neige","tag-noel","tag-nuit","tag-oiseau","tag-ours","tag-ours-en-peluche","tag-panneau","tag-paris","tag-passage-louis-philippe","tag-passerelle-richerand","tag-pere-noel","tag-place-de-chambre","tag-place-de-la-prefecture","tag-planete-mars","tag-plus","tag-pont","tag-pose-longue","tag-province-de-luxembourg","tag-pub","tag-quai-de-valmy","tag-renault","tag-rois-mages","tag-route","tag-royal-blood","tag-rue-alibert","tag-rue-boyer","tag-rue-chevreul","tag-rue-de-labbaye-flavigny-sur-ozerain","tag-rue-de-leglise","tag-rue-de-la-folie-mericourt","tag-rue-de-vaucouleurs","tag-rue-des-halles","tag-rue-des-trinitaires","tag-rue-oberkampf","tag-rue-saint-honore","tag-rue-saint-maur","tag-rue-taison","tag-ruines","tag-sentier-des-lanternes","tag-sharon-van-etten","tag-silhouette","tag-soiree","tag-statue","tag-tombe","tag-velo-rose","tag-vercingetorix","tag-vitrine","tag-voiture","tag-winter-camp-festival","tag-winter-camp-festival-2014"],"acf":[],"geo":null,"jetpack_publicize_connections":[],"jetpack_featured_media_url":"https:\/\/www.wallendorff.com\/belogue\/wp-content\/uploads\/2015\/04\/20150115-681.jpg","jetpack_shortlink":"https:\/\/wp.me\/p3b35P-6bI","jetpack_sharing_enabled":true,"jetpack-related-posts":[{"id":135693,"url":"https:\/\/www.wallendorff.com\/belogue\/2026\/03\/27\/tcho-metz\/","url_meta":{"origin":23790,"position":0},"title":"Tch\u00f4 Metz.","author":"dpc","date":"27 mars 2026","format":false,"excerpt":"","rel":"","context":"Dans &quot;DPC&quot;","block_context":{"text":"DPC","link":"https:\/\/www.wallendorff.com\/belogue\/category\/dpc\/"},"img":{"alt_text":"","src":"https:\/\/i0.wp.com\/www.wallendorff.com\/belogue\/wp-content\/uploads\/2026\/03\/20260327-10.jpg?resize=350%2C200&ssl=1","width":350,"height":200,"srcset":"https:\/\/i0.wp.com\/www.wallendorff.com\/belogue\/wp-content\/uploads\/2026\/03\/20260327-10.jpg?resize=350%2C200&ssl=1 1x, https:\/\/i0.wp.com\/www.wallendorff.com\/belogue\/wp-content\/uploads\/2026\/03\/20260327-10.jpg?resize=525%2C300&ssl=1 1.5x, https:\/\/i0.wp.com\/www.wallendorff.com\/belogue\/wp-content\/uploads\/2026\/03\/20260327-10.jpg?resize=700%2C400&ssl=1 2x, https:\/\/i0.wp.com\/www.wallendorff.com\/belogue\/wp-content\/uploads\/2026\/03\/20260327-10.jpg?resize=1050%2C600&ssl=1 3x"},"classes":[]},{"id":131991,"url":"https:\/\/www.wallendorff.com\/belogue\/2025\/03\/26\/metz-de-noel\/","url_meta":{"origin":23790,"position":1},"title":"Metz de No\u00ebl.","author":"dpc","date":"26 mars 2025","format":false,"excerpt":"","rel":"","context":"Dans &quot;DPC&quot;","block_context":{"text":"DPC","link":"https:\/\/www.wallendorff.com\/belogue\/category\/dpc\/"},"img":{"alt_text":"","src":"https:\/\/i0.wp.com\/www.wallendorff.com\/belogue\/wp-content\/uploads\/2025\/03\/20250326-04.jpg?resize=350%2C200&ssl=1","width":350,"height":200,"srcset":"https:\/\/i0.wp.com\/www.wallendorff.com\/belogue\/wp-content\/uploads\/2025\/03\/20250326-04.jpg?resize=350%2C200&ssl=1 1x, https:\/\/i0.wp.com\/www.wallendorff.com\/belogue\/wp-content\/uploads\/2025\/03\/20250326-04.jpg?resize=525%2C300&ssl=1 1.5x, https:\/\/i0.wp.com\/www.wallendorff.com\/belogue\/wp-content\/uploads\/2025\/03\/20250326-04.jpg?resize=700%2C400&ssl=1 2x"},"classes":[]},{"id":127050,"url":"https:\/\/www.wallendorff.com\/belogue\/2023\/12\/31\/decembre-2023\/","url_meta":{"origin":23790,"position":2},"title":"D\u00e9cembre 2023.","author":"dpc","date":"31 d\u00e9cembre 2023","format":false,"excerpt":"Un vernissage, un m\u00e9tro, un miroir d\u2019eau, une esplanade, un avion, une tour, un v\u00e9lo, un avion, une pause, un m\u00e9tro, une pyramide floue, une passerelle, un banc, un mus\u00e9e, une arcade, une acrobatie, un r\u00e9veillon, une conf\u00e9rence, un escalier bien achaland\u00e9, un choual, une \u00e9curie, un man\u00e8ge, un saut,\u2026","rel":"","context":"Dans &quot;Blog-note&quot;","block_context":{"text":"Blog-note","link":"https:\/\/www.wallendorff.com\/belogue\/category\/blog-note\/"},"img":{"alt_text":"","src":"https:\/\/i0.wp.com\/www.wallendorff.com\/belogue\/wp-content\/uploads\/2024\/01\/20240110-62.jpg?resize=350%2C200&ssl=1","width":350,"height":200,"srcset":"https:\/\/i0.wp.com\/www.wallendorff.com\/belogue\/wp-content\/uploads\/2024\/01\/20240110-62.jpg?resize=350%2C200&ssl=1 1x, https:\/\/i0.wp.com\/www.wallendorff.com\/belogue\/wp-content\/uploads\/2024\/01\/20240110-62.jpg?resize=525%2C300&ssl=1 1.5x, https:\/\/i0.wp.com\/www.wallendorff.com\/belogue\/wp-content\/uploads\/2024\/01\/20240110-62.jpg?resize=700%2C400&ssl=1 2x, https:\/\/i0.wp.com\/www.wallendorff.com\/belogue\/wp-content\/uploads\/2024\/01\/20240110-62.jpg?resize=1050%2C600&ssl=1 3x"},"classes":[]},{"id":127373,"url":"https:\/\/www.wallendorff.com\/belogue\/2024\/01\/31\/janvier-2024\/","url_meta":{"origin":23790,"position":3},"title":"Janvier 2024.","author":"dpc","date":"31 janvier 2024","format":false,"excerpt":"Un panneau de nuit, un feu de camp, une bouteille, un premier matin, un miroir, une for\u00eat, un champ, un arbre, une balan\u00e7oire, un champ, un panneau de jour, un souper, un livre, un m\u00e9tropolitain, un lever de soleil, un pigeon, un h\u00f4tel, un caf\u00e9, un chantier, une plante, un\u2026","rel":"","context":"Dans &quot;Blog-note&quot;","block_context":{"text":"Blog-note","link":"https:\/\/www.wallendorff.com\/belogue\/category\/blog-note\/"},"img":{"alt_text":"","src":"https:\/\/i0.wp.com\/www.wallendorff.com\/belogue\/wp-content\/uploads\/2024\/02\/20240214-69.jpg?resize=350%2C200&ssl=1","width":350,"height":200,"srcset":"https:\/\/i0.wp.com\/www.wallendorff.com\/belogue\/wp-content\/uploads\/2024\/02\/20240214-69.jpg?resize=350%2C200&ssl=1 1x, https:\/\/i0.wp.com\/www.wallendorff.com\/belogue\/wp-content\/uploads\/2024\/02\/20240214-69.jpg?resize=525%2C300&ssl=1 1.5x, https:\/\/i0.wp.com\/www.wallendorff.com\/belogue\/wp-content\/uploads\/2024\/02\/20240214-69.jpg?resize=700%2C400&ssl=1 2x, https:\/\/i0.wp.com\/www.wallendorff.com\/belogue\/wp-content\/uploads\/2024\/02\/20240214-69.jpg?resize=1050%2C600&ssl=1 3x"},"classes":[]},{"id":134969,"url":"https:\/\/www.wallendorff.com\/belogue\/2025\/12\/31\/decembre-2025\/","url_meta":{"origin":23790,"position":4},"title":"D\u00e9cembre 2025.","author":"dpc","date":"31 d\u00e9cembre 2025","format":false,"excerpt":"Des toilettes, un num\u00e9ro, une gare, une flaque, une averse, une r\u00e9p\u00e9tition, des balances, un concert, un train, une gare, un reflet, un quai, des balances, un miroir, un concert, des macarons, une boulangerie, une route, un sapin de No\u00ebl, un arbre au lever du soleil, une ruelle, des chats\u2026","rel":"","context":"Dans &quot;Blog-note&quot;","block_context":{"text":"Blog-note","link":"https:\/\/www.wallendorff.com\/belogue\/category\/blog-note\/"},"img":{"alt_text":"","src":"https:\/\/i0.wp.com\/www.wallendorff.com\/belogue\/wp-content\/uploads\/2026\/01\/20260109-51.jpg?resize=350%2C200&ssl=1","width":350,"height":200,"srcset":"https:\/\/i0.wp.com\/www.wallendorff.com\/belogue\/wp-content\/uploads\/2026\/01\/20260109-51.jpg?resize=350%2C200&ssl=1 1x, https:\/\/i0.wp.com\/www.wallendorff.com\/belogue\/wp-content\/uploads\/2026\/01\/20260109-51.jpg?resize=525%2C300&ssl=1 1.5x, https:\/\/i0.wp.com\/www.wallendorff.com\/belogue\/wp-content\/uploads\/2026\/01\/20260109-51.jpg?resize=700%2C400&ssl=1 2x, https:\/\/i0.wp.com\/www.wallendorff.com\/belogue\/wp-content\/uploads\/2026\/01\/20260109-51.jpg?resize=1050%2C600&ssl=1 3x"},"classes":[]},{"id":131558,"url":"https:\/\/www.wallendorff.com\/belogue\/2024\/12\/31\/decembre-2024\/","url_meta":{"origin":23790,"position":5},"title":"D\u00e9cembre 2024.","author":"dpc","date":"31 d\u00e9cembre 2024","format":false,"excerpt":"Ce journal photographique aligne en images les \u00e9v\u00e8nements, petits ou grands, joyeux ou tristes, pour garder une trace du rythme du mois pr\u00e9c\u00e9dent. Je n'y adjoins jamais de texte. Les images se suffisent d'elles-m\u00eames, et quand elles laissent des ellipses dans leur r\u00e9cit, charge \u00e0 soi de les combler comme\u2026","rel":"","context":"Dans &quot;Blog-note&quot;","block_context":{"text":"Blog-note","link":"https:\/\/www.wallendorff.com\/belogue\/category\/blog-note\/"},"img":{"alt_text":"","src":"https:\/\/i0.wp.com\/www.wallendorff.com\/belogue\/wp-content\/uploads\/2025\/01\/20250122-18.jpg?resize=350%2C200&ssl=1","width":350,"height":200,"srcset":"https:\/\/i0.wp.com\/www.wallendorff.com\/belogue\/wp-content\/uploads\/2025\/01\/20250122-18.jpg?resize=350%2C200&ssl=1 1x, https:\/\/i0.wp.com\/www.wallendorff.com\/belogue\/wp-content\/uploads\/2025\/01\/20250122-18.jpg?resize=525%2C300&ssl=1 1.5x, https:\/\/i0.wp.com\/www.wallendorff.com\/belogue\/wp-content\/uploads\/2025\/01\/20250122-18.jpg?resize=700%2C400&ssl=1 2x, https:\/\/i0.wp.com\/www.wallendorff.com\/belogue\/wp-content\/uploads\/2025\/01\/20250122-18.jpg?resize=1050%2C600&ssl=1 3x"},"classes":[]}],"_links":{"self":[{"href":"https:\/\/www.wallendorff.com\/belogue\/wp-json\/wp\/v2\/posts\/23790","targetHints":{"allow":["GET"]}}],"collection":[{"href":"https:\/\/www.wallendorff.com\/belogue\/wp-json\/wp\/v2\/posts"}],"about":[{"href":"https:\/\/www.wallendorff.com\/belogue\/wp-json\/wp\/v2\/types\/post"}],"author":[{"embeddable":true,"href":"https:\/\/www.wallendorff.com\/belogue\/wp-json\/wp\/v2\/users\/1"}],"replies":[{"embeddable":true,"href":"https:\/\/www.wallendorff.com\/belogue\/wp-json\/wp\/v2\/comments?post=23790"}],"version-history":[{"count":7,"href":"https:\/\/www.wallendorff.com\/belogue\/wp-json\/wp\/v2\/posts\/23790\/revisions"}],"predecessor-version":[{"id":40788,"href":"https:\/\/www.wallendorff.com\/belogue\/wp-json\/wp\/v2\/posts\/23790\/revisions\/40788"}],"wp:featuredmedia":[{"embeddable":true,"href":"https:\/\/www.wallendorff.com\/belogue\/wp-json\/wp\/v2\/media\/26899"}],"wp:attachment":[{"href":"https:\/\/www.wallendorff.com\/belogue\/wp-json\/wp\/v2\/media?parent=23790"}],"wp:term":[{"taxonomy":"category","embeddable":true,"href":"https:\/\/www.wallendorff.com\/belogue\/wp-json\/wp\/v2\/categories?post=23790"},{"taxonomy":"post_tag","embeddable":true,"href":"https:\/\/www.wallendorff.com\/belogue\/wp-json\/wp\/v2\/tags?post=23790"}],"curies":[{"name":"wp","href":"https:\/\/api.w.org\/{rel}","templated":true}]}}