{"id":237,"date":"2005-12-18T21:10:41","date_gmt":"2005-12-18T21:10:41","guid":{"rendered":"http:\/\/www.po-l.com\/wordpress\/?p=237"},"modified":"2012-01-19T13:03:16","modified_gmt":"2012-01-19T11:03:16","slug":"statues-co","status":"publish","type":"post","link":"https:\/\/www.wallendorff.com\/belogue\/2005\/12\/18\/statues-co\/","title":{"rendered":"Statues [&amp;] Co."},"content":{"rendered":"\n<div id=\"photo\">\n<p><img decoding=\"async\" src=\"http:\/\/www.po-L.com\/belogue\/photo\/2005\/12\/20051218.jpg\"\/><br \/>\n          Petit Palais, Paris, 07 d&eacute;cembre.<\/p>\n<\/p><\/div>\n<p style=\"text-align:right\">Et merde.<\/p>\n<p style=\"text-align:right\">Mon stock de titres est vide aussi.<\/p>\n<p style=\"text-align:right\">La situation commence &agrave; craindre de plus en plus, ici.<\/p>\n<div id=\"bandeson\">\n<p><img decoding=\"async\" src=\"https:\/\/www.wallendorff.com\/belogue\/photo\/pochettes\/z\/zita_swoon-a_band_in_a_box.jpg\" align=\"left\" \/>&nbsp;<a href=\"http:\/\/www.zitaswoon.com\/\">Zita Swoon<\/a> &ndash; <em>Hey You, Whatshadoing?<\/em> (live)<\/p>\n<\/div>\n","protected":false},"excerpt":{"rendered":"<p>Petit Palais, Paris, 07 d&eacute;cembre. Et merde. Mon stock de titres est vide aussi. La situation commence &agrave; craindre de plus en plus, ici. &nbsp;Zita Swoon &ndash; Hey You, Whatshadoing? (live)<\/p>\n","protected":false},"author":1,"featured_media":24175,"comment_status":"open","ping_status":"open","sticky":false,"template":"","format":"standard","meta":{"_acf_changed":false,"ngg_post_thumbnail":0,"jetpack_post_was_ever_published":false,"_jetpack_newsletter_access":"","_jetpack_dont_email_post_to_subs":false,"_jetpack_newsletter_tier_id":0,"_jetpack_memberships_contains_paywalled_content":false,"_jetpack_memberships_contains_paid_content":false,"footnotes":"","jetpack_publicize_message":"","jetpack_publicize_feature_enabled":true,"jetpack_social_post_already_shared":false,"jetpack_social_options":{"image_generator_settings":{"template":"highway","default_image_id":0,"font":"","enabled":false},"version":2}},"categories":[3],"tags":[10237,5511,142,132,10120,5513,10121,10147,10098,1380,10227,10197],"class_list":["post-237","post","type-post","status-publish","format-standard","has-post-thumbnail","hentry","category-dpc","tag-10237","tag-avenue-winston-churchill","tag-ef-s-10-22-mm-f35-45-usm","tag-eos-20d","tag-france","tag-hey-you-whatshadoing","tag-ile-de-france","tag-nuit","tag-paris","tag-petit-palais","tag-statue","tag-zita-swoon"],"acf":[],"geo":{"latitude":48.8659439,"longitude":2.314285,"description":"Avenue Winston Churchill, 75008 Paris, France"},"jetpack_publicize_connections":[],"jetpack_featured_media_url":"https:\/\/www.wallendorff.com\/belogue\/wp-content\/uploads\/2015\/04\/200512181.jpg","jetpack_shortlink":"https:\/\/wp.me\/p3b35P-3P","jetpack_sharing_enabled":true,"jetpack-related-posts":[{"id":1158,"url":"https:\/\/www.wallendorff.com\/belogue\/2008\/02\/08\/zita-swoon-le-zbre-de-belleville-paris\/","url_meta":{"origin":237,"position":0},"title":"Zita Swoon @ le Z\u00e8bre de Belleville, Paris.","author":"dpc","date":"8 f\u00e9vrier 2008","format":false,"excerpt":"Forc\u00e9ment, quand t'as lu Pennac en boucle pendant toute ta jeunesse, mettre pour la premi\u00e8re fois les pieds dans le Z\u00e8bre de Monsieur Malauss\u00e8ne, c'est d\u00e9j\u00e0 un \u00e9v\u00e9nement en soi. L'\u00e9merveillement pass\u00e9, pos\u00e9 sur la mezzanine avec un Bordeaux et l'Eos \u00e0 l'aff\u00fbt devant toi, c'est Zita Swoon, son nouveau\u2026","rel":"","context":"Dans &quot;Alive&quot;","block_context":{"text":"Alive","link":"https:\/\/www.wallendorff.com\/belogue\/category\/alive\/"},"img":{"alt_text":"","src":"https:\/\/i0.wp.com\/www.wallendorff.com\/belogue\/wp-content\/uploads\/2015\/04\/200802081.jpg?resize=350%2C200&ssl=1","width":350,"height":200,"srcset":"https:\/\/i0.wp.com\/www.wallendorff.com\/belogue\/wp-content\/uploads\/2015\/04\/200802081.jpg?resize=350%2C200&ssl=1 1x, https:\/\/i0.wp.com\/www.wallendorff.com\/belogue\/wp-content\/uploads\/2015\/04\/200802081.jpg?resize=525%2C300&ssl=1 1.5x, https:\/\/i0.wp.com\/www.wallendorff.com\/belogue\/wp-content\/uploads\/2015\/04\/200802081.jpg?resize=700%2C400&ssl=1 2x"},"classes":[]},{"id":106,"url":"https:\/\/www.wallendorff.com\/belogue\/2006\/03\/20\/ne-passe-enfer\/","url_meta":{"origin":237,"position":1},"title":"Ne passe enfer.","author":"dpc","date":"20 mars 2006","format":false,"excerpt":"Gare du Nord, Paris, 14 mars, 22h05. \u00catre rock en 2006, c'est d\u00e9tourer des poubelles et des rugbymen et finir au pieu avec les Stereophonics, des amis sur qui on peut Comt\u00e9. \u00a0Zita Swoon \u2013 Moving Through Life as Prey (live)","rel":"","context":"Dans &quot;DPC&quot;","block_context":{"text":"DPC","link":"https:\/\/www.wallendorff.com\/belogue\/category\/dpc\/"},"img":{"alt_text":"","src":"https:\/\/i0.wp.com\/www.wallendorff.com\/belogue\/wp-content\/uploads\/2015\/04\/200603201.jpg?resize=350%2C200&ssl=1","width":350,"height":200},"classes":[]},{"id":631,"url":"https:\/\/www.wallendorff.com\/belogue\/2006\/08\/04\/rot-qui-aurore-pique-chur-chooz\/","url_meta":{"origin":237,"position":2},"title":"R&ocirc;t&sup1; qui aurore&sup2; pique chur&sup3; Chooz*.","author":"dpc","date":"4 ao\u00fbt 2006","format":false,"excerpt":"Rue \u00c9tienne Dolet, Paris, 29 juillet. [Keep moving.]5 \u00a0Zita Swoon \u2013 Jintro and the Great Luna (live) _____ 1 R\u00f4t comme une \u00ab Pi\u00e8ce de viande (boucherie, volaille, gibier) cuite \u00e0 feu vif et sans sauce, \u00e0 la broche ou au four. Synon. r\u00f4ti. Gros r\u00f4t (b\u0153uf, veau, mouton, porc,\u2026","rel":"","context":"Dans &quot;DPC&quot;","block_context":{"text":"DPC","link":"https:\/\/www.wallendorff.com\/belogue\/category\/dpc\/"},"img":{"alt_text":"","src":"https:\/\/i0.wp.com\/www.wallendorff.com\/belogue\/wp-content\/uploads\/2015\/04\/200608041.jpg?resize=350%2C200&ssl=1","width":350,"height":200},"classes":[]},{"id":125717,"url":"https:\/\/www.wallendorff.com\/belogue\/2023\/07\/28\/losanges-laissent\/","url_meta":{"origin":237,"position":3},"title":"Losanges laissent.","author":"dpc","date":"28 juillet 2023","format":false,"excerpt":"Palais du Louvre, Paris, 12 mai 2023.","rel":"","context":"Dans &quot;DPC&quot;","block_context":{"text":"DPC","link":"https:\/\/www.wallendorff.com\/belogue\/category\/dpc-en\/"},"img":{"alt_text":"","src":"https:\/\/i0.wp.com\/www.wallendorff.com\/belogue\/wp-content\/uploads\/2023\/07\/20230728.jpg?resize=350%2C200&ssl=1","width":350,"height":200,"srcset":"https:\/\/i0.wp.com\/www.wallendorff.com\/belogue\/wp-content\/uploads\/2023\/07\/20230728.jpg?resize=350%2C200&ssl=1 1x, https:\/\/i0.wp.com\/www.wallendorff.com\/belogue\/wp-content\/uploads\/2023\/07\/20230728.jpg?resize=525%2C300&ssl=1 1.5x, https:\/\/i0.wp.com\/www.wallendorff.com\/belogue\/wp-content\/uploads\/2023\/07\/20230728.jpg?resize=700%2C400&ssl=1 2x, https:\/\/i0.wp.com\/www.wallendorff.com\/belogue\/wp-content\/uploads\/2023\/07\/20230728.jpg?resize=1050%2C600&ssl=1 3x"},"classes":[]},{"id":10596,"url":"https:\/\/www.wallendorff.com\/belogue\/2010\/12\/10\/gossip-palais-omnisport-de-paris-bercy-paris\/","url_meta":{"origin":237,"position":4},"title":"Gossip @ Palais omnisports de Paris-Bercy.","author":"dpc","date":"10 d\u00e9cembre 2010","format":false,"excerpt":"The Von Bondies\u2013 Please Please Man (live) \u00a0","rel":"","context":"Dans &quot;Alive&quot;","block_context":{"text":"Alive","link":"https:\/\/www.wallendorff.com\/belogue\/category\/alive\/"},"img":{"alt_text":"","src":"https:\/\/i0.wp.com\/www.wallendorff.com\/belogue\/wp-content\/uploads\/2015\/04\/201012101.jpg?resize=350%2C200&ssl=1","width":350,"height":200,"srcset":"https:\/\/i0.wp.com\/www.wallendorff.com\/belogue\/wp-content\/uploads\/2015\/04\/201012101.jpg?resize=350%2C200&ssl=1 1x, https:\/\/i0.wp.com\/www.wallendorff.com\/belogue\/wp-content\/uploads\/2015\/04\/201012101.jpg?resize=525%2C300&ssl=1 1.5x, https:\/\/i0.wp.com\/www.wallendorff.com\/belogue\/wp-content\/uploads\/2015\/04\/201012101.jpg?resize=700%2C400&ssl=1 2x"},"classes":[]},{"id":4016,"url":"https:\/\/www.wallendorff.com\/belogue\/2009\/03\/13\/quemporte-le-flocon\/","url_meta":{"origin":237,"position":5},"title":"Qu&#8217;emporte le flocon.","author":"dpc","date":"13 mars 2009","format":false,"excerpt":"Jardin du Palais Royal, Paris, 7 f\u00e9vrier. Note pour plus tard\u00a0: ne plus jamais se lever \u00e0 4h du matin. \u00a0Girls in Hawaii \u2013 Plan Your Escape Et sinon, n'oublions pas qu'en ce moment a lieu la semaine internationale de l'acoustim'se oasien [faut s'inscrire mais \u00e7a vaut l'effort].","rel":"","context":"Dans &quot;DPC&quot;","block_context":{"text":"DPC","link":"https:\/\/www.wallendorff.com\/belogue\/category\/dpc\/"},"img":{"alt_text":"","src":"https:\/\/i0.wp.com\/www.wallendorff.com\/belogue\/wp-content\/uploads\/2015\/04\/200903131.jpg?resize=350%2C200&ssl=1","width":350,"height":200},"classes":[]}],"_links":{"self":[{"href":"https:\/\/www.wallendorff.com\/belogue\/wp-json\/wp\/v2\/posts\/237","targetHints":{"allow":["GET"]}}],"collection":[{"href":"https:\/\/www.wallendorff.com\/belogue\/wp-json\/wp\/v2\/posts"}],"about":[{"href":"https:\/\/www.wallendorff.com\/belogue\/wp-json\/wp\/v2\/types\/post"}],"author":[{"embeddable":true,"href":"https:\/\/www.wallendorff.com\/belogue\/wp-json\/wp\/v2\/users\/1"}],"replies":[{"embeddable":true,"href":"https:\/\/www.wallendorff.com\/belogue\/wp-json\/wp\/v2\/comments?post=237"}],"version-history":[{"count":2,"href":"https:\/\/www.wallendorff.com\/belogue\/wp-json\/wp\/v2\/posts\/237\/revisions"}],"predecessor-version":[{"id":2154,"href":"https:\/\/www.wallendorff.com\/belogue\/wp-json\/wp\/v2\/posts\/237\/revisions\/2154"}],"wp:featuredmedia":[{"embeddable":true,"href":"https:\/\/www.wallendorff.com\/belogue\/wp-json\/wp\/v2\/media\/24175"}],"wp:attachment":[{"href":"https:\/\/www.wallendorff.com\/belogue\/wp-json\/wp\/v2\/media?parent=237"}],"wp:term":[{"taxonomy":"category","embeddable":true,"href":"https:\/\/www.wallendorff.com\/belogue\/wp-json\/wp\/v2\/categories?post=237"},{"taxonomy":"post_tag","embeddable":true,"href":"https:\/\/www.wallendorff.com\/belogue\/wp-json\/wp\/v2\/tags?post=237"}],"curies":[{"name":"wp","href":"https:\/\/api.w.org\/{rel}","templated":true}]}}