{"id":23653,"date":"2014-12-12T11:26:44","date_gmt":"2014-12-12T09:26:44","guid":{"rendered":"http:\/\/www.wallendorff.com\/?p=23653"},"modified":"2014-12-12T11:28:21","modified_gmt":"2014-12-12T09:28:21","slug":"folioscope-2","status":"publish","type":"post","link":"https:\/\/www.wallendorff.com\/belogue\/2014\/12\/12\/folioscope-2\/","title":{"rendered":"Folioscope #2."},"content":{"rendered":"<div id=\"photo\">\n<p><img decoding=\"async\" src=\"https:\/\/www.wallendorff.com\/belogue\/photo\/2014\/08\/20140828.jpg\" \/><\/p>\n<\/div>\n<p><iframe src=\"\/\/player.vimeo.com\/video\/108736488\" width=\"800\" height=\"450\" frameborder=\"0\" webkitallowfullscreen mozallowfullscreen allowfullscreen><\/iframe> <\/p>\n<p><a href=\"http:\/\/vimeo.com\/108736488\">Folioscope no 2 \u2015 Rock en Seine 2014.<\/a> from <a href=\"http:\/\/vimeo.com\/wallendorff\">Monsieur Wallendorff<\/a> on <a href=\"https:\/\/vimeo.com\">Vimeo<\/a>.<\/p>\n<p style=\"text-align:right\">Coucou le Folioscope de Rock en Seine. Trois jours de festival en 1&nbsp;min 58&nbsp;s, en restant dans son fauteuil, sans la queue &agrave; la toilette et sans la pelouse qui glisse (mais aussi sans churros, du coup), record des <a href=\"https:\/\/www.wallendorff.com\/belogue\/tag\/folioscope\/\">Eurock&eacute;ennes<\/a> battu. Yeah.<\/p>\n","protected":false},"excerpt":{"rendered":"<p>Folioscope no 2 \u2015 Rock en Seine 2014. from Monsieur Wallendorff on Vimeo. Coucou le Folioscope de Rock en Seine. Trois jours de festival en 1&nbsp;min 58&nbsp;s, en restant dans son fauteuil, sans la queue &agrave; la toilette et sans la pelouse qui glisse (mais aussi sans churros, du coup), record des Eurock&eacute;ennes battu. Yeah.<\/p>\n","protected":false},"author":1,"featured_media":26888,"comment_status":"open","ping_status":"open","sticky":false,"template":"","format":"standard","meta":{"_acf_changed":false,"ngg_post_thumbnail":0,"jetpack_post_was_ever_published":false,"_jetpack_newsletter_access":"","_jetpack_dont_email_post_to_subs":false,"_jetpack_newsletter_tier_id":0,"_jetpack_memberships_contains_paywalled_content":false,"_jetpack_memberships_contains_paid_content":false,"footnotes":"","jetpack_publicize_message":"","jetpack_publicize_feature_enabled":true,"jetpack_social_post_already_shared":false,"jetpack_social_options":{"image_generator_settings":{"template":"highway","default_image_id":0,"font":"","enabled":false},"version":2}},"categories":[3],"tags":[10136,8883,10133,12128,2770],"class_list":["post-23653","post","type-post","status-publish","format-standard","has-post-thumbnail","hentry","category-dpc","tag-festival","tag-folioscope","tag-rock-en-seine","tag-rock-en-seine-2014","tag-video"],"acf":[],"geo":{"latitude":48.8313904,"longitude":2.2213197,"description":"Parc de Saint-Cloud, 92210 Saint-Cloud, France"},"jetpack_publicize_connections":[],"jetpack_featured_media_url":"https:\/\/www.wallendorff.com\/belogue\/wp-content\/uploads\/2015\/04\/201408283.jpg","jetpack_shortlink":"https:\/\/wp.me\/p3b35P-69v","jetpack_sharing_enabled":true,"jetpack-related-posts":[{"id":1252,"url":"https:\/\/www.wallendorff.com\/belogue\/2008\/06\/18\/des-hans-bullent-thouars\/","url_meta":{"origin":23653,"position":0},"title":"Des hans bullent \u00e0 Thouars\u00b9.","author":"dpc","date":"18 juin 2008","format":false,"excerpt":"Exposition Vivo In Typo, espace Topographie de l'Art, Paris, 19 avril. Histoire de f\u00eater la naissance de ce journal \u00e9lectronique \u00e0 qui l'on souhaite longue vie et parce que j'ai chop\u00e9 le CD hier, rem\u00e9morons-nous de rocambolesques Rock en Seine au son de l'\u0153uvre d'exception qui rythma cet \u00e9t\u00e9 2005,\u2026","rel":"","context":"Dans &quot;DPC&quot;","block_context":{"text":"DPC","link":"https:\/\/www.wallendorff.com\/belogue\/category\/dpc\/"},"img":{"alt_text":"","src":"https:\/\/i0.wp.com\/www.wallendorff.com\/belogue\/wp-content\/uploads\/2015\/04\/200806181.jpg?resize=350%2C200&ssl=1","width":350,"height":200},"classes":[]},{"id":4577,"url":"https:\/\/www.wallendorff.com\/belogue\/2009\/08\/31\/et-pendant-ce-temps-a-rock-en-seine-9\/","url_meta":{"origin":23653,"position":1},"title":"Et pendant ce temps, \u00e0 Rock en Seine.","author":"dpc","date":"31 ao\u00fbt 2009","format":false,"excerpt":"COMMUNIQU\u00c9 OFFICIEL \u00c0 la suite d'une altercation entre Liam Gallagher et l'auteur de ce journal, hier soir dans les toilettes de l'espace presse de Rock en Seine, lors de laquelle le controvers\u00e9 chanteur n'a pas h\u00e9sit\u00e9 \u00e0, je cite, \u00ab\u00a0molester son adversaire au moyen d'un urinoir en plastique Armitage Shanks,\u2026","rel":"","context":"Dans &quot;Pictureless thoughts&quot;","block_context":{"text":"Pictureless thoughts","link":"https:\/\/www.wallendorff.com\/belogue\/category\/pictureless-thoughts\/"},"img":{"alt_text":"","src":"","width":0,"height":0},"classes":[]},{"id":1150,"url":"https:\/\/www.wallendorff.com\/belogue\/2008\/01\/29\/des-sans-t-oses-en-faire\/","url_meta":{"origin":23653,"position":2},"title":"Des sans, t&rsquo;oses en faire.","author":"dpc","date":"29 janvier 2008","format":false,"excerpt":"Studio 130, Saint Denis, 16 janvier. Think outside the bun. \u00a0The White Stripes \u2013 Party of Special Things to Do (Captain Beefheart cover)","rel":"","context":"Dans &quot;DPC&quot;","block_context":{"text":"DPC","link":"https:\/\/www.wallendorff.com\/belogue\/category\/dpc\/"},"img":{"alt_text":"","src":"https:\/\/i0.wp.com\/www.wallendorff.com\/belogue\/wp-content\/uploads\/2015\/04\/200801291.jpg?resize=350%2C200&ssl=1","width":350,"height":200},"classes":[]},{"id":3371,"url":"https:\/\/www.wallendorff.com\/belogue\/2008\/09\/03\/rock-en-seine-2008-3\/","url_meta":{"origin":23653,"position":3},"title":"Rock en Seine 2008 #3.","author":"dpc","date":"3 septembre 2008","format":false,"excerpt":"En attendant Jamie Leaderprice, sc\u00e8ne de la Cascade, 29 ao\u00fbt. Salut le toi. Si comme Jean-Jean et K\u00e9vin, tu aimes voir le monde sans bouger de la verte pelouse qui tapisse ton repaire, \u00e7a tombe bien, j'ai officiellement termin\u00e91 la constitution de la carte du monde d\u00e9p\u00e9cien, une carte super-longue\u2026","rel":"","context":"Dans &quot;Alive&quot;","block_context":{"text":"Alive","link":"https:\/\/www.wallendorff.com\/belogue\/category\/alive\/"},"img":{"alt_text":"","src":"https:\/\/i0.wp.com\/www.wallendorff.com\/belogue\/wp-content\/uploads\/2015\/04\/200809031.jpg?resize=350%2C200&ssl=1","width":350,"height":200,"srcset":"https:\/\/i0.wp.com\/www.wallendorff.com\/belogue\/wp-content\/uploads\/2015\/04\/200809031.jpg?resize=350%2C200&ssl=1 1x, https:\/\/i0.wp.com\/www.wallendorff.com\/belogue\/wp-content\/uploads\/2015\/04\/200809031.jpg?resize=525%2C300&ssl=1 1.5x, https:\/\/i0.wp.com\/www.wallendorff.com\/belogue\/wp-content\/uploads\/2015\/04\/200809031.jpg?resize=700%2C400&ssl=1 2x"},"classes":[]},{"id":773,"url":"https:\/\/www.wallendorff.com\/belogue\/2006\/08\/27\/radiohead-rock-en-seine-paris\/","url_meta":{"origin":23653,"position":4},"title":"Radiohead @ Rock en Seine, Paris.","author":"dpc","date":"27 ao\u00fbt 2006","format":false,"excerpt":"La premi\u00e8re [et derni\u00e8re] fois c'\u00e9tait au milieu des palmiers d'un d\u00e9sert californien surchauff\u00e9, quelques minutes \u00e0 peine apr\u00e8s la reformation des Pixies, au fin fond d'une foule de 60\u00a0000 personnes savourant religieusement leur seule date am\u00e9ricaine de cette ann\u00e9e 2004. Ce coup-ci, assis en tailleur derri\u00e8re des grillages, verre\u2026","rel":"","context":"Dans &quot;Alive&quot;","block_context":{"text":"Alive","link":"https:\/\/www.wallendorff.com\/belogue\/category\/alive\/"},"img":{"alt_text":"","src":"https:\/\/i0.wp.com\/www.wallendorff.com\/belogue\/wp-content\/uploads\/2015\/04\/200608271.jpg?resize=350%2C200&ssl=1","width":350,"height":200,"srcset":"https:\/\/i0.wp.com\/www.wallendorff.com\/belogue\/wp-content\/uploads\/2015\/04\/200608271.jpg?resize=350%2C200&ssl=1 1x, https:\/\/i0.wp.com\/www.wallendorff.com\/belogue\/wp-content\/uploads\/2015\/04\/200608271.jpg?resize=525%2C300&ssl=1 1.5x, https:\/\/i0.wp.com\/www.wallendorff.com\/belogue\/wp-content\/uploads\/2015\/04\/200608271.jpg?resize=700%2C400&ssl=1 2x"},"classes":[]},{"id":1275,"url":"https:\/\/www.wallendorff.com\/belogue\/2008\/07\/22\/pis-a-prismes-13-14\/","url_meta":{"origin":23653,"position":5},"title":"Pis \u00e0 prismes #13, #14.","author":"dpc","date":"22 juillet 2008","format":false,"excerpt":"Paris, 3 juillet. P\u00f6ng. Cela sans m\u00eame pr\u00eater attention \u00e0 la basse attaque focalienne dont je fais l'objet, mouarf. \u00a0The Black Angels \u2013 You on the Run","rel":"","context":"Dans &quot;Pis \u00e0 prismes&quot;","block_context":{"text":"Pis \u00e0 prismes","link":"https:\/\/www.wallendorff.com\/belogue\/category\/pis-a-prismes\/"},"img":{"alt_text":"","src":"https:\/\/i0.wp.com\/www.wallendorff.com\/belogue\/wp-content\/uploads\/2015\/04\/20080722-0011.jpg?resize=350%2C200&ssl=1","width":350,"height":200},"classes":[]}],"_links":{"self":[{"href":"https:\/\/www.wallendorff.com\/belogue\/wp-json\/wp\/v2\/posts\/23653","targetHints":{"allow":["GET"]}}],"collection":[{"href":"https:\/\/www.wallendorff.com\/belogue\/wp-json\/wp\/v2\/posts"}],"about":[{"href":"https:\/\/www.wallendorff.com\/belogue\/wp-json\/wp\/v2\/types\/post"}],"author":[{"embeddable":true,"href":"https:\/\/www.wallendorff.com\/belogue\/wp-json\/wp\/v2\/users\/1"}],"replies":[{"embeddable":true,"href":"https:\/\/www.wallendorff.com\/belogue\/wp-json\/wp\/v2\/comments?post=23653"}],"version-history":[{"count":3,"href":"https:\/\/www.wallendorff.com\/belogue\/wp-json\/wp\/v2\/posts\/23653\/revisions"}],"predecessor-version":[{"id":23656,"href":"https:\/\/www.wallendorff.com\/belogue\/wp-json\/wp\/v2\/posts\/23653\/revisions\/23656"}],"wp:featuredmedia":[{"embeddable":true,"href":"https:\/\/www.wallendorff.com\/belogue\/wp-json\/wp\/v2\/media\/26888"}],"wp:attachment":[{"href":"https:\/\/www.wallendorff.com\/belogue\/wp-json\/wp\/v2\/media?parent=23653"}],"wp:term":[{"taxonomy":"category","embeddable":true,"href":"https:\/\/www.wallendorff.com\/belogue\/wp-json\/wp\/v2\/categories?post=23653"},{"taxonomy":"post_tag","embeddable":true,"href":"https:\/\/www.wallendorff.com\/belogue\/wp-json\/wp\/v2\/tags?post=23653"}],"curies":[{"name":"wp","href":"https:\/\/api.w.org\/{rel}","templated":true}]}}