{"id":23580,"date":"2014-11-21T16:42:28","date_gmt":"2014-11-21T14:42:28","guid":{"rendered":"http:\/\/www.wallendorff.com\/?p=23580"},"modified":"2018-05-23T08:12:03","modified_gmt":"2018-05-23T06:12:03","slug":"white-lung-le-point-ephemere-paris","status":"publish","type":"post","link":"https:\/\/www.wallendorff.com\/belogue\/2014\/11\/21\/white-lung-le-point-ephemere-paris\/","title":{"rendered":"White Lung @ le Point \u00c9ph\u00e9m\u00e8re, Paris."},"content":{"rendered":"\n<div id=\"photo\">\n<p><img decoding=\"async\" src=\"https:\/\/www.wallendorff.com\/belogue\/photo\/2014\/11\/20141121.jpg\"><\/p>\n<\/p><\/div>\n<div id=\"bandeson\">\n<p><img decoding=\"async\" src=\"https:\/\/www.wallendorff.com\/belogue\/photo\/pochettes\/w\/white_lung-deep_fantasy.jpg\" align=\"left\" \/><a style=\"font-weight:normal\" id=\"lienmp3\" href=\"http:\/\/www.youtube.com\/watch?v=gU9GM9IF22k\"><em>Lucky One<\/em><\/a><br \/>\n<a href=\"http:\/\/www.whitelung.ca\/\">White Lung<\/a><\/p>\n<\/p><\/div>ngg_shortcode_0_placeholder<p>&nbsp;<\/p>\n","protected":false},"excerpt":{"rendered":"<p>Lucky One White Lung &nbsp;<\/p>\n","protected":false},"author":1,"featured_media":26879,"comment_status":"open","ping_status":"open","sticky":false,"template":"","format":"standard","meta":{"_acf_changed":false,"ngg_post_thumbnail":0,"jetpack_post_was_ever_published":false,"_jetpack_newsletter_access":"","_jetpack_dont_email_post_to_subs":false,"_jetpack_newsletter_tier_id":0,"_jetpack_memberships_contains_paywalled_content":false,"_jetpack_memberships_contains_paid_content":false,"footnotes":"","jetpack_publicize_message":"","jetpack_publicize_feature_enabled":true,"jetpack_social_post_already_shared":false,"jetpack_social_options":{"image_generator_settings":{"template":"highway","default_image_id":0,"font":"","enabled":false},"version":2}},"categories":[7],"tags":[11810,10267,10084,2571,8170,181,6766,8351,10120,10121,10302,10098,10357,11040],"class_list":["post-23580","post","type-post","status-publish","format-standard","has-post-thumbnail","hentry","category-alive","tag-11810","tag-10267","tag-alive","tag-ef-16-35-mm-f28l-ii-usm","tag-ef-24-70-mm-f2-8l-ii-usm","tag-ef-70-200-mm-f28l-usm","tag-eos-5d-mark-iii","tag-eos-6d","tag-france","tag-ile-de-france","tag-le-point-ephemere","tag-paris","tag-quai-de-valmy","tag-white-lung"],"acf":[],"geo":{"latitude":48.8815308,"longitude":2.3685622,"description":"Quai de Valmy, 75010 Paris, France"},"jetpack_publicize_connections":[],"jetpack_featured_media_url":"https:\/\/www.wallendorff.com\/belogue\/wp-content\/uploads\/2015\/04\/201411211.jpg","jetpack_shortlink":"https:\/\/wp.me\/p3b35P-68k","jetpack_sharing_enabled":true,"jetpack-related-posts":[{"id":20405,"url":"https:\/\/www.wallendorff.com\/belogue\/2013\/02\/08\/metz-le-point-ephemere-paris\/","url_meta":{"origin":23580,"position":0},"title":"METZ @ le Point \u00c9ph\u00e9m\u00e8re, Paris.","author":"dpc","date":"8 f\u00e9vrier 2013","format":false,"excerpt":"Ces gens sont fous. Headache METZ \u00a0","rel":"","context":"Dans &quot;Alive&quot;","block_context":{"text":"Alive","link":"https:\/\/www.wallendorff.com\/belogue\/category\/alive\/"},"img":{"alt_text":"","src":"https:\/\/i0.wp.com\/www.wallendorff.com\/belogue\/wp-content\/uploads\/2015\/04\/20130208.jpg?resize=350%2C200&ssl=1","width":350,"height":200,"srcset":"https:\/\/i0.wp.com\/www.wallendorff.com\/belogue\/wp-content\/uploads\/2015\/04\/20130208.jpg?resize=350%2C200&ssl=1 1x, https:\/\/i0.wp.com\/www.wallendorff.com\/belogue\/wp-content\/uploads\/2015\/04\/20130208.jpg?resize=525%2C300&ssl=1 1.5x, https:\/\/i0.wp.com\/www.wallendorff.com\/belogue\/wp-content\/uploads\/2015\/04\/20130208.jpg?resize=700%2C400&ssl=1 2x"},"classes":[]},{"id":20470,"url":"https:\/\/www.wallendorff.com\/belogue\/2013\/02\/18\/indians-le-point-ephemere-paris-13-fevrier\/","url_meta":{"origin":23580,"position":1},"title":"Indians @ le Point \u00c9ph\u00e9m\u00e8re, Paris, 13 f\u00e9vrier.","author":"dpc","date":"18 f\u00e9vrier 2013","format":false,"excerpt":"New | Bird | Magic Kids | I'm Haunted | Cakelakers | Reality Sublime | Lips Lips Lips | This Moment CakelakersIndians \u00a0","rel":"","context":"Dans &quot;Alive&quot;","block_context":{"text":"Alive","link":"https:\/\/www.wallendorff.com\/belogue\/category\/alive\/"},"img":{"alt_text":"","src":"https:\/\/i0.wp.com\/www.wallendorff.com\/belogue\/wp-content\/uploads\/2015\/04\/20130218.jpg?resize=350%2C200&ssl=1","width":350,"height":200,"srcset":"https:\/\/i0.wp.com\/www.wallendorff.com\/belogue\/wp-content\/uploads\/2015\/04\/20130218.jpg?resize=350%2C200&ssl=1 1x, https:\/\/i0.wp.com\/www.wallendorff.com\/belogue\/wp-content\/uploads\/2015\/04\/20130218.jpg?resize=525%2C300&ssl=1 1.5x, https:\/\/i0.wp.com\/www.wallendorff.com\/belogue\/wp-content\/uploads\/2015\/04\/20130218.jpg?resize=700%2C400&ssl=1 2x"},"classes":[]},{"id":20635,"url":"https:\/\/www.wallendorff.com\/belogue\/2013\/03\/17\/the-men-le-point-ephemere-paris-14-mars\/","url_meta":{"origin":23580,"position":2},"title":"The Men @ le Point \u00c9ph\u00e9m\u00e8re, Paris, 14 mars.","author":"dpc","date":"17 mars 2013","format":false,"excerpt":"ElectricThe Men \u00a0","rel":"","context":"Dans &quot;Alive&quot;","block_context":{"text":"Alive","link":"https:\/\/www.wallendorff.com\/belogue\/category\/alive\/"},"img":{"alt_text":"","src":"https:\/\/i0.wp.com\/www.wallendorff.com\/belogue\/wp-content\/uploads\/2015\/04\/20130317.jpg?resize=350%2C200&ssl=1","width":350,"height":200,"srcset":"https:\/\/i0.wp.com\/www.wallendorff.com\/belogue\/wp-content\/uploads\/2015\/04\/20130317.jpg?resize=350%2C200&ssl=1 1x, https:\/\/i0.wp.com\/www.wallendorff.com\/belogue\/wp-content\/uploads\/2015\/04\/20130317.jpg?resize=525%2C300&ssl=1 1.5x, https:\/\/i0.wp.com\/www.wallendorff.com\/belogue\/wp-content\/uploads\/2015\/04\/20130317.jpg?resize=700%2C400&ssl=1 2x"},"classes":[]},{"id":23884,"url":"https:\/\/www.wallendorff.com\/belogue\/2015\/03\/08\/metz-the-bodies-le-point-ephemere-paris\/","url_meta":{"origin":23580,"position":3},"title":"METZ + The Bodies @ le Point \u00c9ph\u00e9m\u00e8re, Paris.","author":"dpc","date":"8 mars 2015","format":false,"excerpt":"Acetate METZ Ces gens sont fous. Et \u00e7a m'avait manqu\u00e9, de faire des photos au milieu d'un pogo. The Bodies METZ \u00a0","rel":"","context":"Dans &quot;Alive&quot;","block_context":{"text":"Alive","link":"https:\/\/www.wallendorff.com\/belogue\/category\/alive\/"},"img":{"alt_text":"","src":"https:\/\/i0.wp.com\/www.wallendorff.com\/belogue\/wp-content\/uploads\/2015\/04\/201503061.jpg?resize=350%2C200&ssl=1","width":350,"height":200,"srcset":"https:\/\/i0.wp.com\/www.wallendorff.com\/belogue\/wp-content\/uploads\/2015\/04\/201503061.jpg?resize=350%2C200&ssl=1 1x, https:\/\/i0.wp.com\/www.wallendorff.com\/belogue\/wp-content\/uploads\/2015\/04\/201503061.jpg?resize=525%2C300&ssl=1 1.5x, https:\/\/i0.wp.com\/www.wallendorff.com\/belogue\/wp-content\/uploads\/2015\/04\/201503061.jpg?resize=700%2C400&ssl=1 2x"},"classes":[]},{"id":15397,"url":"https:\/\/www.wallendorff.com\/belogue\/2012\/01\/17\/we-were-promised-jetpacks-crackity-flynn-le-point-ephemere-paris\/","url_meta":{"origin":23580,"position":4},"title":"We Were Promised Jetpacks + Crackity Flynn @ le Point \u00c9ph\u00e9m\u00e8re, Paris.","author":"dpc","date":"17 janvier 2012","format":false,"excerpt":"C'est la rentr\u00e9e. We Were Promised Jetpacks \u2013 Medicine [youtube]http:\/\/www.youtube.com\/watch?v=FBymTi3WTm0[\/youtube] Crackity Flynn We Were Promised Jetpacks","rel":"","context":"Dans &quot;Alive&quot;","block_context":{"text":"Alive","link":"https:\/\/www.wallendorff.com\/belogue\/category\/alive\/"},"img":{"alt_text":"","src":"https:\/\/i0.wp.com\/www.wallendorff.com\/belogue\/wp-content\/uploads\/2015\/04\/201201171.jpg?resize=350%2C200&ssl=1","width":350,"height":200,"srcset":"https:\/\/i0.wp.com\/www.wallendorff.com\/belogue\/wp-content\/uploads\/2015\/04\/201201171.jpg?resize=350%2C200&ssl=1 1x, https:\/\/i0.wp.com\/www.wallendorff.com\/belogue\/wp-content\/uploads\/2015\/04\/201201171.jpg?resize=525%2C300&ssl=1 1.5x, https:\/\/i0.wp.com\/www.wallendorff.com\/belogue\/wp-content\/uploads\/2015\/04\/201201171.jpg?resize=700%2C400&ssl=1 2x"},"classes":[]},{"id":14560,"url":"https:\/\/www.wallendorff.com\/belogue\/2011\/11\/25\/the-pack-a-d-decibelles-le-point-ephemere-paris\/","url_meta":{"origin":23580,"position":5},"title":"The Pack A.D. + D\u00e9cibelles @ le Point \u00c9ph\u00e9m\u00e8re, Paris.","author":"dpc","date":"25 novembre 2011","format":false,"excerpt":"En voil\u00e0 deux qui savent d\u00e9cid\u00e9ment d\u00e9friser du poney. J'esp\u00e8re que vous aimez les contre-jours, les enfants. The Pack A.D. \u2013 8 [youtube]http:\/\/www.youtube.com\/watch?v=sBOB_HvccB4[\/youtube] D\u00e9cibelles The Pack A.D.","rel":"","context":"Dans &quot;Alive&quot;","block_context":{"text":"Alive","link":"https:\/\/www.wallendorff.com\/belogue\/category\/alive\/"},"img":{"alt_text":"","src":"https:\/\/i0.wp.com\/www.wallendorff.com\/belogue\/wp-content\/uploads\/2015\/04\/201111251.jpg?resize=350%2C200&ssl=1","width":350,"height":200,"srcset":"https:\/\/i0.wp.com\/www.wallendorff.com\/belogue\/wp-content\/uploads\/2015\/04\/201111251.jpg?resize=350%2C200&ssl=1 1x, https:\/\/i0.wp.com\/www.wallendorff.com\/belogue\/wp-content\/uploads\/2015\/04\/201111251.jpg?resize=525%2C300&ssl=1 1.5x, https:\/\/i0.wp.com\/www.wallendorff.com\/belogue\/wp-content\/uploads\/2015\/04\/201111251.jpg?resize=700%2C400&ssl=1 2x"},"classes":[]}],"_links":{"self":[{"href":"https:\/\/www.wallendorff.com\/belogue\/wp-json\/wp\/v2\/posts\/23580","targetHints":{"allow":["GET"]}}],"collection":[{"href":"https:\/\/www.wallendorff.com\/belogue\/wp-json\/wp\/v2\/posts"}],"about":[{"href":"https:\/\/www.wallendorff.com\/belogue\/wp-json\/wp\/v2\/types\/post"}],"author":[{"embeddable":true,"href":"https:\/\/www.wallendorff.com\/belogue\/wp-json\/wp\/v2\/users\/1"}],"replies":[{"embeddable":true,"href":"https:\/\/www.wallendorff.com\/belogue\/wp-json\/wp\/v2\/comments?post=23580"}],"version-history":[{"count":4,"href":"https:\/\/www.wallendorff.com\/belogue\/wp-json\/wp\/v2\/posts\/23580\/revisions"}],"predecessor-version":[{"id":23801,"href":"https:\/\/www.wallendorff.com\/belogue\/wp-json\/wp\/v2\/posts\/23580\/revisions\/23801"}],"wp:featuredmedia":[{"embeddable":true,"href":"https:\/\/www.wallendorff.com\/belogue\/wp-json\/wp\/v2\/media\/26879"}],"wp:attachment":[{"href":"https:\/\/www.wallendorff.com\/belogue\/wp-json\/wp\/v2\/media?parent=23580"}],"wp:term":[{"taxonomy":"category","embeddable":true,"href":"https:\/\/www.wallendorff.com\/belogue\/wp-json\/wp\/v2\/categories?post=23580"},{"taxonomy":"post_tag","embeddable":true,"href":"https:\/\/www.wallendorff.com\/belogue\/wp-json\/wp\/v2\/tags?post=23580"}],"curies":[{"name":"wp","href":"https:\/\/api.w.org\/{rel}","templated":true}]}}