{"id":23571,"date":"2014-11-19T11:48:43","date_gmt":"2014-11-19T09:48:43","guid":{"rendered":"http:\/\/www.wallendorff.com\/?p=23571"},"modified":"2014-11-19T11:49:46","modified_gmt":"2014-11-19T09:49:46","slug":"prendre-le-dessus","status":"publish","type":"post","link":"https:\/\/www.wallendorff.com\/belogue\/2014\/11\/19\/prendre-le-dessus\/","title":{"rendered":"Prendre le dessus."},"content":{"rendered":"\n<div id=\"photo\">\n<p><img decoding=\"async\" src=\"https:\/\/www.wallendorff.com\/belogue\/photo\/2014\/11\/20141119.jpg\"><br \/>\nBudapest, 9 septembre.<\/p>\n<\/p><\/div>\n<p style=\"text-align:right\">La suite de <em><a href=\"https:\/\/www.wallendorff.com\/belogue\/2014\/10\/29\/prendre-le-dessous\/\">Prendre le dessous<\/a><\/em>, &eacute;videmment.<\/p>\n<p style=\"text-align:right\">[Et puisque je n&rsquo;arrive pas &agrave; trancher entre les deux, aujourd&rsquo;hui ce sera double bande-son.]<\/p>\n<div id=\"bandeson\">\n<p><img decoding=\"async\" src=\"https:\/\/www.wallendorff.com\/belogue\/photo\/pochettes\/f\/foals-holy_fire.jpg\" align=\"left\" \/><a style=\"font-weight:normal\" id=\"lienmp3\" href=\"http:\/\/www.youtube.com\/watch?v=cood1ZBDTkk\"><em>Moon<\/em><\/a><br \/>\n<a href=\"http:\/\/www.foals.co.uk\/\">Foals<\/a><\/p>\n<\/p><\/div>\n<div id=\"bandeson\">\n<p><img decoding=\"async\" src=\"https:\/\/www.wallendorff.com\/belogue\/photo\/pochettes\/t\/turin_brakes-jackinabox.jpg\" align=\"left\" \/><a style=\"font-weight:normal\" id=\"lienmp3\" href=\"http:\/\/www.youtube.com\/watch?v=VMj7SCBUYwg\"><em>Red Moon<\/em><\/a><br \/>\n<a href=\"http:\/\/www.turinbrakes.com\/\">Turin Brakes<\/a><\/p>\n<\/p><\/div>\n","protected":false},"excerpt":{"rendered":"<p>Budapest, 9 septembre. La suite de Prendre le dessous, &eacute;videmment. [Et puisque je n&rsquo;arrive pas &agrave; trancher entre les deux, aujourd&rsquo;hui ce sera double bande-son.] Moon Foals Red Moon Turin Brakes<\/p>\n","protected":false},"author":1,"featured_media":26878,"comment_status":"open","ping_status":"open","sticky":false,"template":"","format":"standard","meta":{"_acf_changed":false,"ngg_post_thumbnail":0,"jetpack_post_was_ever_published":false,"_jetpack_newsletter_access":"","_jetpack_dont_email_post_to_subs":false,"_jetpack_newsletter_tier_id":0,"_jetpack_memberships_contains_paywalled_content":false,"_jetpack_memberships_contains_paid_content":false,"footnotes":"","jetpack_publicize_message":"","jetpack_publicize_feature_enabled":true,"jetpack_social_post_already_shared":false,"jetpack_social_options":{"image_generator_settings":{"template":"highway","default_image_id":0,"font":"","enabled":false},"version":2}},"categories":[3],"tags":[12228,737,12217,8751,8351,10144,10326,10238,10222,12218,10151,5876,1005,316],"class_list":["post-23571","post","type-post","status-publish","format-standard","has-post-thumbnail","hentry","category-dpc","tag-basilique-saint-etienne-de-pest","tag-bleu","tag-budapest","tag-ef-70-300mm-f4-5-6-is-usm","tag-eos-6d","tag-ciel","tag-crepuscule","tag-eglise","tag-foals","tag-hongrie","tag-lune","tag-moon","tag-red-moon","tag-turin-brakes"],"acf":[],"geo":{"latitude":47.5019379,"longitude":19.0352669,"description":"Budapest, Budapest, 1014, HU"},"jetpack_publicize_connections":[],"jetpack_featured_media_url":"https:\/\/www.wallendorff.com\/belogue\/wp-content\/uploads\/2015\/04\/201411191.jpg","jetpack_shortlink":"https:\/\/wp.me\/p3b35P-68b","jetpack_sharing_enabled":true,"jetpack-related-posts":[{"id":29533,"url":"https:\/\/www.wallendorff.com\/belogue\/2015\/10\/26\/into-the-wide-57\/","url_meta":{"origin":23571,"position":0},"title":"Into the wide #57.","author":"dpc","date":"26 octobre 2015","format":false,"excerpt":"Place de l'Universit\u00e9, Wroc\u0142aw, 15 mai. La statue de l'\u00e9p\u00e9iste naturiste plac\u00e9e devant l'entr\u00e9e de l'universit\u00e9 est l'\u0153uvre de Hugo Lederer et date de 1904. D'apr\u00e8s la l\u00e9gende, elle repr\u00e9sente un \u00e9tudiant bourr\u00e9 qui, ayant perdu toutes ses affaires au jeu, hormis son \u00e9p\u00e9e, se retrouva fort d\u00e9convenu lorsque l'hiver1\u2026","rel":"","context":"Dans &quot;Into the wide&quot;","block_context":{"text":"Into the wide","link":"https:\/\/www.wallendorff.com\/belogue\/category\/into-the-wide\/"},"img":{"alt_text":"","src":"https:\/\/i0.wp.com\/www.wallendorff.com\/belogue\/wp-content\/uploads\/2015\/10\/20151026.jpg?resize=350%2C200&ssl=1","width":350,"height":200,"srcset":"https:\/\/i0.wp.com\/www.wallendorff.com\/belogue\/wp-content\/uploads\/2015\/10\/20151026.jpg?resize=350%2C200&ssl=1 1x, https:\/\/i0.wp.com\/www.wallendorff.com\/belogue\/wp-content\/uploads\/2015\/10\/20151026.jpg?resize=525%2C300&ssl=1 1.5x, https:\/\/i0.wp.com\/www.wallendorff.com\/belogue\/wp-content\/uploads\/2015\/10\/20151026.jpg?resize=700%2C400&ssl=1 2x, https:\/\/i0.wp.com\/www.wallendorff.com\/belogue\/wp-content\/uploads\/2015\/10\/20151026.jpg?resize=1050%2C600&ssl=1 3x"},"classes":[]},{"id":22024,"url":"https:\/\/www.wallendorff.com\/belogue\/2013\/11\/17\/foals-breton-festival-des-inrocks-le-zenith-paris-12-novembre\/","url_meta":{"origin":23571,"position":1},"title":"Foals + Breton @ Festival des Inrocks, le Z\u00e9nith, Paris, 12 novembre.","author":"dpc","date":"17 novembre 2013","format":false,"excerpt":"Breton \u00a0 Foals \u00a0","rel":"","context":"Dans &quot;Alive&quot;","block_context":{"text":"Alive","link":"https:\/\/www.wallendorff.com\/belogue\/category\/alive\/"},"img":{"alt_text":"","src":"https:\/\/i0.wp.com\/www.wallendorff.com\/belogue\/wp-content\/uploads\/2015\/04\/201311171.jpg?resize=350%2C200&ssl=1","width":350,"height":200,"srcset":"https:\/\/i0.wp.com\/www.wallendorff.com\/belogue\/wp-content\/uploads\/2015\/04\/201311171.jpg?resize=350%2C200&ssl=1 1x, https:\/\/i0.wp.com\/www.wallendorff.com\/belogue\/wp-content\/uploads\/2015\/04\/201311171.jpg?resize=525%2C300&ssl=1 1.5x, https:\/\/i0.wp.com\/www.wallendorff.com\/belogue\/wp-content\/uploads\/2015\/04\/201311171.jpg?resize=700%2C400&ssl=1 2x"},"classes":[]},{"id":42010,"url":"https:\/\/www.wallendorff.com\/belogue\/2019\/06\/07\/cinq-glacons-dans-le-vent\/","url_meta":{"origin":23571,"position":2},"title":"Cinq gla\u00e7ons dans le vent.","author":"dpc","date":"7 juin 2019","format":false,"excerpt":"Skjelholmen, 5 mars 2019. Et l\u00e0 je vois les deux lecteurs qui me restent s'offusquer et me dire \u00ab\u00a0mais enfin gros, faudrait voir \u00e0 point nous prendre pour des joncquilles, les gar\u00e7ons dans le vent \u00e9taient quatre et pas cinq\u00a0!\u00a0\u00bb, et je leur r\u00e9ponds \u00ab\u00a0Bien vu, Gilles et Marthe1, qu'ils\u2026","rel":"","context":"Dans &quot;DPC&quot;","block_context":{"text":"DPC","link":"https:\/\/www.wallendorff.com\/belogue\/category\/dpc\/"},"img":{"alt_text":"Skjelholmen, 5 mars 2019.","src":"https:\/\/i0.wp.com\/www.wallendorff.com\/belogue\/wp-content\/uploads\/2019\/06\/20190607.jpg?resize=350%2C200&ssl=1","width":350,"height":200,"srcset":"https:\/\/i0.wp.com\/www.wallendorff.com\/belogue\/wp-content\/uploads\/2019\/06\/20190607.jpg?resize=350%2C200&ssl=1 1x, https:\/\/i0.wp.com\/www.wallendorff.com\/belogue\/wp-content\/uploads\/2019\/06\/20190607.jpg?resize=525%2C300&ssl=1 1.5x, https:\/\/i0.wp.com\/www.wallendorff.com\/belogue\/wp-content\/uploads\/2019\/06\/20190607.jpg?resize=700%2C400&ssl=1 2x"},"classes":[]},{"id":51506,"url":"https:\/\/www.wallendorff.com\/belogue\/2022\/05\/17\/foals-le-zenith-paris-16-mai-2022\/","url_meta":{"origin":23571,"position":3},"title":"Foals @ le Z\u00e9nith, Paris, 16 mai 2022.","author":"dpc","date":"17 mai 2022","format":false,"excerpt":"Foals @ le Z\u00e9nith, Paris, 16\/05\/2022 Foals @ le Z\u00e9nith, Paris, 16\/05\/2022 Foals @ le Z\u00e9nith, Paris, 16\/05\/2022 Foals @ le Z\u00e9nith, Paris, 16\/05\/2022 Foals @ le Z\u00e9nith, Paris, 16\/05\/2022 Foals @ le Z\u00e9nith, Paris, 16\/05\/2022 Foals @ le Z\u00e9nith, Paris, 16\/05\/2022 Foals @ le Z\u00e9nith, Paris, 16\/05\/2022 Foals @\u2026","rel":"","context":"Dans &quot;Alive&quot;","block_context":{"text":"Alive","link":"https:\/\/www.wallendorff.com\/belogue\/category\/alive\/"},"img":{"alt_text":"","src":"https:\/\/i0.wp.com\/www.wallendorff.com\/belogue\/wp-content\/uploads\/2022\/05\/20220517-25.jpg?resize=350%2C200&ssl=1","width":350,"height":200,"srcset":"https:\/\/i0.wp.com\/www.wallendorff.com\/belogue\/wp-content\/uploads\/2022\/05\/20220517-25.jpg?resize=350%2C200&ssl=1 1x, https:\/\/i0.wp.com\/www.wallendorff.com\/belogue\/wp-content\/uploads\/2022\/05\/20220517-25.jpg?resize=525%2C300&ssl=1 1.5x, https:\/\/i0.wp.com\/www.wallendorff.com\/belogue\/wp-content\/uploads\/2022\/05\/20220517-25.jpg?resize=700%2C400&ssl=1 2x, https:\/\/i0.wp.com\/www.wallendorff.com\/belogue\/wp-content\/uploads\/2022\/05\/20220517-25.jpg?resize=1050%2C600&ssl=1 3x"},"classes":[]},{"id":20488,"url":"https:\/\/www.wallendorff.com\/belogue\/2013\/02\/20\/garage-bandes\/","url_meta":{"origin":23571,"position":4},"title":"Garage bandes.","author":"dpc","date":"20 f\u00e9vrier 2013","format":false,"excerpt":"Rue Daviel, Paris, 3 janvier. PreludeFoals","rel":"","context":"Dans &quot;DPC&quot;","block_context":{"text":"DPC","link":"https:\/\/www.wallendorff.com\/belogue\/category\/dpc\/"},"img":{"alt_text":"","src":"https:\/\/i0.wp.com\/www.wallendorff.com\/belogue\/wp-content\/uploads\/2015\/04\/20130220.jpg?resize=350%2C200&ssl=1","width":350,"height":200,"srcset":"https:\/\/i0.wp.com\/www.wallendorff.com\/belogue\/wp-content\/uploads\/2015\/04\/20130220.jpg?resize=350%2C200&ssl=1 1x, https:\/\/i0.wp.com\/www.wallendorff.com\/belogue\/wp-content\/uploads\/2015\/04\/20130220.jpg?resize=525%2C300&ssl=1 1.5x"},"classes":[]},{"id":29220,"url":"https:\/\/www.wallendorff.com\/belogue\/2015\/09\/08\/odejsc-wrocic\/","url_meta":{"origin":23571,"position":5},"title":"Odej\u015b\u0107, wr\u00f3ci\u0107.","author":"dpc","date":"8 septembre 2015","format":false,"excerpt":"Gare centrale de Cracovie, 12 mai. Mountain at My Gates Foals","rel":"","context":"Dans &quot;DPC&quot;","block_context":{"text":"DPC","link":"https:\/\/www.wallendorff.com\/belogue\/category\/dpc\/"},"img":{"alt_text":"","src":"https:\/\/i0.wp.com\/www.wallendorff.com\/belogue\/wp-content\/uploads\/2015\/09\/20150908.jpg?resize=350%2C200&ssl=1","width":350,"height":200,"srcset":"https:\/\/i0.wp.com\/www.wallendorff.com\/belogue\/wp-content\/uploads\/2015\/09\/20150908.jpg?resize=350%2C200&ssl=1 1x, https:\/\/i0.wp.com\/www.wallendorff.com\/belogue\/wp-content\/uploads\/2015\/09\/20150908.jpg?resize=525%2C300&ssl=1 1.5x, https:\/\/i0.wp.com\/www.wallendorff.com\/belogue\/wp-content\/uploads\/2015\/09\/20150908.jpg?resize=700%2C400&ssl=1 2x"},"classes":[]}],"_links":{"self":[{"href":"https:\/\/www.wallendorff.com\/belogue\/wp-json\/wp\/v2\/posts\/23571","targetHints":{"allow":["GET"]}}],"collection":[{"href":"https:\/\/www.wallendorff.com\/belogue\/wp-json\/wp\/v2\/posts"}],"about":[{"href":"https:\/\/www.wallendorff.com\/belogue\/wp-json\/wp\/v2\/types\/post"}],"author":[{"embeddable":true,"href":"https:\/\/www.wallendorff.com\/belogue\/wp-json\/wp\/v2\/users\/1"}],"replies":[{"embeddable":true,"href":"https:\/\/www.wallendorff.com\/belogue\/wp-json\/wp\/v2\/comments?post=23571"}],"version-history":[{"count":3,"href":"https:\/\/www.wallendorff.com\/belogue\/wp-json\/wp\/v2\/posts\/23571\/revisions"}],"predecessor-version":[{"id":23574,"href":"https:\/\/www.wallendorff.com\/belogue\/wp-json\/wp\/v2\/posts\/23571\/revisions\/23574"}],"wp:featuredmedia":[{"embeddable":true,"href":"https:\/\/www.wallendorff.com\/belogue\/wp-json\/wp\/v2\/media\/26878"}],"wp:attachment":[{"href":"https:\/\/www.wallendorff.com\/belogue\/wp-json\/wp\/v2\/media?parent=23571"}],"wp:term":[{"taxonomy":"category","embeddable":true,"href":"https:\/\/www.wallendorff.com\/belogue\/wp-json\/wp\/v2\/categories?post=23571"},{"taxonomy":"post_tag","embeddable":true,"href":"https:\/\/www.wallendorff.com\/belogue\/wp-json\/wp\/v2\/tags?post=23571"}],"curies":[{"name":"wp","href":"https:\/\/api.w.org\/{rel}","templated":true}]}}