{"id":23544,"date":"2014-11-14T12:04:40","date_gmt":"2014-11-14T10:04:40","guid":{"rendered":"http:\/\/www.wallendorff.com\/?p=23544"},"modified":"2014-11-19T11:55:18","modified_gmt":"2014-11-19T09:55:18","slug":"into-the-wide-36","status":"publish","type":"post","link":"https:\/\/www.wallendorff.com\/belogue\/2014\/11\/14\/into-the-wide-36\/","title":{"rendered":"Into the wide #38."},"content":{"rendered":"\n<div id=\"photo\">\n<p><img decoding=\"async\" src=\"https:\/\/www.wallendorff.com\/belogue\/photo\/2014\/11\/20141114.jpg\"><br \/>\nBastion des p&ecirc;cheurs, Budapest, 9 septembre.<\/p>\n<\/p><\/div>\n<p style=\"text-align:right\">&Agrave; voir en plus grand sur <a href=\"https:\/\/500px.com\/photo\/89695147\/hal\u00e1szb\u00e1stya-budapest-09-09-2014-by-monsieur-wallendorff\">500px<\/a>.<\/p>\n<div id=\"bandeson\">\n<p><img decoding=\"async\" src=\"https:\/\/www.wallendorff.com\/belogue\/photo\/pochettes\/o\/o_karen-the_moon_song.jpg\" align=\"left\" \/><a style=\"font-weight:normal\" id=\"lienmp3\" href=\"http:\/\/www.youtube.com\/watch?v=7cTLzPIzjt8\"><em>The Moon Song<\/em> (studio duet version) (feat. Ezra Koening)<\/a><br \/>\n<a href=\"http:\/\/www.karenomusic.com\/\">Karen O<\/a><\/p>\n<\/p><\/div>\n","protected":false},"excerpt":{"rendered":"<p>Bastion des p&ecirc;cheurs, Budapest, 9 septembre. &Agrave; voir en plus grand sur 500px. The Moon Song (studio duet version) (feat. Ezra Koening) Karen O<\/p>\n","protected":false},"author":1,"featured_media":26871,"comment_status":"open","ping_status":"open","sticky":false,"template":"","format":"standard","meta":{"_acf_changed":false,"ngg_post_thumbnail":0,"jetpack_post_was_ever_published":false,"_jetpack_newsletter_access":"","_jetpack_dont_email_post_to_subs":false,"_jetpack_newsletter_tier_id":0,"_jetpack_memberships_contains_paywalled_content":false,"_jetpack_memberships_contains_paid_content":false,"footnotes":"","jetpack_publicize_message":"","jetpack_publicize_feature_enabled":true,"jetpack_social_post_already_shared":false,"jetpack_social_options":{"image_generator_settings":{"template":"highway","default_image_id":0,"font":"","enabled":false},"version":2}},"categories":[7356],"tags":[12250,737,9177,12217,8751,8351,10326,9179,12218,9178,11323,9180],"class_list":["post-23544","post","type-post","status-publish","format-standard","has-post-thumbnail","hentry","category-into-the-wide","tag-bastion-des-pecheurs","tag-bleu","tag-buda","tag-budapest","tag-ef-70-300mm-f4-5-6-is-usm","tag-eos-6d","tag-crepuscule","tag-ezra-koening","tag-hongrie","tag-karen-o","tag-panoramique","tag-the-moon-song"],"acf":[],"geo":{"latitude":47.5019379,"longitude":19.0352669,"description":"Budapest, Budapest, 1014, HU"},"jetpack_publicize_connections":[],"jetpack_featured_media_url":"https:\/\/www.wallendorff.com\/belogue\/wp-content\/uploads\/2015\/04\/201411141.jpg","jetpack_shortlink":"https:\/\/wp.me\/p3b35P-67K","jetpack_sharing_enabled":true,"jetpack-related-posts":[{"id":132168,"url":"https:\/\/www.wallendorff.com\/belogue\/2025\/05\/06\/csa-budapest-i\/","url_meta":{"origin":23544,"position":0},"title":"Cs\u00e1 Budapest [I].","author":"dpc","date":"6 mai 2025","format":false,"excerpt":"Budapest, 21 f\u00e9vrier 2025.","rel":"","context":"Dans &quot;DPC&quot;","block_context":{"text":"DPC","link":"https:\/\/www.wallendorff.com\/belogue\/category\/dpc\/"},"img":{"alt_text":"","src":"https:\/\/i0.wp.com\/www.wallendorff.com\/belogue\/wp-content\/uploads\/2025\/05\/20250506-23.jpg?resize=350%2C200&ssl=1","width":350,"height":200,"srcset":"https:\/\/i0.wp.com\/www.wallendorff.com\/belogue\/wp-content\/uploads\/2025\/05\/20250506-23.jpg?resize=350%2C200&ssl=1 1x, https:\/\/i0.wp.com\/www.wallendorff.com\/belogue\/wp-content\/uploads\/2025\/05\/20250506-23.jpg?resize=525%2C300&ssl=1 1.5x, https:\/\/i0.wp.com\/www.wallendorff.com\/belogue\/wp-content\/uploads\/2025\/05\/20250506-23.jpg?resize=700%2C400&ssl=1 2x, https:\/\/i0.wp.com\/www.wallendorff.com\/belogue\/wp-content\/uploads\/2025\/05\/20250506-23.jpg?resize=1050%2C600&ssl=1 3x"},"classes":[]},{"id":23434,"url":"https:\/\/www.wallendorff.com\/belogue\/2014\/09\/30\/septembre-2014\/","url_meta":{"origin":23544,"position":1},"title":"Septembre 2014.","author":"dpc","date":"30 septembre 2014","format":false,"excerpt":"Une expo parisienne, une expo bruxelloise, un avion, une troisi\u00e8me capitale en 24\u00a0h, un tajine, une kermesse, un train, des salamis, une moustache, un bikini, des chaussures, une escalade nocturne, une galerie abandonn\u00e9e, des di\u0161ques, un bar de ruine, des bains, un m\u00e9tro neuf, un train, un billard \u00e0 la\u2026","rel":"","context":"Dans &quot;Blog-note&quot;","block_context":{"text":"Blog-note","link":"https:\/\/www.wallendorff.com\/belogue\/category\/blog-note\/"},"img":{"alt_text":"","src":"https:\/\/i0.wp.com\/www.wallendorff.com\/belogue\/wp-content\/uploads\/2015\/04\/20141014-191.jpg?resize=350%2C200&ssl=1","width":350,"height":200,"srcset":"https:\/\/i0.wp.com\/www.wallendorff.com\/belogue\/wp-content\/uploads\/2015\/04\/20141014-191.jpg?resize=350%2C200&ssl=1 1x, https:\/\/i0.wp.com\/www.wallendorff.com\/belogue\/wp-content\/uploads\/2015\/04\/20141014-191.jpg?resize=525%2C300&ssl=1 1.5x, https:\/\/i0.wp.com\/www.wallendorff.com\/belogue\/wp-content\/uploads\/2015\/04\/20141014-191.jpg?resize=700%2C400&ssl=1 2x"},"classes":[]},{"id":132212,"url":"https:\/\/www.wallendorff.com\/belogue\/2025\/05\/12\/csa-budapest-ii\/","url_meta":{"origin":23544,"position":2},"title":"Cs\u00e1 Budapest [II].","author":"dpc","date":"12 mai 2025","format":false,"excerpt":"Budapest, 22 f\u00e9vrier 2025.","rel":"","context":"Dans &quot;DPC&quot;","block_context":{"text":"DPC","link":"https:\/\/www.wallendorff.com\/belogue\/category\/dpc\/"},"img":{"alt_text":"","src":"https:\/\/i0.wp.com\/www.wallendorff.com\/belogue\/wp-content\/uploads\/2025\/05\/20250512-19.jpg?resize=350%2C200&ssl=1","width":350,"height":200,"srcset":"https:\/\/i0.wp.com\/www.wallendorff.com\/belogue\/wp-content\/uploads\/2025\/05\/20250512-19.jpg?resize=350%2C200&ssl=1 1x, https:\/\/i0.wp.com\/www.wallendorff.com\/belogue\/wp-content\/uploads\/2025\/05\/20250512-19.jpg?resize=525%2C300&ssl=1 1.5x, https:\/\/i0.wp.com\/www.wallendorff.com\/belogue\/wp-content\/uploads\/2025\/05\/20250512-19.jpg?resize=700%2C400&ssl=1 2x, https:\/\/i0.wp.com\/www.wallendorff.com\/belogue\/wp-content\/uploads\/2025\/05\/20250512-19.jpg?resize=1050%2C600&ssl=1 3x"},"classes":[]},{"id":131919,"url":"https:\/\/www.wallendorff.com\/belogue\/2025\/02\/28\/fevrier-2025\/","url_meta":{"origin":23544,"position":3},"title":"F\u00e9vrier 2025.","author":"dpc","date":"28 f\u00e9vrier 2025","format":false,"excerpt":"Un rayon de soleil, un bout de plante, un canap\u00e9, un rayon de soleil, un appartement, un escalier, un m\u00e9tro, un coup de phares, un chat pr\u00e9nomm\u00e9 Plume, une voiture, une p\u00e9niche, une route, un feu de bois, une rotonde ferroviaire, un wagon, des locomotives, des outils, des chiens pr\u00e9nomm\u00e9s\u2026","rel":"","context":"Dans &quot;Blog-note&quot;","block_context":{"text":"Blog-note","link":"https:\/\/www.wallendorff.com\/belogue\/category\/blog-note\/"},"img":{"alt_text":"","src":"https:\/\/i0.wp.com\/www.wallendorff.com\/belogue\/wp-content\/uploads\/2025\/03\/20250323-54.jpg?resize=350%2C200&ssl=1","width":350,"height":200,"srcset":"https:\/\/i0.wp.com\/www.wallendorff.com\/belogue\/wp-content\/uploads\/2025\/03\/20250323-54.jpg?resize=350%2C200&ssl=1 1x, https:\/\/i0.wp.com\/www.wallendorff.com\/belogue\/wp-content\/uploads\/2025\/03\/20250323-54.jpg?resize=525%2C300&ssl=1 1.5x, https:\/\/i0.wp.com\/www.wallendorff.com\/belogue\/wp-content\/uploads\/2025\/03\/20250323-54.jpg?resize=700%2C400&ssl=1 2x, https:\/\/i0.wp.com\/www.wallendorff.com\/belogue\/wp-content\/uploads\/2025\/03\/20250323-54.jpg?resize=1050%2C600&ssl=1 3x"},"classes":[]},{"id":23857,"url":"https:\/\/www.wallendorff.com\/belogue\/2015\/02\/13\/george-ezra-le-bataclan-paris\/","url_meta":{"origin":23544,"position":4},"title":"George Ezra @ le Bataclan, Paris.","author":"dpc","date":"13 f\u00e9vrier 2015","format":false,"excerpt":"Blame It on Me George Ezra \u00a0","rel":"","context":"Dans &quot;Alive&quot;","block_context":{"text":"Alive","link":"https:\/\/www.wallendorff.com\/belogue\/category\/alive\/"},"img":{"alt_text":"","src":"https:\/\/i0.wp.com\/www.wallendorff.com\/belogue\/wp-content\/uploads\/2015\/04\/201502131.jpg?resize=350%2C200&ssl=1","width":350,"height":200,"srcset":"https:\/\/i0.wp.com\/www.wallendorff.com\/belogue\/wp-content\/uploads\/2015\/04\/201502131.jpg?resize=350%2C200&ssl=1 1x, https:\/\/i0.wp.com\/www.wallendorff.com\/belogue\/wp-content\/uploads\/2015\/04\/201502131.jpg?resize=525%2C300&ssl=1 1.5x, https:\/\/i0.wp.com\/www.wallendorff.com\/belogue\/wp-content\/uploads\/2015\/04\/201502131.jpg?resize=700%2C400&ssl=1 2x"},"classes":[]},{"id":40369,"url":"https:\/\/www.wallendorff.com\/belogue\/2018\/11\/02\/george-ezra-ten-tonnes-la-cigale-paris-1er-novembre-2018\/","url_meta":{"origin":23544,"position":5},"title":"George Ezra + Ten Tonnes @ la Cigale, Paris, 1er novembre 2018.","author":"dpc","date":"2 novembre 2018","format":false,"excerpt":"Ten Tonnes George Ezra","rel":"","context":"Dans &quot;Alive&quot;","block_context":{"text":"Alive","link":"https:\/\/www.wallendorff.com\/belogue\/category\/alive\/"},"img":{"alt_text":"","src":"https:\/\/i0.wp.com\/www.wallendorff.com\/belogue\/wp-content\/uploads\/2018\/11\/20181102-11.jpg?resize=350%2C200&ssl=1","width":350,"height":200,"srcset":"https:\/\/i0.wp.com\/www.wallendorff.com\/belogue\/wp-content\/uploads\/2018\/11\/20181102-11.jpg?resize=350%2C200&ssl=1 1x, https:\/\/i0.wp.com\/www.wallendorff.com\/belogue\/wp-content\/uploads\/2018\/11\/20181102-11.jpg?resize=525%2C300&ssl=1 1.5x, https:\/\/i0.wp.com\/www.wallendorff.com\/belogue\/wp-content\/uploads\/2018\/11\/20181102-11.jpg?resize=700%2C400&ssl=1 2x, https:\/\/i0.wp.com\/www.wallendorff.com\/belogue\/wp-content\/uploads\/2018\/11\/20181102-11.jpg?resize=1050%2C600&ssl=1 3x"},"classes":[]}],"_links":{"self":[{"href":"https:\/\/www.wallendorff.com\/belogue\/wp-json\/wp\/v2\/posts\/23544","targetHints":{"allow":["GET"]}}],"collection":[{"href":"https:\/\/www.wallendorff.com\/belogue\/wp-json\/wp\/v2\/posts"}],"about":[{"href":"https:\/\/www.wallendorff.com\/belogue\/wp-json\/wp\/v2\/types\/post"}],"author":[{"embeddable":true,"href":"https:\/\/www.wallendorff.com\/belogue\/wp-json\/wp\/v2\/users\/1"}],"replies":[{"embeddable":true,"href":"https:\/\/www.wallendorff.com\/belogue\/wp-json\/wp\/v2\/comments?post=23544"}],"version-history":[{"count":7,"href":"https:\/\/www.wallendorff.com\/belogue\/wp-json\/wp\/v2\/posts\/23544\/revisions"}],"predecessor-version":[{"id":23576,"href":"https:\/\/www.wallendorff.com\/belogue\/wp-json\/wp\/v2\/posts\/23544\/revisions\/23576"}],"wp:featuredmedia":[{"embeddable":true,"href":"https:\/\/www.wallendorff.com\/belogue\/wp-json\/wp\/v2\/media\/26871"}],"wp:attachment":[{"href":"https:\/\/www.wallendorff.com\/belogue\/wp-json\/wp\/v2\/media?parent=23544"}],"wp:term":[{"taxonomy":"category","embeddable":true,"href":"https:\/\/www.wallendorff.com\/belogue\/wp-json\/wp\/v2\/categories?post=23544"},{"taxonomy":"post_tag","embeddable":true,"href":"https:\/\/www.wallendorff.com\/belogue\/wp-json\/wp\/v2\/tags?post=23544"}],"curies":[{"name":"wp","href":"https:\/\/api.w.org\/{rel}","templated":true}]}}