{"id":23532,"date":"2014-11-07T14:39:04","date_gmt":"2014-11-07T12:39:04","guid":{"rendered":"http:\/\/www.wallendorff.com\/?p=23532"},"modified":"2014-12-29T16:21:02","modified_gmt":"2014-12-29T14:21:02","slug":"des-monts-de-minuit","status":"publish","type":"post","link":"https:\/\/www.wallendorff.com\/belogue\/2014\/11\/07\/des-monts-de-minuit\/","title":{"rendered":"Des monts [de minuit]."},"content":{"rendered":"\n<div id=\"photo\">\n<p><img decoding=\"async\" src=\"https:\/\/www.wallendorff.com\/belogue\/photo\/2014\/11\/20141107.jpg\"><br \/>\nMont G&eacute;rard<sup>1<\/sup>, Budapest, 8 septembre.<\/p>\n<\/p><\/div>\n<div id=\"bandeson\">\n<p><img decoding=\"async\" src=\"https:\/\/www.wallendorff.com\/belogue\/photo\/pochettes\/a\/alt-j-this_is_all_yours.jpg\" align=\"left\" \/><a style=\"font-weight:normal\" id=\"lienmp3\" href=\"http:\/\/www.youtube.com\/watch?v=p_wdKxvOQbM\"><em>Bloodflood part II<\/em><\/a><br \/>\n<a href=\"http:\/\/www.altjband.com\/\">&Delta;<\/a><\/p>\n<\/p><\/div>\n<div id=\"bas_note\">\n<p>_____ <\/p>\n<p>1. Je viens de d&eacute;couvrir que <em>Gell&eacute;rt <\/em>signifie G&eacute;rard. &Ccedil;a brise un peu l&rsquo;exotisme, quand m&ecirc;me.<\/p>\n<\/p><\/div>\n","protected":false},"excerpt":{"rendered":"<p>Mont G&eacute;rard1, Budapest, 8 septembre. Bloodflood part II &Delta; _____ 1. Je viens de d&eacute;couvrir que Gell&eacute;rt signifie G&eacute;rard. &Ccedil;a brise un peu l&rsquo;exotisme, quand m&ecirc;me.<\/p>\n","protected":false},"author":1,"featured_media":26873,"comment_status":"open","ping_status":"open","sticky":false,"template":"","format":"standard","meta":{"_acf_changed":false,"ngg_post_thumbnail":0,"jetpack_post_was_ever_published":false,"_jetpack_newsletter_access":"","_jetpack_dont_email_post_to_subs":false,"_jetpack_newsletter_tier_id":0,"_jetpack_memberships_contains_paywalled_content":false,"_jetpack_memberships_contains_paid_content":false,"footnotes":"","jetpack_publicize_message":"","jetpack_publicize_feature_enabled":true,"jetpack_social_post_already_shared":false,"jetpack_social_options":{"image_generator_settings":{"template":"highway","default_image_id":0,"font":"","enabled":false},"version":2}},"categories":[3],"tags":[11038,12217,8170,8351,10359,12080,10311,10484,10640,12235,12218,10147,12234,10407,9282],"class_list":["post-23532","post","type-post","status-publish","format-standard","has-post-thumbnail","hentry","category-dpc","tag-alt-j","tag-budapest","tag-ef-24-70-mm-f2-8l-ii-usm","tag-eos-6d","tag-couple","tag-danube","tag-dos","tag-eau","tag-fleuve","tag-gellert-hegy","tag-hongrie","tag-nuit","tag-pont-de-la-liberte","tag-silhouette","tag-this-is-all-yours"],"acf":[],"geo":{"latitude":47.4857521,"longitude":19.0508728,"description":"Budapest, Budapest, 1095, HU"},"jetpack_publicize_connections":[],"jetpack_featured_media_url":"https:\/\/www.wallendorff.com\/belogue\/wp-content\/uploads\/2015\/04\/201411071.jpg","jetpack_shortlink":"https:\/\/wp.me\/p3b35P-67y","jetpack_sharing_enabled":true,"jetpack-related-posts":[{"id":132204,"url":"https:\/\/www.wallendorff.com\/belogue\/2025\/05\/09\/into-the-wide-291\/","url_meta":{"origin":23532,"position":0},"title":"Into the wide #291.","author":"dpc","date":"9 mai 2025","format":false,"excerpt":"Thermes Gell\u00e9rt, Budapest, 21 f\u00e9vrier 2025.","rel":"","context":"Dans &quot;Into the wide&quot;","block_context":{"text":"Into the wide","link":"https:\/\/www.wallendorff.com\/belogue\/category\/into-the-wide\/"},"img":{"alt_text":"","src":"https:\/\/i0.wp.com\/www.wallendorff.com\/belogue\/wp-content\/uploads\/2025\/05\/20250509.jpg?resize=350%2C200&ssl=1","width":350,"height":200,"srcset":"https:\/\/i0.wp.com\/www.wallendorff.com\/belogue\/wp-content\/uploads\/2025\/05\/20250509.jpg?resize=350%2C200&ssl=1 1x, https:\/\/i0.wp.com\/www.wallendorff.com\/belogue\/wp-content\/uploads\/2025\/05\/20250509.jpg?resize=525%2C300&ssl=1 1.5x, https:\/\/i0.wp.com\/www.wallendorff.com\/belogue\/wp-content\/uploads\/2025\/05\/20250509.jpg?resize=700%2C400&ssl=1 2x, https:\/\/i0.wp.com\/www.wallendorff.com\/belogue\/wp-content\/uploads\/2025\/05\/20250509.jpg?resize=1050%2C600&ssl=1 3x"},"classes":[]},{"id":132168,"url":"https:\/\/www.wallendorff.com\/belogue\/2025\/05\/06\/csa-budapest-i\/","url_meta":{"origin":23532,"position":1},"title":"Cs\u00e1 Budapest [I].","author":"dpc","date":"6 mai 2025","format":false,"excerpt":"Budapest, 21 f\u00e9vrier 2025.","rel":"","context":"Dans &quot;DPC&quot;","block_context":{"text":"DPC","link":"https:\/\/www.wallendorff.com\/belogue\/category\/dpc\/"},"img":{"alt_text":"","src":"https:\/\/i0.wp.com\/www.wallendorff.com\/belogue\/wp-content\/uploads\/2025\/05\/20250506-23.jpg?resize=350%2C200&ssl=1","width":350,"height":200,"srcset":"https:\/\/i0.wp.com\/www.wallendorff.com\/belogue\/wp-content\/uploads\/2025\/05\/20250506-23.jpg?resize=350%2C200&ssl=1 1x, https:\/\/i0.wp.com\/www.wallendorff.com\/belogue\/wp-content\/uploads\/2025\/05\/20250506-23.jpg?resize=525%2C300&ssl=1 1.5x, https:\/\/i0.wp.com\/www.wallendorff.com\/belogue\/wp-content\/uploads\/2025\/05\/20250506-23.jpg?resize=700%2C400&ssl=1 2x, https:\/\/i0.wp.com\/www.wallendorff.com\/belogue\/wp-content\/uploads\/2025\/05\/20250506-23.jpg?resize=1050%2C600&ssl=1 3x"},"classes":[]},{"id":132212,"url":"https:\/\/www.wallendorff.com\/belogue\/2025\/05\/12\/csa-budapest-ii\/","url_meta":{"origin":23532,"position":2},"title":"Cs\u00e1 Budapest [II].","author":"dpc","date":"12 mai 2025","format":false,"excerpt":"Budapest, 22 f\u00e9vrier 2025.","rel":"","context":"Dans &quot;DPC&quot;","block_context":{"text":"DPC","link":"https:\/\/www.wallendorff.com\/belogue\/category\/dpc\/"},"img":{"alt_text":"","src":"https:\/\/i0.wp.com\/www.wallendorff.com\/belogue\/wp-content\/uploads\/2025\/05\/20250512-19.jpg?resize=350%2C200&ssl=1","width":350,"height":200,"srcset":"https:\/\/i0.wp.com\/www.wallendorff.com\/belogue\/wp-content\/uploads\/2025\/05\/20250512-19.jpg?resize=350%2C200&ssl=1 1x, https:\/\/i0.wp.com\/www.wallendorff.com\/belogue\/wp-content\/uploads\/2025\/05\/20250512-19.jpg?resize=525%2C300&ssl=1 1.5x, https:\/\/i0.wp.com\/www.wallendorff.com\/belogue\/wp-content\/uploads\/2025\/05\/20250512-19.jpg?resize=700%2C400&ssl=1 2x, https:\/\/i0.wp.com\/www.wallendorff.com\/belogue\/wp-content\/uploads\/2025\/05\/20250512-19.jpg?resize=1050%2C600&ssl=1 3x"},"classes":[]},{"id":23434,"url":"https:\/\/www.wallendorff.com\/belogue\/2014\/09\/30\/septembre-2014\/","url_meta":{"origin":23532,"position":3},"title":"Septembre 2014.","author":"dpc","date":"30 septembre 2014","format":false,"excerpt":"Une expo parisienne, une expo bruxelloise, un avion, une troisi\u00e8me capitale en 24\u00a0h, un tajine, une kermesse, un train, des salamis, une moustache, un bikini, des chaussures, une escalade nocturne, une galerie abandonn\u00e9e, des di\u0161ques, un bar de ruine, des bains, un m\u00e9tro neuf, un train, un billard \u00e0 la\u2026","rel":"","context":"Dans &quot;Blog-note&quot;","block_context":{"text":"Blog-note","link":"https:\/\/www.wallendorff.com\/belogue\/category\/blog-note\/"},"img":{"alt_text":"","src":"https:\/\/i0.wp.com\/www.wallendorff.com\/belogue\/wp-content\/uploads\/2015\/04\/20141014-191.jpg?resize=350%2C200&ssl=1","width":350,"height":200,"srcset":"https:\/\/i0.wp.com\/www.wallendorff.com\/belogue\/wp-content\/uploads\/2015\/04\/20141014-191.jpg?resize=350%2C200&ssl=1 1x, https:\/\/i0.wp.com\/www.wallendorff.com\/belogue\/wp-content\/uploads\/2015\/04\/20141014-191.jpg?resize=525%2C300&ssl=1 1.5x, https:\/\/i0.wp.com\/www.wallendorff.com\/belogue\/wp-content\/uploads\/2015\/04\/20141014-191.jpg?resize=700%2C400&ssl=1 2x"},"classes":[]},{"id":132345,"url":"https:\/\/www.wallendorff.com\/belogue\/2025\/05\/19\/csa-budapest-iii\/","url_meta":{"origin":23532,"position":4},"title":"Cs\u00e1 Budapest [III].","author":"dpc","date":"19 mai 2025","format":false,"excerpt":"Budapest, 23 et 24 f\u00e9vrier 2025.","rel":"","context":"Dans &quot;DPC&quot;","block_context":{"text":"DPC","link":"https:\/\/www.wallendorff.com\/belogue\/category\/dpc\/"},"img":{"alt_text":"","src":"https:\/\/i0.wp.com\/www.wallendorff.com\/belogue\/wp-content\/uploads\/2025\/05\/20250519-18.jpg?resize=350%2C200&ssl=1","width":350,"height":200,"srcset":"https:\/\/i0.wp.com\/www.wallendorff.com\/belogue\/wp-content\/uploads\/2025\/05\/20250519-18.jpg?resize=350%2C200&ssl=1 1x, https:\/\/i0.wp.com\/www.wallendorff.com\/belogue\/wp-content\/uploads\/2025\/05\/20250519-18.jpg?resize=525%2C300&ssl=1 1.5x, https:\/\/i0.wp.com\/www.wallendorff.com\/belogue\/wp-content\/uploads\/2025\/05\/20250519-18.jpg?resize=700%2C400&ssl=1 2x, https:\/\/i0.wp.com\/www.wallendorff.com\/belogue\/wp-content\/uploads\/2025\/05\/20250519-18.jpg?resize=1050%2C600&ssl=1 3x"},"classes":[]},{"id":23489,"url":"https:\/\/www.wallendorff.com\/belogue\/2014\/10\/28\/maraichers-rien-ne-pourra\/","url_meta":{"origin":23532,"position":5},"title":"Mara\u00eechers [rien ne pourra].","author":"dpc","date":"28 octobre 2014","format":false,"excerpt":"Halles centrales, Budapest, 8 septembre. First Cold War Kids","rel":"","context":"Dans &quot;DPC&quot;","block_context":{"text":"DPC","link":"https:\/\/www.wallendorff.com\/belogue\/category\/dpc\/"},"img":{"alt_text":"","src":"https:\/\/i0.wp.com\/www.wallendorff.com\/belogue\/wp-content\/uploads\/2015\/04\/201410281.jpg?resize=350%2C200&ssl=1","width":350,"height":200},"classes":[]}],"_links":{"self":[{"href":"https:\/\/www.wallendorff.com\/belogue\/wp-json\/wp\/v2\/posts\/23532","targetHints":{"allow":["GET"]}}],"collection":[{"href":"https:\/\/www.wallendorff.com\/belogue\/wp-json\/wp\/v2\/posts"}],"about":[{"href":"https:\/\/www.wallendorff.com\/belogue\/wp-json\/wp\/v2\/types\/post"}],"author":[{"embeddable":true,"href":"https:\/\/www.wallendorff.com\/belogue\/wp-json\/wp\/v2\/users\/1"}],"replies":[{"embeddable":true,"href":"https:\/\/www.wallendorff.com\/belogue\/wp-json\/wp\/v2\/comments?post=23532"}],"version-history":[{"count":5,"href":"https:\/\/www.wallendorff.com\/belogue\/wp-json\/wp\/v2\/posts\/23532\/revisions"}],"predecessor-version":[{"id":23717,"href":"https:\/\/www.wallendorff.com\/belogue\/wp-json\/wp\/v2\/posts\/23532\/revisions\/23717"}],"wp:featuredmedia":[{"embeddable":true,"href":"https:\/\/www.wallendorff.com\/belogue\/wp-json\/wp\/v2\/media\/26873"}],"wp:attachment":[{"href":"https:\/\/www.wallendorff.com\/belogue\/wp-json\/wp\/v2\/media?parent=23532"}],"wp:term":[{"taxonomy":"category","embeddable":true,"href":"https:\/\/www.wallendorff.com\/belogue\/wp-json\/wp\/v2\/categories?post=23532"},{"taxonomy":"post_tag","embeddable":true,"href":"https:\/\/www.wallendorff.com\/belogue\/wp-json\/wp\/v2\/tags?post=23532"}],"curies":[{"name":"wp","href":"https:\/\/api.w.org\/{rel}","templated":true}]}}