{"id":23523,"date":"2014-11-06T12:45:18","date_gmt":"2014-11-06T10:45:18","guid":{"rendered":"http:\/\/www.wallendorff.com\/?p=23523"},"modified":"2018-05-23T08:12:04","modified_gmt":"2018-05-23T06:12:04","slug":"polar-the-animen-anna-aaron-les-trois-baudets-paris","status":"publish","type":"post","link":"https:\/\/www.wallendorff.com\/belogue\/2014\/11\/06\/polar-the-animen-anna-aaron-les-trois-baudets-paris\/","title":{"rendered":"Polar + The Animen + Anna Aaron @ les Trois Baudets, Paris."},"content":{"rendered":"\n<div id=\"photo\">\n<p><img decoding=\"async\" src=\"https:\/\/www.wallendorff.com\/belogue\/photo\/2014\/11\/20141105.jpg\"><\/p>\n<\/p><\/div>\n<div id=\"bandeson\">\n<p><img decoding=\"async\" src=\"https:\/\/www.wallendorff.com\/belogue\/photo\/pochettes\/a\/aaron_anna-neuro.jpg\" align=\"left\" \/><a id=\"lienmp3\" style=\"font-weight:normal\" href=\"http:\/\/www.youtube.com\/watch?v=cGyS_goCnLI\"><em>Linda<\/em><\/a><br \/>\n          <a href=\"http:\/\/www.annaaaron.com\/\">Anna Aaron<\/a><\/p>\n<\/div>\n<h2>Anna Aaron<\/h2>ngg_shortcode_0_placeholder<h2>The Animen<\/h2>ngg_shortcode_1_placeholder<h2>Polar<\/h2>ngg_shortcode_2_placeholder<p>&nbsp; <\/p>\n","protected":false},"excerpt":{"rendered":"<p>Linda Anna Aaron Anna Aaron The Animen Polar &nbsp;<\/p>\n","protected":false},"author":1,"featured_media":26872,"comment_status":"open","ping_status":"open","sticky":false,"template":"","format":"standard","meta":{"_acf_changed":false,"ngg_post_thumbnail":0,"jetpack_post_was_ever_published":false,"_jetpack_newsletter_access":"","_jetpack_dont_email_post_to_subs":false,"_jetpack_newsletter_tier_id":0,"_jetpack_memberships_contains_paywalled_content":false,"_jetpack_memberships_contains_paid_content":false,"footnotes":"","jetpack_publicize_message":"","jetpack_publicize_feature_enabled":true,"jetpack_social_post_already_shared":false,"jetpack_social_options":{"image_generator_settings":{"template":"highway","default_image_id":0,"font":"","enabled":false},"version":2}},"categories":[7],"tags":[11810,10143,10084,11005,10898,2571,8170,181,6766,8351,10120,10121,12314,9174,10098,12315,11576],"class_list":["post-23523","post","type-post","status-publish","format-standard","has-post-thumbnail","hentry","category-alive","tag-11810","tag-10143","tag-alive","tag-anna-aaron","tag-boulevard-de-clichy","tag-ef-16-35-mm-f28l-ii-usm","tag-ef-24-70-mm-f2-8l-ii-usm","tag-ef-70-200-mm-f28l-usm","tag-eos-5d-mark-iii","tag-eos-6d","tag-france","tag-ile-de-france","tag-les-trois-baudets","tag-linda","tag-paris","tag-polar","tag-the-animen"],"acf":[],"geo":{"latitude":48.8834839,"longitude":2.3344312,"description":"Paris 17, \u00cele-de-France, 75017, FR"},"jetpack_publicize_connections":[],"jetpack_featured_media_url":"https:\/\/www.wallendorff.com\/belogue\/wp-content\/uploads\/2015\/04\/201411051.jpg","jetpack_shortlink":"https:\/\/wp.me\/p3b35P-67p","jetpack_sharing_enabled":true,"jetpack-related-posts":[{"id":23798,"url":"https:\/\/www.wallendorff.com\/belogue\/2015\/01\/20\/les-lignes-droites-les-trois-baudets-paris\/","url_meta":{"origin":23523,"position":0},"title":"Les Lignes Droites @ les Trois Baudets, Paris.","author":"dpc","date":"20 janvier 2015","format":false,"excerpt":"\u00a0","rel":"","context":"Dans &quot;Alive&quot;","block_context":{"text":"Alive","link":"https:\/\/www.wallendorff.com\/belogue\/category\/alive\/"},"img":{"alt_text":"","src":"https:\/\/i0.wp.com\/www.wallendorff.com\/belogue\/wp-content\/uploads\/2015\/04\/201501201.jpg?resize=350%2C200&ssl=1","width":350,"height":200,"srcset":"https:\/\/i0.wp.com\/www.wallendorff.com\/belogue\/wp-content\/uploads\/2015\/04\/201501201.jpg?resize=350%2C200&ssl=1 1x, https:\/\/i0.wp.com\/www.wallendorff.com\/belogue\/wp-content\/uploads\/2015\/04\/201501201.jpg?resize=525%2C300&ssl=1 1.5x, https:\/\/i0.wp.com\/www.wallendorff.com\/belogue\/wp-content\/uploads\/2015\/04\/201501201.jpg?resize=700%2C400&ssl=1 2x"},"classes":[]},{"id":11181,"url":"https:\/\/www.wallendorff.com\/belogue\/2011\/01\/01\/maybe-this-year-will-be-better-than-the-last-2\/","url_meta":{"origin":23523,"position":1},"title":"[Maybe this year will be better than the last.]","author":"dpc","date":"1 janvier 2011","format":false,"excerpt":"Rue du Pont-des-Roches, Metz, 29 d\u00e9cembre 2010. Et de se re-souhaiter les m\u00eames trucs. John Craigie \u2013 A Long December (Counting Crows cover)","rel":"","context":"Dans &quot;DPC&quot;","block_context":{"text":"DPC","link":"https:\/\/www.wallendorff.com\/belogue\/category\/dpc\/"},"img":{"alt_text":"","src":"https:\/\/i0.wp.com\/www.wallendorff.com\/belogue\/wp-content\/uploads\/2015\/04\/201101011.jpg?resize=350%2C200&ssl=1","width":350,"height":200,"srcset":"https:\/\/i0.wp.com\/www.wallendorff.com\/belogue\/wp-content\/uploads\/2015\/04\/201101011.jpg?resize=350%2C200&ssl=1 1x, https:\/\/i0.wp.com\/www.wallendorff.com\/belogue\/wp-content\/uploads\/2015\/04\/201101011.jpg?resize=525%2C300&ssl=1 1.5x"},"classes":[]},{"id":11184,"url":"https:\/\/www.wallendorff.com\/belogue\/2011\/01\/02\/bouee-de-vingt-scenes\/","url_meta":{"origin":23523,"position":2},"title":"Bou\u00e9e de vingt sc\u00e8nes.","author":"dpc","date":"2 janvier 2011","format":false,"excerpt":"\u00ab\u00a0Cette bou\u00e9e a sauv\u00e9 des vies.\u00a0\u00bb Pointe de la Torche, 2 novembre 2010. The Decemberists \u2013 January Hymn","rel":"","context":"Dans &quot;DPC&quot;","block_context":{"text":"DPC","link":"https:\/\/www.wallendorff.com\/belogue\/category\/dpc\/"},"img":{"alt_text":"","src":"https:\/\/i0.wp.com\/www.wallendorff.com\/belogue\/wp-content\/uploads\/2015\/04\/201101021.jpg?resize=350%2C200&ssl=1","width":350,"height":200},"classes":[]},{"id":11192,"url":"https:\/\/www.wallendorff.com\/belogue\/2011\/01\/04\/rendons-a-chaise-art\/","url_meta":{"origin":23523,"position":3},"title":"Rendons \u00e0 chaise art.","author":"dpc","date":"4 janvier 2011","format":false,"excerpt":"Centre Pompidou-Metz, Metz, 8 novembre 2010. [Je pr\u00e9cise que cette chaise pos\u00e9e au milieu d'un mur blanc n'est pas une \u0153uvre d'art moderne.] Sleigh Bells \u2013 Tell 'em","rel":"","context":"Dans &quot;DPC&quot;","block_context":{"text":"DPC","link":"https:\/\/www.wallendorff.com\/belogue\/category\/dpc\/"},"img":{"alt_text":"","src":"https:\/\/i0.wp.com\/www.wallendorff.com\/belogue\/wp-content\/uploads\/2015\/04\/201101041.jpg?resize=350%2C200&ssl=1","width":350,"height":200},"classes":[]},{"id":16395,"url":"https:\/\/www.wallendorff.com\/belogue\/2012\/03\/15\/anna-aaron-wsg-howard-hughes-centre-culturel-suisse-paris\/","url_meta":{"origin":23523,"position":4},"title":"Anna Aaron wsg Howard Hughes @ Centre Culturel Suisse, Paris.","author":"dpc","date":"15 mars 2012","format":false,"excerpt":"Queen of Sound | Holy Mother | Where Are You David | Elijah's Chant | In the Devils Camp | Mary Ruth | Solo | Fire Over the Forbidden Mountain | Joanna | Sea Monsters (feat. Howard Hughes) | Dogstar Men (Cocoon) (feat. Howard Hughes) | Since I Met You\u2026","rel":"","context":"Dans &quot;Alive&quot;","block_context":{"text":"Alive","link":"https:\/\/www.wallendorff.com\/belogue\/category\/alive\/"},"img":{"alt_text":"","src":"https:\/\/i0.wp.com\/www.wallendorff.com\/belogue\/wp-content\/uploads\/2015\/04\/201203151.jpg?resize=350%2C200&ssl=1","width":350,"height":200,"srcset":"https:\/\/i0.wp.com\/www.wallendorff.com\/belogue\/wp-content\/uploads\/2015\/04\/201203151.jpg?resize=350%2C200&ssl=1 1x, https:\/\/i0.wp.com\/www.wallendorff.com\/belogue\/wp-content\/uploads\/2015\/04\/201203151.jpg?resize=525%2C300&ssl=1 1.5x, https:\/\/i0.wp.com\/www.wallendorff.com\/belogue\/wp-content\/uploads\/2015\/04\/201203151.jpg?resize=700%2C400&ssl=1 2x"},"classes":[]},{"id":21405,"url":"https:\/\/www.wallendorff.com\/belogue\/2013\/08\/05\/paleo-festival-2013-nyon-jours-4-5-6\/","url_meta":{"origin":23523,"position":5},"title":"Pal\u00e9o Festival 2013, Nyon &#8211; jours 4-5-6.","author":"dpc","date":"5 ao\u00fbt 2013","format":false,"excerpt":"Vendredi et dimanche furent un peu courts, alors je r\u00e9unis tout\u00a0: les 35\u00a0\u00b0C du vendredi et du samedi, les gerbes d'eau de Blur, la chemise hawa\u00efenne de Biolay, la bi\u00e8re qui mousse de Saez et l'orage et le feu d'artifice sous la pluie du dimanche. La suite viendra l'ann\u00e9e prochaine...\u2026","rel":"","context":"Dans &quot;Alive&quot;","block_context":{"text":"Alive","link":"https:\/\/www.wallendorff.com\/belogue\/category\/alive\/"},"img":{"alt_text":"","src":"https:\/\/i0.wp.com\/www.wallendorff.com\/belogue\/wp-content\/uploads\/2015\/04\/201308051.jpg?resize=350%2C200&ssl=1","width":350,"height":200,"srcset":"https:\/\/i0.wp.com\/www.wallendorff.com\/belogue\/wp-content\/uploads\/2015\/04\/201308051.jpg?resize=350%2C200&ssl=1 1x, https:\/\/i0.wp.com\/www.wallendorff.com\/belogue\/wp-content\/uploads\/2015\/04\/201308051.jpg?resize=525%2C300&ssl=1 1.5x, https:\/\/i0.wp.com\/www.wallendorff.com\/belogue\/wp-content\/uploads\/2015\/04\/201308051.jpg?resize=700%2C400&ssl=1 2x"},"classes":[]}],"_links":{"self":[{"href":"https:\/\/www.wallendorff.com\/belogue\/wp-json\/wp\/v2\/posts\/23523","targetHints":{"allow":["GET"]}}],"collection":[{"href":"https:\/\/www.wallendorff.com\/belogue\/wp-json\/wp\/v2\/posts"}],"about":[{"href":"https:\/\/www.wallendorff.com\/belogue\/wp-json\/wp\/v2\/types\/post"}],"author":[{"embeddable":true,"href":"https:\/\/www.wallendorff.com\/belogue\/wp-json\/wp\/v2\/users\/1"}],"replies":[{"embeddable":true,"href":"https:\/\/www.wallendorff.com\/belogue\/wp-json\/wp\/v2\/comments?post=23523"}],"version-history":[{"count":4,"href":"https:\/\/www.wallendorff.com\/belogue\/wp-json\/wp\/v2\/posts\/23523\/revisions"}],"predecessor-version":[{"id":23650,"href":"https:\/\/www.wallendorff.com\/belogue\/wp-json\/wp\/v2\/posts\/23523\/revisions\/23650"}],"wp:featuredmedia":[{"embeddable":true,"href":"https:\/\/www.wallendorff.com\/belogue\/wp-json\/wp\/v2\/media\/26872"}],"wp:attachment":[{"href":"https:\/\/www.wallendorff.com\/belogue\/wp-json\/wp\/v2\/media?parent=23523"}],"wp:term":[{"taxonomy":"category","embeddable":true,"href":"https:\/\/www.wallendorff.com\/belogue\/wp-json\/wp\/v2\/categories?post=23523"},{"taxonomy":"post_tag","embeddable":true,"href":"https:\/\/www.wallendorff.com\/belogue\/wp-json\/wp\/v2\/tags?post=23523"}],"curies":[{"name":"wp","href":"https:\/\/api.w.org\/{rel}","templated":true}]}}