{"id":23515,"date":"2014-11-03T13:42:11","date_gmt":"2014-11-03T11:42:11","guid":{"rendered":"http:\/\/www.wallendorff.com\/?p=23515"},"modified":"2014-12-29T16:54:38","modified_gmt":"2014-12-29T14:54:38","slug":"into-the-wide-36-37","status":"publish","type":"post","link":"https:\/\/www.wallendorff.com\/belogue\/2014\/11\/03\/into-the-wide-36-37\/","title":{"rendered":"Into the wide #36, 37."},"content":{"rendered":"\n<div id=\"photo\">\n<p><img decoding=\"async\" src=\"https:\/\/www.wallendorff.com\/belogue\/photo\/2014\/11\/20141103.jpg\"><\/p>\n<\/p><\/div>\n<div id=\"photo2\">\n<p><img decoding=\"async\" src=\"https:\/\/www.wallendorff.com\/belogue\/photo\/2014\/11\/20141103-02.jpg\"><br \/>\nPont de la Libert&eacute;, Budapest, 8 septembre.<\/p>\n<\/p><\/div>\n<div id=\"bandeson\">\n<p><img decoding=\"async\" src=\"https:\/\/www.wallendorff.com\/belogue\/photo\/pochettes\/k\/kasabian-48_13.jpg\" align=\"left\" \/><a id=\"lienmp3\" style=\"font-weight:normal\" href=\"http:\/\/www.youtube.com\/watch?v=OgzDtLt_7l4\"><em>Glass<\/em><\/a><br \/>\n          <a href=\"http:\/\/www.kasabian.co.uk\/\">Kasabian<\/a><\/p>\n<\/div>\n","protected":false},"excerpt":{"rendered":"<p>Pont de la Libert&eacute;, Budapest, 8 septembre. Glass Kasabian<\/p>\n","protected":false},"author":1,"featured_media":26870,"comment_status":"open","ping_status":"open","sticky":false,"template":"","format":"standard","meta":{"_acf_changed":false,"ngg_post_thumbnail":0,"jetpack_post_was_ever_published":false,"_jetpack_newsletter_access":"","_jetpack_dont_email_post_to_subs":false,"_jetpack_newsletter_tier_id":0,"_jetpack_memberships_contains_paywalled_content":false,"_jetpack_memberships_contains_paid_content":false,"footnotes":"","jetpack_publicize_message":"","jetpack_publicize_feature_enabled":true,"jetpack_social_post_already_shared":false,"jetpack_social_options":{"image_generator_settings":{"template":"highway","default_image_id":0,"font":"","enabled":false},"version":2}},"categories":[7356],"tags":[9285,12217,8170,8351,10326,9171,9170,12218,10241,11323,12234,10592],"class_list":["post-23515","post","type-post","status-publish","format-standard","has-post-thumbnail","hentry","category-into-the-wide","tag-9285","tag-budapest","tag-ef-24-70-mm-f2-8l-ii-usm","tag-eos-6d","tag-crepuscule","tag-fovam-ter","tag-glass","tag-hongrie","tag-kasabian","tag-panoramique","tag-pont-de-la-liberte","tag-pose-longue"],"acf":[],"geo":{"latitude":47.4867058,"longitude":19.0569134,"description":"Budapest, Budapest, 1053, HU"},"jetpack_publicize_connections":[],"jetpack_featured_media_url":"https:\/\/www.wallendorff.com\/belogue\/wp-content\/uploads\/2015\/04\/201411031.jpg","jetpack_shortlink":"https:\/\/wp.me\/p3b35P-67h","jetpack_sharing_enabled":true,"jetpack-related-posts":[{"id":132168,"url":"https:\/\/www.wallendorff.com\/belogue\/2025\/05\/06\/csa-budapest-i\/","url_meta":{"origin":23515,"position":0},"title":"Cs\u00e1 Budapest [I].","author":"dpc","date":"6 mai 2025","format":false,"excerpt":"Budapest, 21 f\u00e9vrier 2025.","rel":"","context":"Dans &quot;DPC&quot;","block_context":{"text":"DPC","link":"https:\/\/www.wallendorff.com\/belogue\/category\/dpc\/"},"img":{"alt_text":"","src":"https:\/\/i0.wp.com\/www.wallendorff.com\/belogue\/wp-content\/uploads\/2025\/05\/20250506-23.jpg?resize=350%2C200&ssl=1","width":350,"height":200,"srcset":"https:\/\/i0.wp.com\/www.wallendorff.com\/belogue\/wp-content\/uploads\/2025\/05\/20250506-23.jpg?resize=350%2C200&ssl=1 1x, https:\/\/i0.wp.com\/www.wallendorff.com\/belogue\/wp-content\/uploads\/2025\/05\/20250506-23.jpg?resize=525%2C300&ssl=1 1.5x, https:\/\/i0.wp.com\/www.wallendorff.com\/belogue\/wp-content\/uploads\/2025\/05\/20250506-23.jpg?resize=700%2C400&ssl=1 2x, https:\/\/i0.wp.com\/www.wallendorff.com\/belogue\/wp-content\/uploads\/2025\/05\/20250506-23.jpg?resize=1050%2C600&ssl=1 3x"},"classes":[]},{"id":132345,"url":"https:\/\/www.wallendorff.com\/belogue\/2025\/05\/19\/csa-budapest-iii\/","url_meta":{"origin":23515,"position":1},"title":"Cs\u00e1 Budapest [III].","author":"dpc","date":"19 mai 2025","format":false,"excerpt":"Budapest, 23 et 24 f\u00e9vrier 2025.","rel":"","context":"Dans &quot;DPC&quot;","block_context":{"text":"DPC","link":"https:\/\/www.wallendorff.com\/belogue\/category\/dpc\/"},"img":{"alt_text":"","src":"https:\/\/i0.wp.com\/www.wallendorff.com\/belogue\/wp-content\/uploads\/2025\/05\/20250519-18.jpg?resize=350%2C200&ssl=1","width":350,"height":200,"srcset":"https:\/\/i0.wp.com\/www.wallendorff.com\/belogue\/wp-content\/uploads\/2025\/05\/20250519-18.jpg?resize=350%2C200&ssl=1 1x, https:\/\/i0.wp.com\/www.wallendorff.com\/belogue\/wp-content\/uploads\/2025\/05\/20250519-18.jpg?resize=525%2C300&ssl=1 1.5x, https:\/\/i0.wp.com\/www.wallendorff.com\/belogue\/wp-content\/uploads\/2025\/05\/20250519-18.jpg?resize=700%2C400&ssl=1 2x, https:\/\/i0.wp.com\/www.wallendorff.com\/belogue\/wp-content\/uploads\/2025\/05\/20250519-18.jpg?resize=1050%2C600&ssl=1 3x"},"classes":[]},{"id":132212,"url":"https:\/\/www.wallendorff.com\/belogue\/2025\/05\/12\/csa-budapest-ii\/","url_meta":{"origin":23515,"position":2},"title":"Cs\u00e1 Budapest [II].","author":"dpc","date":"12 mai 2025","format":false,"excerpt":"Budapest, 22 f\u00e9vrier 2025.","rel":"","context":"Dans &quot;DPC&quot;","block_context":{"text":"DPC","link":"https:\/\/www.wallendorff.com\/belogue\/category\/dpc\/"},"img":{"alt_text":"","src":"https:\/\/i0.wp.com\/www.wallendorff.com\/belogue\/wp-content\/uploads\/2025\/05\/20250512-19.jpg?resize=350%2C200&ssl=1","width":350,"height":200,"srcset":"https:\/\/i0.wp.com\/www.wallendorff.com\/belogue\/wp-content\/uploads\/2025\/05\/20250512-19.jpg?resize=350%2C200&ssl=1 1x, https:\/\/i0.wp.com\/www.wallendorff.com\/belogue\/wp-content\/uploads\/2025\/05\/20250512-19.jpg?resize=525%2C300&ssl=1 1.5x, https:\/\/i0.wp.com\/www.wallendorff.com\/belogue\/wp-content\/uploads\/2025\/05\/20250512-19.jpg?resize=700%2C400&ssl=1 2x, https:\/\/i0.wp.com\/www.wallendorff.com\/belogue\/wp-content\/uploads\/2025\/05\/20250512-19.jpg?resize=1050%2C600&ssl=1 3x"},"classes":[]},{"id":23532,"url":"https:\/\/www.wallendorff.com\/belogue\/2014\/11\/07\/des-monts-de-minuit\/","url_meta":{"origin":23515,"position":3},"title":"Des monts [de minuit].","author":"dpc","date":"7 novembre 2014","format":false,"excerpt":"Mont G\u00e9rard1, Budapest, 8 septembre. Bloodflood part II \u0394 _____ 1. Je viens de d\u00e9couvrir que Gell\u00e9rt signifie G\u00e9rard. \u00c7a brise un peu l'exotisme, quand m\u00eame.","rel":"","context":"Dans &quot;DPC&quot;","block_context":{"text":"DPC","link":"https:\/\/www.wallendorff.com\/belogue\/category\/dpc\/"},"img":{"alt_text":"","src":"https:\/\/i0.wp.com\/www.wallendorff.com\/belogue\/wp-content\/uploads\/2015\/04\/201411071.jpg?resize=350%2C200&ssl=1","width":350,"height":200,"srcset":"https:\/\/i0.wp.com\/www.wallendorff.com\/belogue\/wp-content\/uploads\/2015\/04\/201411071.jpg?resize=350%2C200&ssl=1 1x, https:\/\/i0.wp.com\/www.wallendorff.com\/belogue\/wp-content\/uploads\/2015\/04\/201411071.jpg?resize=525%2C300&ssl=1 1.5x, https:\/\/i0.wp.com\/www.wallendorff.com\/belogue\/wp-content\/uploads\/2015\/04\/201411071.jpg?resize=700%2C400&ssl=1 2x"},"classes":[]},{"id":37110,"url":"https:\/\/www.wallendorff.com\/belogue\/2018\/01\/31\/kasabian-slaves-le-zenith-paris-11-novembre-2017\/","url_meta":{"origin":23515,"position":4},"title":"Kasabian + Slaves @ le Z\u00e9nith, Paris, 11 novembre 2017","author":"dpc","date":"31 janvier 2018","format":false,"excerpt":"Ill Ray (The King) | Bumblebeee | Eez-Eh \/ Around the World (Daft Punk) | Underdog | Shoot the Runner | The Ecstasy of Gold (Ennio Morricone) \/ Days Are Forgotten | You're in Love with a Psycho | Wasted | Take Aim | Club Foot | Re-Wired | Treat\u2026","rel":"","context":"Dans &quot;Alive&quot;","block_context":{"text":"Alive","link":"https:\/\/www.wallendorff.com\/belogue\/category\/alive\/"},"img":{"alt_text":"","src":"https:\/\/i0.wp.com\/www.wallendorff.com\/belogue\/wp-content\/uploads\/2018\/01\/20180131-21.jpg?resize=350%2C200&ssl=1","width":350,"height":200,"srcset":"https:\/\/i0.wp.com\/www.wallendorff.com\/belogue\/wp-content\/uploads\/2018\/01\/20180131-21.jpg?resize=350%2C200&ssl=1 1x, https:\/\/i0.wp.com\/www.wallendorff.com\/belogue\/wp-content\/uploads\/2018\/01\/20180131-21.jpg?resize=525%2C300&ssl=1 1.5x, https:\/\/i0.wp.com\/www.wallendorff.com\/belogue\/wp-content\/uploads\/2018\/01\/20180131-21.jpg?resize=700%2C400&ssl=1 2x, https:\/\/i0.wp.com\/www.wallendorff.com\/belogue\/wp-content\/uploads\/2018\/01\/20180131-21.jpg?resize=1050%2C600&ssl=1 3x"},"classes":[]},{"id":14798,"url":"https:\/\/www.wallendorff.com\/belogue\/2011\/12\/16\/kasabian-miles-kane-the-o2-arena-londres-14-decembre\/","url_meta":{"origin":23515,"position":5},"title":"Kasabian + Miles Kane @ The O2 Arena, Londres, 14 d\u00e9cembre.","author":"dpc","date":"16 d\u00e9cembre 2011","format":false,"excerpt":"Days Are Forgotten | Shoot the Runner | Velociraptor! | Underdog | Where Did All the Love Go? | I.D. | Man of Simple Pleasures | Thick as Thieves | Take Aim | Club Foot | Re-wired | Empire | La F\u00e9e verte | Fast Fuse \/ Misirlou (Dick Dale\u2026","rel":"","context":"Dans &quot;Alive&quot;","block_context":{"text":"Alive","link":"https:\/\/www.wallendorff.com\/belogue\/category\/alive\/"},"img":{"alt_text":"","src":"https:\/\/i0.wp.com\/www.wallendorff.com\/belogue\/wp-content\/uploads\/2015\/04\/201112161.jpg?resize=350%2C200&ssl=1","width":350,"height":200,"srcset":"https:\/\/i0.wp.com\/www.wallendorff.com\/belogue\/wp-content\/uploads\/2015\/04\/201112161.jpg?resize=350%2C200&ssl=1 1x, https:\/\/i0.wp.com\/www.wallendorff.com\/belogue\/wp-content\/uploads\/2015\/04\/201112161.jpg?resize=525%2C300&ssl=1 1.5x, https:\/\/i0.wp.com\/www.wallendorff.com\/belogue\/wp-content\/uploads\/2015\/04\/201112161.jpg?resize=700%2C400&ssl=1 2x"},"classes":[]}],"_links":{"self":[{"href":"https:\/\/www.wallendorff.com\/belogue\/wp-json\/wp\/v2\/posts\/23515","targetHints":{"allow":["GET"]}}],"collection":[{"href":"https:\/\/www.wallendorff.com\/belogue\/wp-json\/wp\/v2\/posts"}],"about":[{"href":"https:\/\/www.wallendorff.com\/belogue\/wp-json\/wp\/v2\/types\/post"}],"author":[{"embeddable":true,"href":"https:\/\/www.wallendorff.com\/belogue\/wp-json\/wp\/v2\/users\/1"}],"replies":[{"embeddable":true,"href":"https:\/\/www.wallendorff.com\/belogue\/wp-json\/wp\/v2\/comments?post=23515"}],"version-history":[{"count":6,"href":"https:\/\/www.wallendorff.com\/belogue\/wp-json\/wp\/v2\/posts\/23515\/revisions"}],"predecessor-version":[{"id":23731,"href":"https:\/\/www.wallendorff.com\/belogue\/wp-json\/wp\/v2\/posts\/23515\/revisions\/23731"}],"wp:featuredmedia":[{"embeddable":true,"href":"https:\/\/www.wallendorff.com\/belogue\/wp-json\/wp\/v2\/media\/26870"}],"wp:attachment":[{"href":"https:\/\/www.wallendorff.com\/belogue\/wp-json\/wp\/v2\/media?parent=23515"}],"wp:term":[{"taxonomy":"category","embeddable":true,"href":"https:\/\/www.wallendorff.com\/belogue\/wp-json\/wp\/v2\/categories?post=23515"},{"taxonomy":"post_tag","embeddable":true,"href":"https:\/\/www.wallendorff.com\/belogue\/wp-json\/wp\/v2\/tags?post=23515"}],"curies":[{"name":"wp","href":"https:\/\/api.w.org\/{rel}","templated":true}]}}