{"id":23489,"date":"2014-10-28T13:54:20","date_gmt":"2014-10-28T11:54:20","guid":{"rendered":"http:\/\/www.wallendorff.com\/?p=23489"},"modified":"2014-12-29T17:40:25","modified_gmt":"2014-12-29T15:40:25","slug":"maraichers-rien-ne-pourra","status":"publish","type":"post","link":"https:\/\/www.wallendorff.com\/belogue\/2014\/10\/28\/maraichers-rien-ne-pourra\/","title":{"rendered":"Mara\u00eechers [rien ne pourra]."},"content":{"rendered":"\n<div id=\"photo\">\n<p><img decoding=\"async\" src=\"https:\/\/www.wallendorff.com\/belogue\/photo\/2014\/10\/20141028.jpg\"><br \/>\nHalles centrales, Budapest, 8 septembre.<\/p>\n<\/p><\/div>\n<div id=\"bandeson\">\n<p><img decoding=\"async\" src=\"https:\/\/www.wallendorff.com\/belogue\/photo\/pochettes\/c\/cold_war_kids-hold_my_home.jpg\" align=\"left\" \/><a id=\"lienmp3\" style=\"font-weight:normal\" href=\"http:\/\/www.youtube.com\/watch?v=xEHD_HvKWgg\"><em>First<\/em><\/a><br \/>\n          <a href=\"http:\/\/www.coldwarkids.com\/\">Cold War Kids<\/a><\/p>\n<\/div>\n","protected":false},"excerpt":{"rendered":"<p>Halles centrales, Budapest, 8 septembre. First Cold War Kids<\/p>\n","protected":false},"author":1,"featured_media":26866,"comment_status":"open","ping_status":"open","sticky":false,"template":"","format":"standard","meta":{"_acf_changed":false,"ngg_post_thumbnail":0,"jetpack_post_was_ever_published":false,"_jetpack_newsletter_access":"","_jetpack_dont_email_post_to_subs":false,"_jetpack_newsletter_tier_id":0,"_jetpack_memberships_contains_paywalled_content":false,"_jetpack_memberships_contains_paid_content":false,"footnotes":"","jetpack_publicize_message":"","jetpack_publicize_feature_enabled":true,"jetpack_social_post_already_shared":false,"jetpack_social_options":{"image_generator_settings":{"template":"highway","default_image_id":0,"font":"","enabled":false},"version":2}},"categories":[3],"tags":[9163,12217,8170,8351,10425,9162,9161,9160,9286,12218],"class_list":["post-23489","post","type-post","status-publish","format-standard","has-post-thumbnail","hentry","category-dpc","tag-9e-arrondissement-de-budapest","tag-budapest","tag-ef-24-70-mm-f2-8l-ii-usm","tag-eos-6d","tag-cold-war-kids","tag-first","tag-halle","tag-halles-centrales-de-budapest","tag-hold-my-home","tag-hongrie"],"acf":[],"geo":{"latitude":47.4871941,"longitude":19.0584526,"description":"Budapest, Budapest, 1053, HU"},"jetpack_publicize_connections":[],"jetpack_featured_media_url":"https:\/\/www.wallendorff.com\/belogue\/wp-content\/uploads\/2015\/04\/201410281.jpg","jetpack_shortlink":"https:\/\/wp.me\/p3b35P-66R","jetpack_sharing_enabled":true,"jetpack-related-posts":[{"id":132168,"url":"https:\/\/www.wallendorff.com\/belogue\/2025\/05\/06\/csa-budapest-i\/","url_meta":{"origin":23489,"position":0},"title":"Cs\u00e1 Budapest [I].","author":"dpc","date":"6 mai 2025","format":false,"excerpt":"Budapest, 21 f\u00e9vrier 2025.","rel":"","context":"Dans &quot;DPC&quot;","block_context":{"text":"DPC","link":"https:\/\/www.wallendorff.com\/belogue\/category\/dpc\/"},"img":{"alt_text":"","src":"https:\/\/i0.wp.com\/www.wallendorff.com\/belogue\/wp-content\/uploads\/2025\/05\/20250506-23.jpg?resize=350%2C200&ssl=1","width":350,"height":200,"srcset":"https:\/\/i0.wp.com\/www.wallendorff.com\/belogue\/wp-content\/uploads\/2025\/05\/20250506-23.jpg?resize=350%2C200&ssl=1 1x, https:\/\/i0.wp.com\/www.wallendorff.com\/belogue\/wp-content\/uploads\/2025\/05\/20250506-23.jpg?resize=525%2C300&ssl=1 1.5x, https:\/\/i0.wp.com\/www.wallendorff.com\/belogue\/wp-content\/uploads\/2025\/05\/20250506-23.jpg?resize=700%2C400&ssl=1 2x, https:\/\/i0.wp.com\/www.wallendorff.com\/belogue\/wp-content\/uploads\/2025\/05\/20250506-23.jpg?resize=1050%2C600&ssl=1 3x"},"classes":[]},{"id":132345,"url":"https:\/\/www.wallendorff.com\/belogue\/2025\/05\/19\/csa-budapest-iii\/","url_meta":{"origin":23489,"position":1},"title":"Cs\u00e1 Budapest [III].","author":"dpc","date":"19 mai 2025","format":false,"excerpt":"Budapest, 23 et 24 f\u00e9vrier 2025.","rel":"","context":"Dans &quot;DPC&quot;","block_context":{"text":"DPC","link":"https:\/\/www.wallendorff.com\/belogue\/category\/dpc\/"},"img":{"alt_text":"","src":"https:\/\/i0.wp.com\/www.wallendorff.com\/belogue\/wp-content\/uploads\/2025\/05\/20250519-18.jpg?resize=350%2C200&ssl=1","width":350,"height":200,"srcset":"https:\/\/i0.wp.com\/www.wallendorff.com\/belogue\/wp-content\/uploads\/2025\/05\/20250519-18.jpg?resize=350%2C200&ssl=1 1x, https:\/\/i0.wp.com\/www.wallendorff.com\/belogue\/wp-content\/uploads\/2025\/05\/20250519-18.jpg?resize=525%2C300&ssl=1 1.5x, https:\/\/i0.wp.com\/www.wallendorff.com\/belogue\/wp-content\/uploads\/2025\/05\/20250519-18.jpg?resize=700%2C400&ssl=1 2x, https:\/\/i0.wp.com\/www.wallendorff.com\/belogue\/wp-content\/uploads\/2025\/05\/20250519-18.jpg?resize=1050%2C600&ssl=1 3x"},"classes":[]},{"id":132212,"url":"https:\/\/www.wallendorff.com\/belogue\/2025\/05\/12\/csa-budapest-ii\/","url_meta":{"origin":23489,"position":2},"title":"Cs\u00e1 Budapest [II].","author":"dpc","date":"12 mai 2025","format":false,"excerpt":"Budapest, 22 f\u00e9vrier 2025.","rel":"","context":"Dans &quot;DPC&quot;","block_context":{"text":"DPC","link":"https:\/\/www.wallendorff.com\/belogue\/category\/dpc\/"},"img":{"alt_text":"","src":"https:\/\/i0.wp.com\/www.wallendorff.com\/belogue\/wp-content\/uploads\/2025\/05\/20250512-19.jpg?resize=350%2C200&ssl=1","width":350,"height":200,"srcset":"https:\/\/i0.wp.com\/www.wallendorff.com\/belogue\/wp-content\/uploads\/2025\/05\/20250512-19.jpg?resize=350%2C200&ssl=1 1x, https:\/\/i0.wp.com\/www.wallendorff.com\/belogue\/wp-content\/uploads\/2025\/05\/20250512-19.jpg?resize=525%2C300&ssl=1 1.5x, https:\/\/i0.wp.com\/www.wallendorff.com\/belogue\/wp-content\/uploads\/2025\/05\/20250512-19.jpg?resize=700%2C400&ssl=1 2x, https:\/\/i0.wp.com\/www.wallendorff.com\/belogue\/wp-content\/uploads\/2025\/05\/20250512-19.jpg?resize=1050%2C600&ssl=1 3x"},"classes":[]},{"id":132242,"url":"https:\/\/www.wallendorff.com\/belogue\/2025\/05\/14\/6-h-00-7-h-09\/","url_meta":{"origin":23489,"position":3},"title":"6\u00a0h 00 \u2013 7\u00a0h 09.","author":"dpc","date":"14 mai 2025","format":false,"excerpt":"Budapest, 22 f\u00e9vrier 2025. Je m'\u00e9tais donn\u00e9 jusque \u00e0 7 h, parce que c'est long, une heure par \u2013 8 \u00b0C.Et puis le soleil a commenc\u00e9 \u00e0 poindre. J'ai d\u00e9cid\u00e9 d'attendre un peu, pour voir s'il franchirait mon horizon sur le parlement.Et voil\u00e0.\u00c7a valait bien 9 minutes de plus.","rel":"","context":"Dans &quot;DPC&quot;","block_context":{"text":"DPC","link":"https:\/\/www.wallendorff.com\/belogue\/category\/dpc\/"},"img":{"alt_text":"","src":"https:\/\/i0.wp.com\/www.wallendorff.com\/belogue\/wp-content\/uploads\/2025\/05\/20250514-01.jpg?resize=350%2C200&ssl=1","width":350,"height":200,"srcset":"https:\/\/i0.wp.com\/www.wallendorff.com\/belogue\/wp-content\/uploads\/2025\/05\/20250514-01.jpg?resize=350%2C200&ssl=1 1x, https:\/\/i0.wp.com\/www.wallendorff.com\/belogue\/wp-content\/uploads\/2025\/05\/20250514-01.jpg?resize=525%2C300&ssl=1 1.5x, https:\/\/i0.wp.com\/www.wallendorff.com\/belogue\/wp-content\/uploads\/2025\/05\/20250514-01.jpg?resize=700%2C400&ssl=1 2x, https:\/\/i0.wp.com\/www.wallendorff.com\/belogue\/wp-content\/uploads\/2025\/05\/20250514-01.jpg?resize=1050%2C600&ssl=1 3x"},"classes":[]},{"id":13446,"url":"https:\/\/www.wallendorff.com\/belogue\/2011\/10\/18\/the-rambling-wheels-le-sentier-des-halles-paris-12-octobre\/","url_meta":{"origin":23489,"position":4},"title":"The Rambling Wheels @ le Sentier des Halles, Paris, 12 octobre.","author":"dpc","date":"18 octobre 2011","format":false,"excerpt":"On \u00e9tait peut-\u00eatre que 18, mais waw, quoi. The Rambling Wheels [CH] \u2013 Love Is Twisted and Strange [youtube]http:\/\/www.youtube.com\/watch?v=AiChGCKHF4E[\/youtube]","rel":"","context":"Dans &quot;Alive&quot;","block_context":{"text":"Alive","link":"https:\/\/www.wallendorff.com\/belogue\/category\/alive\/"},"img":{"alt_text":"","src":"https:\/\/i0.wp.com\/www.wallendorff.com\/belogue\/wp-content\/uploads\/2015\/04\/201110181.jpg?resize=350%2C200&ssl=1","width":350,"height":200,"srcset":"https:\/\/i0.wp.com\/www.wallendorff.com\/belogue\/wp-content\/uploads\/2015\/04\/201110181.jpg?resize=350%2C200&ssl=1 1x, https:\/\/i0.wp.com\/www.wallendorff.com\/belogue\/wp-content\/uploads\/2015\/04\/201110181.jpg?resize=525%2C300&ssl=1 1.5x, https:\/\/i0.wp.com\/www.wallendorff.com\/belogue\/wp-content\/uploads\/2015\/04\/201110181.jpg?resize=700%2C400&ssl=1 2x"},"classes":[]},{"id":3853,"url":"https:\/\/www.wallendorff.com\/belogue\/2009\/01\/30\/et-des-livraie-nous-dumes-halles\/","url_meta":{"origin":23489,"position":5},"title":"Et d\u00e8s l&rsquo;ivraie nous d\u00fbmes halles.","author":"dpc","date":"30 janvier 2009","format":false,"excerpt":"Galerie V\u00e9ro-Dodat, Paris, 4 janvier. \u00a0CSS \u2013 Jager Yoga Yeah yeah yeah.","rel":"","context":"Dans &quot;DPC&quot;","block_context":{"text":"DPC","link":"https:\/\/www.wallendorff.com\/belogue\/category\/dpc\/"},"img":{"alt_text":"","src":"https:\/\/i0.wp.com\/www.wallendorff.com\/belogue\/wp-content\/uploads\/2015\/04\/200901301.jpg?resize=350%2C200&ssl=1","width":350,"height":200},"classes":[]}],"_links":{"self":[{"href":"https:\/\/www.wallendorff.com\/belogue\/wp-json\/wp\/v2\/posts\/23489","targetHints":{"allow":["GET"]}}],"collection":[{"href":"https:\/\/www.wallendorff.com\/belogue\/wp-json\/wp\/v2\/posts"}],"about":[{"href":"https:\/\/www.wallendorff.com\/belogue\/wp-json\/wp\/v2\/types\/post"}],"author":[{"embeddable":true,"href":"https:\/\/www.wallendorff.com\/belogue\/wp-json\/wp\/v2\/users\/1"}],"replies":[{"embeddable":true,"href":"https:\/\/www.wallendorff.com\/belogue\/wp-json\/wp\/v2\/comments?post=23489"}],"version-history":[{"count":4,"href":"https:\/\/www.wallendorff.com\/belogue\/wp-json\/wp\/v2\/posts\/23489\/revisions"}],"predecessor-version":[{"id":23738,"href":"https:\/\/www.wallendorff.com\/belogue\/wp-json\/wp\/v2\/posts\/23489\/revisions\/23738"}],"wp:featuredmedia":[{"embeddable":true,"href":"https:\/\/www.wallendorff.com\/belogue\/wp-json\/wp\/v2\/media\/26866"}],"wp:attachment":[{"href":"https:\/\/www.wallendorff.com\/belogue\/wp-json\/wp\/v2\/media?parent=23489"}],"wp:term":[{"taxonomy":"category","embeddable":true,"href":"https:\/\/www.wallendorff.com\/belogue\/wp-json\/wp\/v2\/categories?post=23489"},{"taxonomy":"post_tag","embeddable":true,"href":"https:\/\/www.wallendorff.com\/belogue\/wp-json\/wp\/v2\/tags?post=23489"}],"curies":[{"name":"wp","href":"https:\/\/api.w.org\/{rel}","templated":true}]}}