{"id":23464,"date":"2014-10-21T14:03:46","date_gmt":"2014-10-21T12:03:46","guid":{"rendered":"http:\/\/www.wallendorff.com\/?p=23464"},"modified":"2018-05-23T08:12:04","modified_gmt":"2018-05-23T06:12:04","slug":"bastian-baker-la-maroquinerie-paris","status":"publish","type":"post","link":"https:\/\/www.wallendorff.com\/belogue\/2014\/10\/21\/bastian-baker-la-maroquinerie-paris\/","title":{"rendered":"Bastian Baker @ la Maroquinerie, Paris."},"content":{"rendered":"\n<div id=\"photo\">\n<p><img decoding=\"async\" src=\"https:\/\/www.wallendorff.com\/belogue\/photo\/2014\/10\/20141021.jpg\"><\/p>\n<\/p><\/div>\n<p style=\"text-align:right\">Oui, Bastian Baker.<\/p>\n<p>Puisque c&rsquo;est un artiste pour jeunes, on retrouve certains incontournables du concert d&rsquo;artiste pour jeunes&nbsp;: filles qui campent devant la Maro la nuit pr&eacute;c&eacute;dente, fosse pr&ecirc;te &agrave; mordre pour d&eacute;fendre sa place au pied de la sc&egrave;ne [d&rsquo;o&ugrave; les photos de loin], parents d&eacute;s&oelig;uvr&eacute;s venus pour accompagner leur prog&eacute;niture, cris enamour&eacute;s et concert qui commence t&ocirc;t. Rien de neuf depuis les <a href=\"https:\/\/www.wallendorff.com\/belogue\/2007\/05\/22\/killerpilze-la-boule-noire-paris\/\">Champignons qui Tuent<\/a>, <a href=\"https:\/\/www.wallendorff.com\/belogue\/2009\/02\/05\/metro-station-la-maroquinerie-paris\/\">Station de M&eacute;tro<\/a>, Bonne Charlotte ou <a href=\"https:\/\/www.wallendorff.com\/belogue\/2007\/06\/20\/my-chemiballs-romance-le-zenith-paris\/\">Ma Romance Chimique<\/a>, en somme.<\/p>\n<p style=\"text-align:right\">Sauf que.<\/p>\n<p>Bastian Baker est malin, dr&ocirc;le, plein de franc-parler et d&rsquo;auto-d&eacute;rision. C&rsquo;est pour &ccedil;a que je suis l&agrave;, d&rsquo;ailleurs. &Agrave; <a href=\"https:\/\/www.wallendorff.com\/belogue\/2013\/08\/05\/paleo-festival-2013-nyon-jours-4-5-6\/\">Pal&eacute;o 2013<\/a>, quand il avait lanc&eacute; &agrave; la foule venue braver la pluie le dimanche, que &laquo;&nbsp;ceux qui sont rest&eacute;s chez eux, on les emmerde&nbsp;&raquo;, &ccedil;a m&rsquo;avait intrigu&eacute;. Je voulais voir &ccedil;a de plus pr&egrave;s. J&rsquo;ai pas &eacute;t&eacute; d&eacute;&ccedil;u. Artiste pour jeune&nbsp;? Oui, mais en mieux. D&eacute;j&agrave;, parce que le bonhomme est intelligent. Les parents attendent au fond, mais rigolent avec le reste de la salle. Le concert commence t&ocirc;t, mais dure 2&nbsp;h 15. Et musicalement, &ccedil;a va. Certes pas ma tasse de th&eacute;, mais, franchement, &ccedil;a va. C&rsquo;est agr&eacute;able, entra&icirc;nant, on pense un peu &agrave; Damien Rice et beaucoup &agrave; Howie Day mais, surtout, on reste jusqu&rsquo;au bout parce que l&rsquo;ambiance est bonne et parce que le bonhomme est tellement content d&rsquo;&ecirc;tre l&agrave; qu&rsquo;il donne envie d&rsquo;y rester. Respect. Chouette soir&eacute;e. Content.      <\/p>ngg_shortcode_0_placeholder<p>&nbsp;<\/p>\n","protected":false},"excerpt":{"rendered":"<p>Oui, Bastian Baker. Puisque c&rsquo;est un artiste pour jeunes, on retrouve certains incontournables du concert d&rsquo;artiste pour jeunes&nbsp;: filles qui campent devant la Maro la nuit pr&eacute;c&eacute;dente, fosse pr&ecirc;te &agrave; mordre pour d&eacute;fendre sa place au pied de la sc&egrave;ne [d&rsquo;o&ugrave; les photos de loin], parents d&eacute;s&oelig;uvr&eacute;s venus pour accompagner leur prog&eacute;niture, cris enamour&eacute;s et&hellip;<\/p>\n","protected":false},"author":1,"featured_media":26863,"comment_status":"open","ping_status":"open","sticky":false,"template":"","format":"standard","meta":{"_acf_changed":false,"ngg_post_thumbnail":0,"jetpack_post_was_ever_published":false,"_jetpack_newsletter_access":"","_jetpack_dont_email_post_to_subs":false,"_jetpack_newsletter_tier_id":0,"_jetpack_memberships_contains_paywalled_content":false,"_jetpack_memberships_contains_paid_content":false,"footnotes":"","jetpack_publicize_message":"","jetpack_publicize_feature_enabled":true,"jetpack_social_post_already_shared":false,"jetpack_social_options":{"image_generator_settings":{"template":"highway","default_image_id":0,"font":"","enabled":false},"version":2}},"categories":[7],"tags":[11810,10216,10084,11578,2571,8170,181,6766,8351,10120,10121,10290,10098,10661],"class_list":["post-23464","post","type-post","status-publish","format-standard","has-post-thumbnail","hentry","category-alive","tag-11810","tag-10216","tag-alive","tag-bastian-baker","tag-ef-16-35-mm-f28l-ii-usm","tag-ef-24-70-mm-f2-8l-ii-usm","tag-ef-70-200-mm-f28l-usm","tag-eos-5d-mark-iii","tag-eos-6d","tag-france","tag-ile-de-france","tag-la-maroquinerie","tag-paris","tag-rue-boyer"],"acf":[],"geo":{"latitude":48.8685608,"longitude":2.3919244,"description":"18-26 Rue Boyer, 75020 Paris, France"},"jetpack_publicize_connections":[],"jetpack_featured_media_url":"https:\/\/www.wallendorff.com\/belogue\/wp-content\/uploads\/2015\/04\/201410211.jpg","jetpack_shortlink":"https:\/\/wp.me\/p3b35P-66s","jetpack_sharing_enabled":true,"jetpack-related-posts":[{"id":21405,"url":"https:\/\/www.wallendorff.com\/belogue\/2013\/08\/05\/paleo-festival-2013-nyon-jours-4-5-6\/","url_meta":{"origin":23464,"position":0},"title":"Pal\u00e9o Festival 2013, Nyon &#8211; jours 4-5-6.","author":"dpc","date":"5 ao\u00fbt 2013","format":false,"excerpt":"Vendredi et dimanche furent un peu courts, alors je r\u00e9unis tout\u00a0: les 35\u00a0\u00b0C du vendredi et du samedi, les gerbes d'eau de Blur, la chemise hawa\u00efenne de Biolay, la bi\u00e8re qui mousse de Saez et l'orage et le feu d'artifice sous la pluie du dimanche. La suite viendra l'ann\u00e9e prochaine...\u2026","rel":"","context":"Dans &quot;Alive&quot;","block_context":{"text":"Alive","link":"https:\/\/www.wallendorff.com\/belogue\/category\/alive\/"},"img":{"alt_text":"","src":"https:\/\/i0.wp.com\/www.wallendorff.com\/belogue\/wp-content\/uploads\/2015\/04\/201308051.jpg?resize=350%2C200&ssl=1","width":350,"height":200,"srcset":"https:\/\/i0.wp.com\/www.wallendorff.com\/belogue\/wp-content\/uploads\/2015\/04\/201308051.jpg?resize=350%2C200&ssl=1 1x, https:\/\/i0.wp.com\/www.wallendorff.com\/belogue\/wp-content\/uploads\/2015\/04\/201308051.jpg?resize=525%2C300&ssl=1 1.5x, https:\/\/i0.wp.com\/www.wallendorff.com\/belogue\/wp-content\/uploads\/2015\/04\/201308051.jpg?resize=700%2C400&ssl=1 2x"},"classes":[]},{"id":1284,"url":"https:\/\/www.wallendorff.com\/belogue\/2008\/08\/05\/gore-gore-girls-les-femmes-s-en-melent-la-maroquinerie-paris-21-avril\/","url_meta":{"origin":23464,"position":1},"title":"Gore Gore Girls @ les Femmes s&rsquo;en M\u00ealent, la Maroquinerie, Paris, 21 avril.","author":"dpc","date":"5 ao\u00fbt 2008","format":false,"excerpt":"\u00c0 part \u00e7a\u00a0: Secret Machines reviennent en octobre J'ai envie d'organiser des rendez-vous libatoires dominicaux urbano-rotatifs ne tol\u00e9rant que des fans de Black Rebel Motorcycle Club rien que pour le bonheur de dire \u00ab\u00a0dimanche j'ai un BRuMCh.\u00a0\u00bb Gore Gore Girls \u2013 Fox in a Box","rel":"","context":"Dans &quot;Alive&quot;","block_context":{"text":"Alive","link":"https:\/\/www.wallendorff.com\/belogue\/category\/alive\/"},"img":{"alt_text":"","src":"https:\/\/i0.wp.com\/www.wallendorff.com\/belogue\/wp-content\/uploads\/2015\/04\/200808051.jpg?resize=350%2C200&ssl=1","width":350,"height":200,"srcset":"https:\/\/i0.wp.com\/www.wallendorff.com\/belogue\/wp-content\/uploads\/2015\/04\/200808051.jpg?resize=350%2C200&ssl=1 1x, https:\/\/i0.wp.com\/www.wallendorff.com\/belogue\/wp-content\/uploads\/2015\/04\/200808051.jpg?resize=525%2C300&ssl=1 1.5x, https:\/\/i0.wp.com\/www.wallendorff.com\/belogue\/wp-content\/uploads\/2015\/04\/200808051.jpg?resize=700%2C400&ssl=1 2x"},"classes":[]},{"id":31554,"url":"https:\/\/www.wallendorff.com\/belogue\/2016\/07\/14\/fidlar-la-maroquinerie-paris\/","url_meta":{"origin":23464,"position":2},"title":"FIDLAR @ la Maroquinerie, Paris.","author":"dpc","date":"14 juillet 2016","format":false,"excerpt":"Toujours aussi fous. Punks FIDLAR","rel":"","context":"Dans &quot;Alive&quot;","block_context":{"text":"Alive","link":"https:\/\/www.wallendorff.com\/belogue\/category\/alive\/"},"img":{"alt_text":"","src":"https:\/\/i0.wp.com\/www.wallendorff.com\/belogue\/wp-content\/uploads\/2016\/07\/20160714-09-1.jpg?resize=350%2C200&ssl=1","width":350,"height":200,"srcset":"https:\/\/i0.wp.com\/www.wallendorff.com\/belogue\/wp-content\/uploads\/2016\/07\/20160714-09-1.jpg?resize=350%2C200&ssl=1 1x, https:\/\/i0.wp.com\/www.wallendorff.com\/belogue\/wp-content\/uploads\/2016\/07\/20160714-09-1.jpg?resize=525%2C300&ssl=1 1.5x, https:\/\/i0.wp.com\/www.wallendorff.com\/belogue\/wp-content\/uploads\/2016\/07\/20160714-09-1.jpg?resize=700%2C400&ssl=1 2x"},"classes":[]},{"id":21746,"url":"https:\/\/www.wallendorff.com\/belogue\/2013\/10\/08\/tunng-la-maroquinerie-paris\/","url_meta":{"origin":23464,"position":3},"title":"Tunng @ la Maroquinerie, Paris.","author":"dpc","date":"8 octobre 2013","format":false,"excerpt":"The VillageTunng \u00a0","rel":"","context":"Dans &quot;Alive&quot;","block_context":{"text":"Alive","link":"https:\/\/www.wallendorff.com\/belogue\/category\/alive\/"},"img":{"alt_text":"","src":"https:\/\/i0.wp.com\/www.wallendorff.com\/belogue\/wp-content\/uploads\/2015\/04\/201310081.jpg?resize=350%2C200&ssl=1","width":350,"height":200,"srcset":"https:\/\/i0.wp.com\/www.wallendorff.com\/belogue\/wp-content\/uploads\/2015\/04\/201310081.jpg?resize=350%2C200&ssl=1 1x, https:\/\/i0.wp.com\/www.wallendorff.com\/belogue\/wp-content\/uploads\/2015\/04\/201310081.jpg?resize=525%2C300&ssl=1 1.5x, https:\/\/i0.wp.com\/www.wallendorff.com\/belogue\/wp-content\/uploads\/2015\/04\/201310081.jpg?resize=700%2C400&ssl=1 2x"},"classes":[]},{"id":4371,"url":"https:\/\/www.wallendorff.com\/belogue\/2009\/07\/15\/the-warlocks-la-maroquinerie-paris-10-juillet\/","url_meta":{"origin":23464,"position":4},"title":"The Warlocks @ la Maroquinerie, Paris, 10 juillet.","author":"dpc","date":"15 juillet 2009","format":false,"excerpt":"","rel":"","context":"Dans &quot;Alive&quot;","block_context":{"text":"Alive","link":"https:\/\/www.wallendorff.com\/belogue\/category\/alive\/"},"img":{"alt_text":"","src":"https:\/\/i0.wp.com\/www.wallendorff.com\/belogue\/wp-content\/uploads\/2015\/04\/20090715-011.jpg?resize=350%2C200&ssl=1","width":350,"height":200,"srcset":"https:\/\/i0.wp.com\/www.wallendorff.com\/belogue\/wp-content\/uploads\/2015\/04\/20090715-011.jpg?resize=350%2C200&ssl=1 1x, https:\/\/i0.wp.com\/www.wallendorff.com\/belogue\/wp-content\/uploads\/2015\/04\/20090715-011.jpg?resize=525%2C300&ssl=1 1.5x, https:\/\/i0.wp.com\/www.wallendorff.com\/belogue\/wp-content\/uploads\/2015\/04\/20090715-011.jpg?resize=700%2C400&ssl=1 2x"},"classes":[]},{"id":20919,"url":"https:\/\/www.wallendorff.com\/belogue\/2013\/05\/14\/the-raveonettes-la-maroquinerie-paris-12-mai\/","url_meta":{"origin":23464,"position":5},"title":"The Raveonettes @ la Maroquinerie, Paris, 12 mai.","author":"dpc","date":"14 mai 2013","format":false,"excerpt":"TwilightThe Raveonettes \u00a0","rel":"","context":"Dans &quot;Alive&quot;","block_context":{"text":"Alive","link":"https:\/\/www.wallendorff.com\/belogue\/category\/alive\/"},"img":{"alt_text":"","src":"https:\/\/i0.wp.com\/www.wallendorff.com\/belogue\/wp-content\/uploads\/2015\/04\/20130514.jpg?resize=350%2C200&ssl=1","width":350,"height":200,"srcset":"https:\/\/i0.wp.com\/www.wallendorff.com\/belogue\/wp-content\/uploads\/2015\/04\/20130514.jpg?resize=350%2C200&ssl=1 1x, https:\/\/i0.wp.com\/www.wallendorff.com\/belogue\/wp-content\/uploads\/2015\/04\/20130514.jpg?resize=525%2C300&ssl=1 1.5x, https:\/\/i0.wp.com\/www.wallendorff.com\/belogue\/wp-content\/uploads\/2015\/04\/20130514.jpg?resize=700%2C400&ssl=1 2x"},"classes":[]}],"_links":{"self":[{"href":"https:\/\/www.wallendorff.com\/belogue\/wp-json\/wp\/v2\/posts\/23464","targetHints":{"allow":["GET"]}}],"collection":[{"href":"https:\/\/www.wallendorff.com\/belogue\/wp-json\/wp\/v2\/posts"}],"about":[{"href":"https:\/\/www.wallendorff.com\/belogue\/wp-json\/wp\/v2\/types\/post"}],"author":[{"embeddable":true,"href":"https:\/\/www.wallendorff.com\/belogue\/wp-json\/wp\/v2\/users\/1"}],"replies":[{"embeddable":true,"href":"https:\/\/www.wallendorff.com\/belogue\/wp-json\/wp\/v2\/comments?post=23464"}],"version-history":[{"count":4,"href":"https:\/\/www.wallendorff.com\/belogue\/wp-json\/wp\/v2\/posts\/23464\/revisions"}],"predecessor-version":[{"id":23604,"href":"https:\/\/www.wallendorff.com\/belogue\/wp-json\/wp\/v2\/posts\/23464\/revisions\/23604"}],"wp:featuredmedia":[{"embeddable":true,"href":"https:\/\/www.wallendorff.com\/belogue\/wp-json\/wp\/v2\/media\/26863"}],"wp:attachment":[{"href":"https:\/\/www.wallendorff.com\/belogue\/wp-json\/wp\/v2\/media?parent=23464"}],"wp:term":[{"taxonomy":"category","embeddable":true,"href":"https:\/\/www.wallendorff.com\/belogue\/wp-json\/wp\/v2\/categories?post=23464"},{"taxonomy":"post_tag","embeddable":true,"href":"https:\/\/www.wallendorff.com\/belogue\/wp-json\/wp\/v2\/tags?post=23464"}],"curies":[{"name":"wp","href":"https:\/\/api.w.org\/{rel}","templated":true}]}}