{"id":23421,"date":"2014-10-07T10:55:54","date_gmt":"2014-10-07T08:55:54","guid":{"rendered":"http:\/\/www.wallendorff.com\/?p=23421"},"modified":"2014-12-29T16:08:18","modified_gmt":"2014-12-29T14:08:18","slug":"des-dalles","status":"publish","type":"post","link":"https:\/\/www.wallendorff.com\/belogue\/2014\/10\/07\/des-dalles\/","title":{"rendered":"Des dalles."},"content":{"rendered":"\n<div id=\"photo\">\n<p><img decoding=\"async\" src=\"https:\/\/www.wallendorff.com\/belogue\/photo\/2014\/10\/20141007.jpg\"><br \/>\nM\u00e9morial aux Juifs assassin\u00e9s d&rsquo;Europe, Berlin, 9 ao\u00fbt.<\/p>\n<\/p><\/div>\n<div id=\"photo2\">\n<p><img decoding=\"async\" src=\"https:\/\/www.wallendorff.com\/belogue\/photo\/2014\/10\/20141007-02.jpg\"><\/p>\n<\/p><\/div>\n<div id=\"photo2\">\n<p><img decoding=\"async\" src=\"https:\/\/www.wallendorff.com\/belogue\/photo\/2014\/10\/20141007-03.jpg\"><\/p>\n<\/p><\/div>\n<div id=\"photo2\">\n<p><img decoding=\"async\" src=\"https:\/\/www.wallendorff.com\/belogue\/photo\/2014\/10\/20141007-04.jpg\"><\/p>\n<\/p><\/div>\n<div id=\"photo2\">\n<p><img decoding=\"async\" src=\"https:\/\/www.wallendorff.com\/belogue\/photo\/2014\/10\/20141007-05.jpg\"><\/p>\n<\/p><\/div>\n<div id=\"bandeson\">\n<p><img decoding=\"async\" src=\"https:\/\/www.wallendorff.com\/belogue\/photo\/pochettes\/f\/fink-hard_believer.jpg\" align=\"left\" \/><a style=\"font-weight:normal\" id=\"lienmp3\" href=\"http:\/\/www.youtube.com\/watch?v=5KaJZF9hQmU\"><em>Truth Begins<\/em><\/a><br \/>\n<a href=\"http:\/\/www.finkworld.co.uk\/\">Fink<\/a><\/p>\n<\/p><\/div>\n","protected":false},"excerpt":{"rendered":"<p>M\u00e9morial aux Juifs assassin\u00e9s d&rsquo;Europe, Berlin, 9 ao\u00fbt. Truth Begins Fink<\/p>\n","protected":false},"author":1,"featured_media":26850,"comment_status":"open","ping_status":"open","sticky":false,"template":"","format":"standard","meta":{"_acf_changed":false,"ngg_post_thumbnail":0,"jetpack_post_was_ever_published":false,"_jetpack_newsletter_access":"","_jetpack_dont_email_post_to_subs":false,"_jetpack_newsletter_tier_id":0,"_jetpack_memberships_contains_paywalled_content":false,"_jetpack_memberships_contains_paid_content":false,"footnotes":"","jetpack_publicize_message":"","jetpack_publicize_feature_enabled":true,"jetpack_social_post_already_shared":false,"jetpack_social_options":{"image_generator_settings":{"template":"highway","default_image_id":0,"font":"","enabled":false},"version":2}},"categories":[3],"tags":[10953,12146,10452,737,8751,8351,10500,10941,9279,10732,8997,8243,8998],"class_list":["post-23421","post","type-post","status-publish","format-standard","has-post-thumbnail","hentry","category-dpc","tag-allemagne","tag-arrondissement-de-mitte","tag-berlin","tag-bleu","tag-ef-70-300mm-f4-5-6-is-usm","tag-eos-6d","tag-contre-plongee","tag-fink","tag-hard-believer","tag-memorial","tag-memorial-aux-juifs-assassines-deurope","tag-sigma-15-mm-f2-8-ex-dg-diagonal-fish-eye","tag-truth-begins"],"acf":[],"geo":{"latitude":52.5139351,"longitude":13.3786602,"description":"Berlin, Berlin, 10117, DE"},"jetpack_publicize_connections":[],"jetpack_featured_media_url":"https:\/\/www.wallendorff.com\/belogue\/wp-content\/uploads\/2015\/04\/201410071.jpg","jetpack_shortlink":"https:\/\/wp.me\/p3b35P-65L","jetpack_sharing_enabled":true,"jetpack-related-posts":[{"id":135294,"url":"https:\/\/www.wallendorff.com\/belogue\/2026\/02\/17\/hallo-berlin-2\/","url_meta":{"origin":23421,"position":0},"title":"Hallo Berlin.","author":"dpc","date":"17 f\u00e9vrier 2026","format":false,"excerpt":"","rel":"","context":"Dans &quot;DPC&quot;","block_context":{"text":"DPC","link":"https:\/\/www.wallendorff.com\/belogue\/category\/dpc\/"},"img":{"alt_text":"","src":"https:\/\/i0.wp.com\/www.wallendorff.com\/belogue\/wp-content\/uploads\/2026\/02\/20260217-28.jpg?resize=350%2C200&ssl=1","width":350,"height":200,"srcset":"https:\/\/i0.wp.com\/www.wallendorff.com\/belogue\/wp-content\/uploads\/2026\/02\/20260217-28.jpg?resize=350%2C200&ssl=1 1x, https:\/\/i0.wp.com\/www.wallendorff.com\/belogue\/wp-content\/uploads\/2026\/02\/20260217-28.jpg?resize=525%2C300&ssl=1 1.5x, https:\/\/i0.wp.com\/www.wallendorff.com\/belogue\/wp-content\/uploads\/2026\/02\/20260217-28.jpg?resize=700%2C400&ssl=1 2x, https:\/\/i0.wp.com\/www.wallendorff.com\/belogue\/wp-content\/uploads\/2026\/02\/20260217-28.jpg?resize=1050%2C600&ssl=1 3x"},"classes":[]},{"id":39310,"url":"https:\/\/www.wallendorff.com\/belogue\/2018\/06\/30\/juin-2018\/","url_meta":{"origin":23421,"position":1},"title":"Juin 2018.","author":"dpc","date":"30 juin 2018","format":false,"excerpt":"Un avion, un num\u00e9ro, un m\u00e9morial, un m\u00e9tro, un guitariste, une expo, un bar, une toilette, un beau plafond, des graffiti, une chaise, une fen\u00eatre, un feu rouge, un quai, une \u00e9glise, une gare, un bar, un m\u00e9tro, une porte, une \u00e9chope, un tas de photoapparate, un spectacle, un mur,\u2026","rel":"","context":"Dans &quot;Blog-note&quot;","block_context":{"text":"Blog-note","link":"https:\/\/www.wallendorff.com\/belogue\/category\/blog-note\/"},"img":{"alt_text":"","src":"https:\/\/i0.wp.com\/www.wallendorff.com\/belogue\/wp-content\/uploads\/2018\/07\/20180727-82.jpg?resize=350%2C200&ssl=1","width":350,"height":200,"srcset":"https:\/\/i0.wp.com\/www.wallendorff.com\/belogue\/wp-content\/uploads\/2018\/07\/20180727-82.jpg?resize=350%2C200&ssl=1 1x, https:\/\/i0.wp.com\/www.wallendorff.com\/belogue\/wp-content\/uploads\/2018\/07\/20180727-82.jpg?resize=525%2C300&ssl=1 1.5x, https:\/\/i0.wp.com\/www.wallendorff.com\/belogue\/wp-content\/uploads\/2018\/07\/20180727-82.jpg?resize=700%2C400&ssl=1 2x, https:\/\/i0.wp.com\/www.wallendorff.com\/belogue\/wp-content\/uploads\/2018\/07\/20180727-82.jpg?resize=1050%2C600&ssl=1 3x"},"classes":[]},{"id":23190,"url":"https:\/\/www.wallendorff.com\/belogue\/2014\/07\/15\/irlanda-aux-re-relents-de-dos\/","url_meta":{"origin":23421,"position":2},"title":"Irlanda [aux re-relents de dos].","author":"dpc","date":"15 juillet 2014","format":false,"excerpt":"A\u00e9roport International de Dublin, 13 avril. Toute ressemblance avec cette photo-ci est.. Ah oui. Quand m\u00eame. Looking Too Closely Fink","rel":"","context":"Dans &quot;DPC&quot;","block_context":{"text":"DPC","link":"https:\/\/www.wallendorff.com\/belogue\/category\/dpc\/"},"img":{"alt_text":"","src":"https:\/\/i0.wp.com\/www.wallendorff.com\/belogue\/wp-content\/uploads\/2015\/04\/201407151.jpg?resize=350%2C200&ssl=1","width":350,"height":200,"srcset":"https:\/\/i0.wp.com\/www.wallendorff.com\/belogue\/wp-content\/uploads\/2015\/04\/201407151.jpg?resize=350%2C200&ssl=1 1x, https:\/\/i0.wp.com\/www.wallendorff.com\/belogue\/wp-content\/uploads\/2015\/04\/201407151.jpg?resize=525%2C300&ssl=1 1.5x, https:\/\/i0.wp.com\/www.wallendorff.com\/belogue\/wp-content\/uploads\/2015\/04\/201407151.jpg?resize=700%2C400&ssl=1 2x"},"classes":[]},{"id":23588,"url":"https:\/\/www.wallendorff.com\/belogue\/2014\/11\/28\/fink-le-trianon-paris\/","url_meta":{"origin":23421,"position":3},"title":"Fink @ le Trianon, Paris.","author":"dpc","date":"28 novembre 2014","format":false,"excerpt":"The Green and the Blue Fink \u00a0","rel":"","context":"Dans &quot;Alive&quot;","block_context":{"text":"Alive","link":"https:\/\/www.wallendorff.com\/belogue\/category\/alive\/"},"img":{"alt_text":"","src":"https:\/\/i0.wp.com\/www.wallendorff.com\/belogue\/wp-content\/uploads\/2015\/04\/201411271.jpg?resize=350%2C200&ssl=1","width":350,"height":200,"srcset":"https:\/\/i0.wp.com\/www.wallendorff.com\/belogue\/wp-content\/uploads\/2015\/04\/201411271.jpg?resize=350%2C200&ssl=1 1x, https:\/\/i0.wp.com\/www.wallendorff.com\/belogue\/wp-content\/uploads\/2015\/04\/201411271.jpg?resize=525%2C300&ssl=1 1.5x, https:\/\/i0.wp.com\/www.wallendorff.com\/belogue\/wp-content\/uploads\/2015\/04\/201411271.jpg?resize=700%2C400&ssl=1 2x"},"classes":[]},{"id":41276,"url":"https:\/\/www.wallendorff.com\/belogue\/2019\/02\/28\/fevrier-2019\/","url_meta":{"origin":23421,"position":4},"title":"F\u00e9vrier 2019.","author":"dpc","date":"28 f\u00e9vrier 2019","format":false,"excerpt":"Un anniversaire, un match de rugby, un bateau, une p\u00e9niche, un dava\u00ef, un quai, une boum, un d\u00e9jeuner, un canal, un bar, une ruelle rouge, un bar, une camionnette, une boum, un quai, une rue, un canal, une rue, un canal, un ponton, un canal, un concert, un restaurant, un\u2026","rel":"","context":"Dans &quot;Blog-note&quot;","block_context":{"text":"Blog-note","link":"https:\/\/www.wallendorff.com\/belogue\/category\/blog-note\/"},"img":{"alt_text":"","src":"https:\/\/i0.wp.com\/www.wallendorff.com\/belogue\/wp-content\/uploads\/2019\/03\/20190313-09.jpg?resize=350%2C200&ssl=1","width":350,"height":200,"srcset":"https:\/\/i0.wp.com\/www.wallendorff.com\/belogue\/wp-content\/uploads\/2019\/03\/20190313-09.jpg?resize=350%2C200&ssl=1 1x, https:\/\/i0.wp.com\/www.wallendorff.com\/belogue\/wp-content\/uploads\/2019\/03\/20190313-09.jpg?resize=525%2C300&ssl=1 1.5x, https:\/\/i0.wp.com\/www.wallendorff.com\/belogue\/wp-content\/uploads\/2019\/03\/20190313-09.jpg?resize=700%2C400&ssl=1 2x, https:\/\/i0.wp.com\/www.wallendorff.com\/belogue\/wp-content\/uploads\/2019\/03\/20190313-09.jpg?resize=1050%2C600&ssl=1 3x"},"classes":[]},{"id":23206,"url":"https:\/\/www.wallendorff.com\/belogue\/2014\/06\/30\/juin-2014\/","url_meta":{"origin":23421,"position":5},"title":"Juin 2014.","author":"dpc","date":"30 juin 2014","format":false,"excerpt":"Une ruine, un di\u0161que, un concert qui commence mal [et qui finit bien], un anniversaire, un train, une expo-anniversaire, un vieux moulin, des minions [par millions], un avion, une nouvelle ville, une gr\u00e8ve, des retrouvailles, un festival, un blind-test et 4\u00a0185\u00a0km de plus au compteur. Juin 2014. 5 titres Harold\u2026","rel":"","context":"Dans &quot;Blog-note&quot;","block_context":{"text":"Blog-note","link":"https:\/\/www.wallendorff.com\/belogue\/category\/blog-note\/"},"img":{"alt_text":"","src":"https:\/\/i0.wp.com\/www.wallendorff.com\/belogue\/wp-content\/uploads\/2015\/04\/20140718-151.jpg?resize=350%2C200&ssl=1","width":350,"height":200,"srcset":"https:\/\/i0.wp.com\/www.wallendorff.com\/belogue\/wp-content\/uploads\/2015\/04\/20140718-151.jpg?resize=350%2C200&ssl=1 1x, https:\/\/i0.wp.com\/www.wallendorff.com\/belogue\/wp-content\/uploads\/2015\/04\/20140718-151.jpg?resize=525%2C300&ssl=1 1.5x"},"classes":[]}],"_links":{"self":[{"href":"https:\/\/www.wallendorff.com\/belogue\/wp-json\/wp\/v2\/posts\/23421","targetHints":{"allow":["GET"]}}],"collection":[{"href":"https:\/\/www.wallendorff.com\/belogue\/wp-json\/wp\/v2\/posts"}],"about":[{"href":"https:\/\/www.wallendorff.com\/belogue\/wp-json\/wp\/v2\/types\/post"}],"author":[{"embeddable":true,"href":"https:\/\/www.wallendorff.com\/belogue\/wp-json\/wp\/v2\/users\/1"}],"replies":[{"embeddable":true,"href":"https:\/\/www.wallendorff.com\/belogue\/wp-json\/wp\/v2\/comments?post=23421"}],"version-history":[{"count":5,"href":"https:\/\/www.wallendorff.com\/belogue\/wp-json\/wp\/v2\/posts\/23421\/revisions"}],"predecessor-version":[{"id":23710,"href":"https:\/\/www.wallendorff.com\/belogue\/wp-json\/wp\/v2\/posts\/23421\/revisions\/23710"}],"wp:featuredmedia":[{"embeddable":true,"href":"https:\/\/www.wallendorff.com\/belogue\/wp-json\/wp\/v2\/media\/26850"}],"wp:attachment":[{"href":"https:\/\/www.wallendorff.com\/belogue\/wp-json\/wp\/v2\/media?parent=23421"}],"wp:term":[{"taxonomy":"category","embeddable":true,"href":"https:\/\/www.wallendorff.com\/belogue\/wp-json\/wp\/v2\/categories?post=23421"},{"taxonomy":"post_tag","embeddable":true,"href":"https:\/\/www.wallendorff.com\/belogue\/wp-json\/wp\/v2\/tags?post=23421"}],"curies":[{"name":"wp","href":"https:\/\/api.w.org\/{rel}","templated":true}]}}