{"id":23417,"date":"2014-10-02T16:23:31","date_gmt":"2014-10-02T14:23:31","guid":{"rendered":"http:\/\/www.wallendorff.com\/?p=23417"},"modified":"2014-10-02T16:23:31","modified_gmt":"2014-10-02T14:23:31","slug":"lavide-guetta","status":"publish","type":"post","link":"https:\/\/www.wallendorff.com\/belogue\/2014\/10\/02\/lavide-guetta\/","title":{"rendered":"L&rsquo;avide guetta."},"content":{"rendered":"\n<div id=\"photo\">\n<p><img decoding=\"async\" src=\"https:\/\/www.wallendorff.com\/belogue\/photo\/2014\/10\/20141002.jpg\"><br \/>\nPont Charles-de-Gaulle, Paris, 3 juillet.<\/p>\n<\/p><\/div>\n<p style=\"text-align:right\">L&rsquo;&eacute;couteur droit de mes MDR-EX38iP vient de subitement mourir, comme &ccedil;a, sans pr&eacute;venir, apr&egrave;s 37 mois d&rsquo;un bonheur sans nuage.<\/p>\n<p style=\"text-align:right\">C&rsquo;est triste, je sais, mais il y a pire dans la vie, je sais, et c&rsquo;est pas la peine d&rsquo;en faire un fromage, je sais, mais puisque j&rsquo;ai commenc&eacute;  &agrave; noter toutes les dates de d&eacute;c&egrave;s de mes MDR successifs depuis 2006 (<a href=\"https:\/\/www.wallendorff.com\/belogue\/2006\/04\/25\/previously-unreleased-32\/\">l&agrave;<\/a>,  <a href=\"https:\/\/www.wallendorff.com\/belogue\/2009\/10\/16\/sil-vainc-caste-et-une-deuche\/\">l&agrave;<\/a> et <a href=\"https:\/\/www.wallendorff.com\/belogue\/2011\/08\/09\/pique-a-chu\/\">l&agrave;<\/a> aussi), autant ne plus jamais s&rsquo;arr&ecirc;ter.<\/p>\n<p style=\"text-align:right\">Et &agrave; part &ccedil;a, rien.<\/p>\n<div id=\"bandeson\">\n<p><img decoding=\"async\" src=\"https:\/\/www.wallendorff.com\/belogue\/photo\/pochettes\/d\/depeche_mode-walking_in_my_shoes.jpg\" align=\"left\" \/><a style=\"font-weight:normal\" id=\"lienmp3\" href=\"http:\/\/www.youtube.com\/watch?v=XtAW407yctM\"><em>Walking in My Shoes<\/em> (extended twelve inch mix)<\/a><br \/>\n<a href=\"http:\/\/www.depechemode.com\/\">Depeche Mode<\/a><\/p>\n<\/p><\/div>\n","protected":false},"excerpt":{"rendered":"<p>Pont Charles-de-Gaulle, Paris, 3 juillet. L&rsquo;&eacute;couteur droit de mes MDR-EX38iP vient de subitement mourir, comme &ccedil;a, sans pr&eacute;venir, apr&egrave;s 37 mois d&rsquo;un bonheur sans nuage. C&rsquo;est triste, je sais, mais il y a pire dans la vie, je sais, et c&rsquo;est pas la peine d&rsquo;en faire un fromage, je sais, mais puisque j&rsquo;ai commenc&eacute; &agrave;&hellip;<\/p>\n","protected":false},"author":1,"featured_media":26854,"comment_status":"open","ping_status":"open","sticky":false,"template":"","format":"standard","meta":{"_acf_changed":false,"ngg_post_thumbnail":0,"jetpack_post_was_ever_published":false,"_jetpack_newsletter_access":"","_jetpack_dont_email_post_to_subs":false,"_jetpack_newsletter_tier_id":0,"_jetpack_memberships_contains_paywalled_content":false,"_jetpack_memberships_contains_paid_content":false,"footnotes":"","jetpack_publicize_message":"","jetpack_publicize_feature_enabled":true,"jetpack_social_post_already_shared":false,"jetpack_social_options":{"image_generator_settings":{"template":"highway","default_image_id":0,"font":"","enabled":false},"version":2}},"categories":[3],"tags":[10271,10122,8751,8351,10326,10120,10589,10121,143,10098,8996,10407],"class_list":["post-23417","post","type-post","status-publish","format-standard","has-post-thumbnail","hentry","category-dpc","tag-10271","tag-10122","tag-ef-70-300mm-f4-5-6-is-usm","tag-eos-6d","tag-crepuscule","tag-france","tag-homme","tag-ile-de-france","tag-noir-et-blanc","tag-paris","tag-pont-charles-de-gaulle","tag-silhouette"],"acf":[],"geo":{"latitude":48.8421707,"longitude":2.3683958,"description":"Paris 12, \u00cele-de-France, 75012, FR"},"jetpack_publicize_connections":[],"jetpack_featured_media_url":"https:\/\/www.wallendorff.com\/belogue\/wp-content\/uploads\/2015\/04\/201410021.jpg","jetpack_shortlink":"https:\/\/wp.me\/p3b35P-65H","jetpack_sharing_enabled":true,"jetpack-related-posts":[{"id":13082,"url":"https:\/\/www.wallendorff.com\/belogue\/2011\/08\/09\/pique-a-chu\/","url_meta":{"origin":23417,"position":0},"title":"Pique a chu.","author":"dpc","date":"9 ao\u00fbt 2011","format":false,"excerpt":"Impasse Rolleboise, Paris, 25 juin. L'\u00e9couteur gauche de mon MDR-300EX est subitement mort 22 mois \u00e0 peine apr\u00e8s celui de mon MDR-EX71 et 64 mois apr\u00e8s la perte de l'\u00e9couteur droit de mon MDR-EX69. Je sais bien que tout le monde s'en fout mais il faut toujours noter ces trucs,\u2026","rel":"","context":"Dans &quot;DPC&quot;","block_context":{"text":"DPC","link":"https:\/\/www.wallendorff.com\/belogue\/category\/dpc\/"},"img":{"alt_text":"","src":"https:\/\/i0.wp.com\/www.wallendorff.com\/belogue\/wp-content\/uploads\/2015\/04\/201108091.jpg?resize=350%2C200&ssl=1","width":350,"height":200},"classes":[]},{"id":52,"url":"https:\/\/www.wallendorff.com\/belogue\/2005\/10\/18\/mains-tenant-ou-j-aimais\/","url_meta":{"origin":23417,"position":1},"title":"Mains tenant o\u00f9 j&rsquo;aimais.","author":"dpc","date":"18 octobre 2005","format":false,"excerpt":"\u00cele Saint-Louis, Paris, 21 septembre. [J'ai d\u00e9j\u00e0 sorti des titres similaires, je sais. C'est mal, le r\u00e9chauff\u00e9.] [\"Maintenant\" venant de \"main tenant\", faire un jeu de mot avec \"main tenant\" et \"maintenant\", c'est comme en faire un avec \"presse-citron\" et \"presse citron\". C'est compl\u00e8tement naze.] [Mais bon. La bande-son, au\u2026","rel":"","context":"Dans &quot;DPC&quot;","block_context":{"text":"DPC","link":"https:\/\/www.wallendorff.com\/belogue\/category\/dpc\/"},"img":{"alt_text":"","src":"https:\/\/i0.wp.com\/www.wallendorff.com\/belogue\/wp-content\/uploads\/2015\/04\/200510181.jpg?resize=350%2C200&ssl=1","width":350,"height":200},"classes":[]},{"id":8459,"url":"https:\/\/www.wallendorff.com\/belogue\/2010\/09\/03\/du-po-du-pont-du-pont-neuf\/","url_meta":{"origin":23417,"position":2},"title":"Du po, Du pont, du Pont Neuf.","author":"dpc","date":"3 septembre 2010","format":false,"excerpt":"Pont Neuf, Paris, 22 juillet. [Oui je sais, c'est tout bonnement incroyable mais on a fini Amsterdam.] Et la pochette du Tweak Bird \u00eatre trop grave une des plus belles du monde de 2010. Bien \u00e9videmment moins cool que celle du Klaxons et moins hypnotique que celle du Black Angels\u2026","rel":"","context":"Dans &quot;DPC&quot;","block_context":{"text":"DPC","link":"https:\/\/www.wallendorff.com\/belogue\/category\/dpc\/"},"img":{"alt_text":"","src":"https:\/\/i0.wp.com\/www.wallendorff.com\/belogue\/wp-content\/uploads\/2015\/04\/201009031.jpg?resize=350%2C200&ssl=1","width":350,"height":200},"classes":[]},{"id":3692,"url":"https:\/\/www.wallendorff.com\/belogue\/2008\/12\/19\/astonvilla-subway-le-bataclan-paris\/","url_meta":{"origin":23417,"position":3},"title":"Astonvilla + Subway @ le Bataclan, Paris.","author":"dpc","date":"19 d\u00e9cembre 2008","format":false,"excerpt":"Je pourrais faire un long article racontant \u00e0 quel point le 5D Mark II est un vrai bonheur de la vie, mais le Rod s'en \u00e9tant d\u00e9j\u00e0 occup\u00e9 avant-hier, je m'en tiendrai \u00e0 une liste de pour\/contre rapide, histoire de gagner du temps\u00a0: Contre\u00a0: L'autofocus patine effectivement. Pas bien meilleur\u2026","rel":"","context":"Dans &quot;Alive&quot;","block_context":{"text":"Alive","link":"https:\/\/www.wallendorff.com\/belogue\/category\/alive\/"},"img":{"alt_text":"","src":"https:\/\/i0.wp.com\/www.wallendorff.com\/belogue\/wp-content\/uploads\/2015\/04\/200812191.jpg?resize=350%2C200&ssl=1","width":350,"height":200,"srcset":"https:\/\/i0.wp.com\/www.wallendorff.com\/belogue\/wp-content\/uploads\/2015\/04\/200812191.jpg?resize=350%2C200&ssl=1 1x, https:\/\/i0.wp.com\/www.wallendorff.com\/belogue\/wp-content\/uploads\/2015\/04\/200812191.jpg?resize=525%2C300&ssl=1 1.5x, https:\/\/i0.wp.com\/www.wallendorff.com\/belogue\/wp-content\/uploads\/2015\/04\/200812191.jpg?resize=700%2C400&ssl=1 2x"},"classes":[]},{"id":135080,"url":"https:\/\/www.wallendorff.com\/belogue\/2026\/01\/19\/piste-1\/","url_meta":{"origin":23417,"position":4},"title":"Piste 1.","author":"dpc","date":"19 janvier 2026","format":false,"excerpt":"Chantier de r\u00e9fection de la piste 1 de l'a\u00e9roport de Paris-Charles-de-Gaulle.\u00a0Merci aux \u00e9quipes ADP et Colas pour leur accueil.","rel":"","context":"Dans &quot;DPC&quot;","block_context":{"text":"DPC","link":"https:\/\/www.wallendorff.com\/belogue\/category\/dpc\/"},"img":{"alt_text":"","src":"https:\/\/i0.wp.com\/www.wallendorff.com\/belogue\/wp-content\/uploads\/2026\/01\/20260119-15.jpg?resize=350%2C200&ssl=1","width":350,"height":200,"srcset":"https:\/\/i0.wp.com\/www.wallendorff.com\/belogue\/wp-content\/uploads\/2026\/01\/20260119-15.jpg?resize=350%2C200&ssl=1 1x, https:\/\/i0.wp.com\/www.wallendorff.com\/belogue\/wp-content\/uploads\/2026\/01\/20260119-15.jpg?resize=525%2C300&ssl=1 1.5x, https:\/\/i0.wp.com\/www.wallendorff.com\/belogue\/wp-content\/uploads\/2026\/01\/20260119-15.jpg?resize=700%2C400&ssl=1 2x, https:\/\/i0.wp.com\/www.wallendorff.com\/belogue\/wp-content\/uploads\/2026\/01\/20260119-15.jpg?resize=1050%2C600&ssl=1 3x"},"classes":[]},{"id":129376,"url":"https:\/\/www.wallendorff.com\/belogue\/2024\/07\/22\/terminal-1-aeroport-de-paris-charles-de-gaulle-roissy-en-france-17-juillet-2024\/","url_meta":{"origin":23417,"position":5},"title":"Terminal 1 @ a\u00e9roport de Paris-Charles-de-Gaulle, Roissy-en-France, 17 juillet 2024.","author":"dpc","date":"22 juillet 2024","format":false,"excerpt":"","rel":"","context":"Dans &quot;Alive&quot;","block_context":{"text":"Alive","link":"https:\/\/www.wallendorff.com\/belogue\/category\/alive\/"},"img":{"alt_text":"","src":"https:\/\/i0.wp.com\/www.wallendorff.com\/belogue\/wp-content\/uploads\/2024\/07\/20240722-42.jpg?resize=350%2C200&ssl=1","width":350,"height":200,"srcset":"https:\/\/i0.wp.com\/www.wallendorff.com\/belogue\/wp-content\/uploads\/2024\/07\/20240722-42.jpg?resize=350%2C200&ssl=1 1x, https:\/\/i0.wp.com\/www.wallendorff.com\/belogue\/wp-content\/uploads\/2024\/07\/20240722-42.jpg?resize=525%2C300&ssl=1 1.5x, https:\/\/i0.wp.com\/www.wallendorff.com\/belogue\/wp-content\/uploads\/2024\/07\/20240722-42.jpg?resize=700%2C400&ssl=1 2x, https:\/\/i0.wp.com\/www.wallendorff.com\/belogue\/wp-content\/uploads\/2024\/07\/20240722-42.jpg?resize=1050%2C600&ssl=1 3x"},"classes":[]}],"_links":{"self":[{"href":"https:\/\/www.wallendorff.com\/belogue\/wp-json\/wp\/v2\/posts\/23417","targetHints":{"allow":["GET"]}}],"collection":[{"href":"https:\/\/www.wallendorff.com\/belogue\/wp-json\/wp\/v2\/posts"}],"about":[{"href":"https:\/\/www.wallendorff.com\/belogue\/wp-json\/wp\/v2\/types\/post"}],"author":[{"embeddable":true,"href":"https:\/\/www.wallendorff.com\/belogue\/wp-json\/wp\/v2\/users\/1"}],"replies":[{"embeddable":true,"href":"https:\/\/www.wallendorff.com\/belogue\/wp-json\/wp\/v2\/comments?post=23417"}],"version-history":[{"count":3,"href":"https:\/\/www.wallendorff.com\/belogue\/wp-json\/wp\/v2\/posts\/23417\/revisions"}],"predecessor-version":[{"id":23420,"href":"https:\/\/www.wallendorff.com\/belogue\/wp-json\/wp\/v2\/posts\/23417\/revisions\/23420"}],"wp:featuredmedia":[{"embeddable":true,"href":"https:\/\/www.wallendorff.com\/belogue\/wp-json\/wp\/v2\/media\/26854"}],"wp:attachment":[{"href":"https:\/\/www.wallendorff.com\/belogue\/wp-json\/wp\/v2\/media?parent=23417"}],"wp:term":[{"taxonomy":"category","embeddable":true,"href":"https:\/\/www.wallendorff.com\/belogue\/wp-json\/wp\/v2\/categories?post=23417"},{"taxonomy":"post_tag","embeddable":true,"href":"https:\/\/www.wallendorff.com\/belogue\/wp-json\/wp\/v2\/tags?post=23417"}],"curies":[{"name":"wp","href":"https:\/\/api.w.org\/{rel}","templated":true}]}}