{"id":23376,"date":"2014-09-25T11:59:28","date_gmt":"2014-09-25T09:59:28","guid":{"rendered":"http:\/\/www.wallendorff.com\/?p=23376"},"modified":"2015-06-25T15:52:59","modified_gmt":"2015-06-25T13:52:59","slug":"festival-soirs-dete-paris-8-juillet","status":"publish","type":"post","link":"https:\/\/www.wallendorff.com\/belogue\/2014\/09\/25\/festival-soirs-dete-paris-8-juillet\/","title":{"rendered":"Festival Soirs d&rsquo;\u00c9t\u00e9, Paris, 8 juillet."},"content":{"rendered":"\n<div id=\"photo\">\n<p><img decoding=\"async\" src=\"https:\/\/www.wallendorff.com\/belogue\/photo\/2014\/09\/20140924.jpg\"><\/p>\n<\/p><\/div>\n<p style=\"text-align:right\">Une soir&eacute;e marqu&eacute;e par 4 artistes qui tabassent et un set de tennis perdu par des Br&eacute;siliens en larmes, puis oubli&eacute;e dans un coin de disque dur entre des Eurock&eacute;ennes et un Pal&eacute;o qui lui ont vol&eacute; la vedette.<\/p>\n<p style=\"text-align:right\">&laquo;&nbsp;Vieux motard que j&rsquo;aimais&nbsp;&raquo;, comme on dit dans le Poitou.<\/p>ngg_shortcode_0_placeholder<p style=\"text-align:right\">&nbsp; <\/p>\n","protected":false},"excerpt":{"rendered":"<p>Une soir&eacute;e marqu&eacute;e par 4 artistes qui tabassent et un set de tennis perdu par des Br&eacute;siliens en larmes, puis oubli&eacute;e dans un coin de disque dur entre des Eurock&eacute;ennes et un Pal&eacute;o qui lui ont vol&eacute; la vedette. &laquo;&nbsp;Vieux motard que j&rsquo;aimais&nbsp;&raquo;, comme on dit dans le Poitou. &nbsp;<\/p>\n","protected":false},"author":1,"featured_media":26845,"comment_status":"open","ping_status":"open","sticky":false,"template":"","format":"standard","meta":{"_acf_changed":false,"ngg_post_thumbnail":0,"jetpack_post_was_ever_published":false,"_jetpack_newsletter_access":"","_jetpack_dont_email_post_to_subs":false,"_jetpack_newsletter_tier_id":0,"_jetpack_memberships_contains_paywalled_content":false,"_jetpack_memberships_contains_paid_content":false,"footnotes":"","jetpack_publicize_message":"","jetpack_publicize_feature_enabled":true,"jetpack_social_post_already_shared":false,"jetpack_social_options":{"image_generator_settings":{"template":"highway","default_image_id":0,"font":"","enabled":false},"version":2}},"categories":[7],"tags":[11810,10336,10267,10183,10084,8170,181,6766,8351,11003,10136,9283,10120,10121,12123,11767,11964,10098,10381,12121,12122],"class_list":["post-23376","post","type-post","status-publish","format-standard","has-post-thumbnail","hentry","category-alive","tag-11810","tag-10336","tag-10267","tag-10183","tag-alive","tag-ef-24-70-mm-f2-8l-ii-usm","tag-ef-70-200-mm-f28l-usm","tag-eos-5d-mark-iii","tag-eos-6d","tag-eugene-mcguinness","tag-festival","tag-first-mind","tag-france","tag-ile-de-france","tag-john-butler-trio","tag-kodaline","tag-nick-mulvey","tag-paris","tag-place-de-la-republique","tag-soirs-dete","tag-soirs-dete-2014"],"acf":[],"geo":{"latitude":48.8676147,"longitude":2.3639488,"description":"Paris 03, \u00cele-de-France, 75003, FR"},"jetpack_publicize_connections":[],"jetpack_featured_media_url":"https:\/\/www.wallendorff.com\/belogue\/wp-content\/uploads\/2015\/04\/201409241.jpg","jetpack_shortlink":"https:\/\/wp.me\/p3b35P-652","jetpack_sharing_enabled":true,"jetpack-related-posts":[{"id":27832,"url":"https:\/\/www.wallendorff.com\/belogue\/2015\/06\/26\/oui-fm-festival-jour-3\/","url_meta":{"origin":23376,"position":0},"title":"O\u00fci FM Festival, jour 3.","author":"dpc","date":"26 juin 2015","format":false,"excerpt":"","rel":"","context":"Dans &quot;Alive&quot;","block_context":{"text":"Alive","link":"https:\/\/www.wallendorff.com\/belogue\/category\/alive\/"},"img":{"alt_text":"","src":"https:\/\/i0.wp.com\/www.wallendorff.com\/belogue\/wp-content\/uploads\/2015\/06\/20150626-291.jpg?resize=350%2C200&ssl=1","width":350,"height":200,"srcset":"https:\/\/i0.wp.com\/www.wallendorff.com\/belogue\/wp-content\/uploads\/2015\/06\/20150626-291.jpg?resize=350%2C200&ssl=1 1x, https:\/\/i0.wp.com\/www.wallendorff.com\/belogue\/wp-content\/uploads\/2015\/06\/20150626-291.jpg?resize=525%2C300&ssl=1 1.5x, https:\/\/i0.wp.com\/www.wallendorff.com\/belogue\/wp-content\/uploads\/2015\/06\/20150626-291.jpg?resize=700%2C400&ssl=1 2x"},"classes":[]},{"id":27800,"url":"https:\/\/www.wallendorff.com\/belogue\/2015\/06\/25\/oui-fm-festival-jour-2\/","url_meta":{"origin":23376,"position":1},"title":"O\u00fci FM Festival, jour 2.","author":"dpc","date":"25 juin 2015","format":false,"excerpt":"Eighty-Four The Strypes","rel":"","context":"Dans &quot;Alive&quot;","block_context":{"text":"Alive","link":"https:\/\/www.wallendorff.com\/belogue\/category\/alive\/"},"img":{"alt_text":"","src":"https:\/\/i0.wp.com\/www.wallendorff.com\/belogue\/wp-content\/uploads\/2015\/06\/20150625-021.jpg?resize=350%2C200&ssl=1","width":350,"height":200,"srcset":"https:\/\/i0.wp.com\/www.wallendorff.com\/belogue\/wp-content\/uploads\/2015\/06\/20150625-021.jpg?resize=350%2C200&ssl=1 1x, https:\/\/i0.wp.com\/www.wallendorff.com\/belogue\/wp-content\/uploads\/2015\/06\/20150625-021.jpg?resize=525%2C300&ssl=1 1.5x, https:\/\/i0.wp.com\/www.wallendorff.com\/belogue\/wp-content\/uploads\/2015\/06\/20150625-021.jpg?resize=700%2C400&ssl=1 2x"},"classes":[]},{"id":27788,"url":"https:\/\/www.wallendorff.com\/belogue\/2015\/06\/24\/oui-fm-festival-jour-1\/","url_meta":{"origin":23376,"position":2},"title":"O\u00fci FM Festival, jour 1.","author":"dpc","date":"24 juin 2015","format":false,"excerpt":"Lock All the Doors Noel Gallagher's High Flying Birds","rel":"","context":"Dans &quot;Alive&quot;","block_context":{"text":"Alive","link":"https:\/\/www.wallendorff.com\/belogue\/category\/alive\/"},"img":{"alt_text":"","src":"https:\/\/i0.wp.com\/www.wallendorff.com\/belogue\/wp-content\/uploads\/2015\/06\/20150624-301.jpg?resize=350%2C200&ssl=1","width":350,"height":200,"srcset":"https:\/\/i0.wp.com\/www.wallendorff.com\/belogue\/wp-content\/uploads\/2015\/06\/20150624-301.jpg?resize=350%2C200&ssl=1 1x, https:\/\/i0.wp.com\/www.wallendorff.com\/belogue\/wp-content\/uploads\/2015\/06\/20150624-301.jpg?resize=525%2C300&ssl=1 1.5x, https:\/\/i0.wp.com\/www.wallendorff.com\/belogue\/wp-content\/uploads\/2015\/06\/20150624-301.jpg?resize=700%2C400&ssl=1 2x"},"classes":[]},{"id":3560,"url":"https:\/\/www.wallendorff.com\/belogue\/2008\/11\/06\/the-pigeon-detectives-le-trabendo-paris\/","url_meta":{"origin":23376,"position":3},"title":"The Pigeon Detectives @ le Trabendo, Paris.","author":"dpc","date":"6 novembre 2008","format":false,"excerpt":"The White Stripes \u2013 I Can't Wait Cette photo est donc plus ou moins la seule viable de la soir\u00e9e d'hier. Y'a quand m\u00eame des soirs o\u00f9 c'est dur, la vie de photographeur de rock star. [Pour le reste les Pigeons d\u00e9foncent, c'\u00e9tait une d\u00e9couverte sc\u00e9nique pour moi et \u00e7a\u2026","rel":"","context":"Dans &quot;Alive&quot;","block_context":{"text":"Alive","link":"https:\/\/www.wallendorff.com\/belogue\/category\/alive\/"},"img":{"alt_text":"","src":"https:\/\/i0.wp.com\/www.wallendorff.com\/belogue\/wp-content\/uploads\/2015\/04\/200811061.jpg?resize=350%2C200&ssl=1","width":350,"height":200,"srcset":"https:\/\/i0.wp.com\/www.wallendorff.com\/belogue\/wp-content\/uploads\/2015\/04\/200811061.jpg?resize=350%2C200&ssl=1 1x, https:\/\/i0.wp.com\/www.wallendorff.com\/belogue\/wp-content\/uploads\/2015\/04\/200811061.jpg?resize=525%2C300&ssl=1 1.5x, https:\/\/i0.wp.com\/www.wallendorff.com\/belogue\/wp-content\/uploads\/2015\/04\/200811061.jpg?resize=700%2C400&ssl=1 2x"},"classes":[]},{"id":1227,"url":"https:\/\/www.wallendorff.com\/belogue\/2008\/05\/15\/fous-comme-les-soirs\/","url_meta":{"origin":23376,"position":4},"title":"Fous comme les soirs.","author":"dpc","date":"15 mai 2008","format":false,"excerpt":"Akershus park, Oslo, 1er avril. \u00c7a me fait penser que j'ai oubli\u00e9 de faire de la pub pour ce fin accordeur de bande-son. Allez-y, il m\u00e9rite. \u00a0Eddie Vedder \u2013 The Wolf","rel":"","context":"Dans &quot;DPC&quot;","block_context":{"text":"DPC","link":"https:\/\/www.wallendorff.com\/belogue\/category\/dpc\/"},"img":{"alt_text":"","src":"https:\/\/i0.wp.com\/www.wallendorff.com\/belogue\/wp-content\/uploads\/2015\/04\/200805151.jpg?resize=350%2C200&ssl=1","width":350,"height":200,"srcset":"https:\/\/i0.wp.com\/www.wallendorff.com\/belogue\/wp-content\/uploads\/2015\/04\/200805151.jpg?resize=350%2C200&ssl=1 1x, https:\/\/i0.wp.com\/www.wallendorff.com\/belogue\/wp-content\/uploads\/2015\/04\/200805151.jpg?resize=525%2C300&ssl=1 1.5x, https:\/\/i0.wp.com\/www.wallendorff.com\/belogue\/wp-content\/uploads\/2015\/04\/200805151.jpg?resize=700%2C400&ssl=1 2x"},"classes":[]},{"id":10962,"url":"https:\/\/www.wallendorff.com\/belogue\/2010\/12\/26\/2010en-1\/","url_meta":{"origin":23376,"position":5},"title":"2010 en&#8230; #1.","author":"dpc","date":"26 d\u00e9cembre 2010","format":false,"excerpt":"[Merci \u00e0 Marion Ruszniewski et Michela Cuccagna pour l'inestimable aide apport\u00e9e durant l'\u00e9laboration de cette \u0152uvre po\u00e9tique.] pr\u00e9sente 2011 en 5 horreurs musicales radiodiffus\u00e9es [C'est quand m\u00eame fou de voir que chaque ann\u00e9e, c'est dans ce classement-l\u00e0 et nulle part ailleurs que l'on voit se presser le plus d'artistes francophones.]\u2026","rel":"","context":"Dans &quot;DPC&quot;","block_context":{"text":"DPC","link":"https:\/\/www.wallendorff.com\/belogue\/category\/dpc\/"},"img":{"alt_text":"","src":"https:\/\/i0.wp.com\/www.wallendorff.com\/belogue\/wp-content\/uploads\/2015\/04\/201012261.jpg?resize=350%2C200&ssl=1","width":350,"height":200},"classes":[]}],"_links":{"self":[{"href":"https:\/\/www.wallendorff.com\/belogue\/wp-json\/wp\/v2\/posts\/23376","targetHints":{"allow":["GET"]}}],"collection":[{"href":"https:\/\/www.wallendorff.com\/belogue\/wp-json\/wp\/v2\/posts"}],"about":[{"href":"https:\/\/www.wallendorff.com\/belogue\/wp-json\/wp\/v2\/types\/post"}],"author":[{"embeddable":true,"href":"https:\/\/www.wallendorff.com\/belogue\/wp-json\/wp\/v2\/users\/1"}],"replies":[{"embeddable":true,"href":"https:\/\/www.wallendorff.com\/belogue\/wp-json\/wp\/v2\/comments?post=23376"}],"version-history":[{"count":9,"href":"https:\/\/www.wallendorff.com\/belogue\/wp-json\/wp\/v2\/posts\/23376\/revisions"}],"predecessor-version":[{"id":23721,"href":"https:\/\/www.wallendorff.com\/belogue\/wp-json\/wp\/v2\/posts\/23376\/revisions\/23721"}],"wp:featuredmedia":[{"embeddable":true,"href":"https:\/\/www.wallendorff.com\/belogue\/wp-json\/wp\/v2\/media\/26845"}],"wp:attachment":[{"href":"https:\/\/www.wallendorff.com\/belogue\/wp-json\/wp\/v2\/media?parent=23376"}],"wp:term":[{"taxonomy":"category","embeddable":true,"href":"https:\/\/www.wallendorff.com\/belogue\/wp-json\/wp\/v2\/categories?post=23376"},{"taxonomy":"post_tag","embeddable":true,"href":"https:\/\/www.wallendorff.com\/belogue\/wp-json\/wp\/v2\/tags?post=23376"}],"curies":[{"name":"wp","href":"https:\/\/api.w.org\/{rel}","templated":true}]}}