{"id":23360,"date":"2014-09-17T16:21:16","date_gmt":"2014-09-17T14:21:16","guid":{"rendered":"http:\/\/www.wallendorff.com\/?p=23360"},"modified":"2014-12-29T16:49:31","modified_gmt":"2014-12-29T14:49:31","slug":"nez-sous-x","status":"publish","type":"post","link":"https:\/\/www.wallendorff.com\/belogue\/2014\/09\/17\/nez-sous-x\/","title":{"rendered":"Nez sous X."},"content":{"rendered":"\n<div id=\"photo\">\n<p><img decoding=\"async\" src=\"https:\/\/www.wallendorff.com\/belogue\/photo\/2014\/09\/20140917.jpg\"><br \/>\nPalais Ferstel, Vienne, 21 juin.<\/p>\n<\/p><\/div>\n<p style=\"text-align:right\">[On avait <a href=\"https:\/\/www.wallendorff.com\/belogue\/2010\/03\/15\/helice-in-wonderland\/\">dit<\/a><br \/>\net <a href=\"https:\/\/www.wallendorff.com\/belogue\/2010\/03\/23\/will-i-follow-you-down-the-line\/\">redit<\/a><br \/>\net <a href=\"https:\/\/www.wallendorff.com\/belogue\/2010\/06\/11\/seize-chiants-choix-sentent-quatres\/\">reredit<\/a><br \/>\net <a href=\"https:\/\/www.wallendorff.com\/belogue\/2010\/11\/23\/de-pire-en-spires\/\">rereredit<\/a><br \/>\net <a href=\"https:\/\/www.wallendorff.com\/belogue\/2010\/11\/28\/du-hall-denomme\/\">rerereredit<\/a><br \/>\net <a href=\"https:\/\/www.wallendorff.com\/belogue\/2011\/11\/22\/dhaut-rez-mis-facile-a-sol\/\">rererereredit<\/a><br \/>\net <a href=\"https:\/\/www.wallendorff.com\/belogue\/2012\/12\/20\/tu-hisses-trois-cintres-au-pied\/\">rerererereredit<\/a><br \/>\nqu&rsquo;il fallait que j&rsquo;arr&ecirc;te avec les escaliers vides.]<\/p>\n<div id=\"bandeson\">\n<p><img decoding=\"async\" src=\"https:\/\/www.wallendorff.com\/belogue\/photo\/pochettes\/i\/interpol-el_pintor.jpg\" align=\"left\" \/><a style=\"font-weight:normal\" id=\"lienmp3\" href=\"http:\/\/www.youtube.com\/watch?v=Tvps8ZlkLRw\"><em>Breaker 1<\/em><\/a><br \/>\n<a href=\"http:\/\/www.interpolnyc.com\/\">Interpol<\/a><\/p>\n<\/p><\/div>\n","protected":false},"excerpt":{"rendered":"<p>Palais Ferstel, Vienne, 21 juin. [On avait dit et redit et reredit et rereredit et rerereredit et rererereredit et rerererereredit qu&rsquo;il fallait que j&rsquo;arr&ecirc;te avec les escaliers vides.] Breaker 1 Interpol<\/p>\n","protected":false},"author":1,"featured_media":26847,"comment_status":"open","ping_status":"open","sticky":false,"template":"","format":"standard","meta":{"_acf_changed":false,"ngg_post_thumbnail":0,"jetpack_post_was_ever_published":false,"_jetpack_newsletter_access":"","_jetpack_dont_email_post_to_subs":false,"_jetpack_newsletter_tier_id":0,"_jetpack_memberships_contains_paywalled_content":false,"_jetpack_memberships_contains_paid_content":false,"footnotes":"","jetpack_publicize_message":"","jetpack_publicize_feature_enabled":true,"jetpack_social_post_already_shared":false,"jetpack_social_options":{"image_generator_settings":{"template":"highway","default_image_id":0,"font":"","enabled":false},"version":2}},"categories":[3],"tags":[12059,8905,8351,10500,9284,10210,8901,10111,143,12075,8243,10674,12074,12060],"class_list":["post-23360","post","type-post","status-publish","format-standard","has-post-thumbnail","hentry","category-dpc","tag-autriche","tag-breaker-1","tag-eos-6d","tag-contre-plongee","tag-el-pintor","tag-escalier","tag-innere-stadt","tag-interpol","tag-noir-et-blanc","tag-palais-ferstel","tag-sigma-15-mm-f2-8-ex-dg-diagonal-fish-eye","tag-spirale","tag-strauchgasse","tag-vienne"],"acf":[],"geo":{"latitude":48.2108192,"longitude":16.3654289,"description":"Wien,Innere Stadt, Wien, 1010, AT"},"jetpack_publicize_connections":[],"jetpack_featured_media_url":"https:\/\/www.wallendorff.com\/belogue\/wp-content\/uploads\/2015\/04\/201409171.jpg","jetpack_shortlink":"https:\/\/wp.me\/p3b35P-64M","jetpack_sharing_enabled":true,"jetpack-related-posts":[{"id":37309,"url":"https:\/\/www.wallendorff.com\/belogue\/2018\/02\/22\/into-the-wide-134\/","url_meta":{"origin":23360,"position":0},"title":"Into the wide #134.","author":"dpc","date":"22 f\u00e9vrier 2018","format":false,"excerpt":"Palais Ferstel, Vienne, 9 d\u00e9cembre 2017. Carried from the Start Black Rebel Motorcycle Club","rel":"","context":"Dans &quot;Into the wide&quot;","block_context":{"text":"Into the wide","link":"https:\/\/www.wallendorff.com\/belogue\/category\/into-the-wide\/"},"img":{"alt_text":"Palais Ferstel, Vienne, 9 d&eacute;cembre 2017.","src":"https:\/\/i0.wp.com\/www.wallendorff.com\/belogue\/wp-content\/uploads\/2018\/02\/20180222.jpg?resize=350%2C200&ssl=1","width":350,"height":200,"srcset":"https:\/\/i0.wp.com\/www.wallendorff.com\/belogue\/wp-content\/uploads\/2018\/02\/20180222.jpg?resize=350%2C200&ssl=1 1x, https:\/\/i0.wp.com\/www.wallendorff.com\/belogue\/wp-content\/uploads\/2018\/02\/20180222.jpg?resize=525%2C300&ssl=1 1.5x, https:\/\/i0.wp.com\/www.wallendorff.com\/belogue\/wp-content\/uploads\/2018\/02\/20180222.jpg?resize=700%2C400&ssl=1 2x, https:\/\/i0.wp.com\/www.wallendorff.com\/belogue\/wp-content\/uploads\/2018\/02\/20180222.jpg?resize=1050%2C600&ssl=1 3x"},"classes":[]},{"id":49735,"url":"https:\/\/www.wallendorff.com\/belogue\/2021\/10\/06\/into-the-wide-230\/","url_meta":{"origin":23360,"position":1},"title":"Into the wide #230.","author":"dpc","date":"6 octobre 2021","format":false,"excerpt":"Palais Ferstel, Vienne, 26 juin 2021. Sweetheart Coach Party\u00a0","rel":"","context":"Dans &quot;Into the wide&quot;","block_context":{"text":"Into the wide","link":"https:\/\/www.wallendorff.com\/belogue\/category\/into-the-wide\/"},"img":{"alt_text":"","src":"https:\/\/i0.wp.com\/www.wallendorff.com\/belogue\/wp-content\/uploads\/2021\/10\/20211006.jpg?resize=350%2C200&ssl=1","width":350,"height":200,"srcset":"https:\/\/i0.wp.com\/www.wallendorff.com\/belogue\/wp-content\/uploads\/2021\/10\/20211006.jpg?resize=350%2C200&ssl=1 1x, https:\/\/i0.wp.com\/www.wallendorff.com\/belogue\/wp-content\/uploads\/2021\/10\/20211006.jpg?resize=525%2C300&ssl=1 1.5x, https:\/\/i0.wp.com\/www.wallendorff.com\/belogue\/wp-content\/uploads\/2021\/10\/20211006.jpg?resize=700%2C400&ssl=1 2x"},"classes":[]},{"id":63880,"url":"https:\/\/www.wallendorff.com\/belogue\/2023\/02\/04\/frohe-weihnachten-wien-i\/","url_meta":{"origin":23360,"position":2},"title":"Frohe Weihnachten Wien [I].","author":"dpc","date":"4 f\u00e9vrier 2023","format":false,"excerpt":"","rel":"","context":"Dans &quot;DPC&quot;","block_context":{"text":"DPC","link":"https:\/\/www.wallendorff.com\/belogue\/category\/dpc\/"},"img":{"alt_text":"","src":"https:\/\/i0.wp.com\/www.wallendorff.com\/belogue\/wp-content\/uploads\/2023\/02\/20230204-20.jpg?resize=350%2C200&ssl=1","width":350,"height":200,"srcset":"https:\/\/i0.wp.com\/www.wallendorff.com\/belogue\/wp-content\/uploads\/2023\/02\/20230204-20.jpg?resize=350%2C200&ssl=1 1x, https:\/\/i0.wp.com\/www.wallendorff.com\/belogue\/wp-content\/uploads\/2023\/02\/20230204-20.jpg?resize=525%2C300&ssl=1 1.5x, https:\/\/i0.wp.com\/www.wallendorff.com\/belogue\/wp-content\/uploads\/2023\/02\/20230204-20.jpg?resize=700%2C400&ssl=1 2x, https:\/\/i0.wp.com\/www.wallendorff.com\/belogue\/wp-content\/uploads\/2023\/02\/20230204-20.jpg?resize=1050%2C600&ssl=1 3x"},"classes":[]},{"id":49685,"url":"https:\/\/www.wallendorff.com\/belogue\/2021\/09\/29\/servus-wien-4\/","url_meta":{"origin":23360,"position":3},"title":"Servus Wien.","author":"dpc","date":"29 septembre 2021","format":false,"excerpt":"","rel":"","context":"Dans &quot;DPC&quot;","block_context":{"text":"DPC","link":"https:\/\/www.wallendorff.com\/belogue\/category\/dpc\/"},"img":{"alt_text":"","src":"https:\/\/i0.wp.com\/www.wallendorff.com\/belogue\/wp-content\/uploads\/2021\/09\/20210930-31.jpg?resize=350%2C200&ssl=1","width":350,"height":200,"srcset":"https:\/\/i0.wp.com\/www.wallendorff.com\/belogue\/wp-content\/uploads\/2021\/09\/20210930-31.jpg?resize=350%2C200&ssl=1 1x, https:\/\/i0.wp.com\/www.wallendorff.com\/belogue\/wp-content\/uploads\/2021\/09\/20210930-31.jpg?resize=525%2C300&ssl=1 1.5x, https:\/\/i0.wp.com\/www.wallendorff.com\/belogue\/wp-content\/uploads\/2021\/09\/20210930-31.jpg?resize=700%2C400&ssl=1 2x, https:\/\/i0.wp.com\/www.wallendorff.com\/belogue\/wp-content\/uploads\/2021\/09\/20210930-31.jpg?resize=1050%2C600&ssl=1 3x"},"classes":[]},{"id":23206,"url":"https:\/\/www.wallendorff.com\/belogue\/2014\/06\/30\/juin-2014\/","url_meta":{"origin":23360,"position":4},"title":"Juin 2014.","author":"dpc","date":"30 juin 2014","format":false,"excerpt":"Une ruine, un di\u0161que, un concert qui commence mal [et qui finit bien], un anniversaire, un train, une expo-anniversaire, un vieux moulin, des minions [par millions], un avion, une nouvelle ville, une gr\u00e8ve, des retrouvailles, un festival, un blind-test et 4\u00a0185\u00a0km de plus au compteur. Juin 2014. 5 titres Harold\u2026","rel":"","context":"Dans &quot;Blog-note&quot;","block_context":{"text":"Blog-note","link":"https:\/\/www.wallendorff.com\/belogue\/category\/blog-note\/"},"img":{"alt_text":"","src":"https:\/\/i0.wp.com\/www.wallendorff.com\/belogue\/wp-content\/uploads\/2015\/04\/20140718-151.jpg?resize=350%2C200&ssl=1","width":350,"height":200,"srcset":"https:\/\/i0.wp.com\/www.wallendorff.com\/belogue\/wp-content\/uploads\/2015\/04\/20140718-151.jpg?resize=350%2C200&ssl=1 1x, https:\/\/i0.wp.com\/www.wallendorff.com\/belogue\/wp-content\/uploads\/2015\/04\/20140718-151.jpg?resize=525%2C300&ssl=1 1.5x"},"classes":[]},{"id":30419,"url":"https:\/\/www.wallendorff.com\/belogue\/2016\/02\/29\/fevrier-2016\/","url_meta":{"origin":23360,"position":5},"title":"F\u00e9vrier 2016.","author":"dpc","date":"29 f\u00e9vrier 2016","format":false,"excerpt":"Un coucher de soleil, une abbaye, une fen\u00eatre, une nef, un clo\u00eetre, une vo\u00fbte, un portrait flou, un num\u00e9ro, un RER, un avion, un S-bahn, un tramway, une \u00e9glise, une fontaine, un caf\u00e9, des coins-coins, une universit\u00e9, un cr\u00e9puscule, une librairie, une clope, un caf\u00e9, un compositeur, une imp\u00e9ratrice, un\u2026","rel":"","context":"Dans &quot;Blog-note&quot;","block_context":{"text":"Blog-note","link":"https:\/\/www.wallendorff.com\/belogue\/category\/blog-note\/"},"img":{"alt_text":"","src":"https:\/\/i0.wp.com\/www.wallendorff.com\/belogue\/wp-content\/uploads\/2016\/03\/20160315-23.jpg?resize=350%2C200&ssl=1","width":350,"height":200,"srcset":"https:\/\/i0.wp.com\/www.wallendorff.com\/belogue\/wp-content\/uploads\/2016\/03\/20160315-23.jpg?resize=350%2C200&ssl=1 1x, https:\/\/i0.wp.com\/www.wallendorff.com\/belogue\/wp-content\/uploads\/2016\/03\/20160315-23.jpg?resize=525%2C300&ssl=1 1.5x, https:\/\/i0.wp.com\/www.wallendorff.com\/belogue\/wp-content\/uploads\/2016\/03\/20160315-23.jpg?resize=700%2C400&ssl=1 2x"},"classes":[]}],"_links":{"self":[{"href":"https:\/\/www.wallendorff.com\/belogue\/wp-json\/wp\/v2\/posts\/23360","targetHints":{"allow":["GET"]}}],"collection":[{"href":"https:\/\/www.wallendorff.com\/belogue\/wp-json\/wp\/v2\/posts"}],"about":[{"href":"https:\/\/www.wallendorff.com\/belogue\/wp-json\/wp\/v2\/types\/post"}],"author":[{"embeddable":true,"href":"https:\/\/www.wallendorff.com\/belogue\/wp-json\/wp\/v2\/users\/1"}],"replies":[{"embeddable":true,"href":"https:\/\/www.wallendorff.com\/belogue\/wp-json\/wp\/v2\/comments?post=23360"}],"version-history":[{"count":4,"href":"https:\/\/www.wallendorff.com\/belogue\/wp-json\/wp\/v2\/posts\/23360\/revisions"}],"predecessor-version":[{"id":23727,"href":"https:\/\/www.wallendorff.com\/belogue\/wp-json\/wp\/v2\/posts\/23360\/revisions\/23727"}],"wp:featuredmedia":[{"embeddable":true,"href":"https:\/\/www.wallendorff.com\/belogue\/wp-json\/wp\/v2\/media\/26847"}],"wp:attachment":[{"href":"https:\/\/www.wallendorff.com\/belogue\/wp-json\/wp\/v2\/media?parent=23360"}],"wp:term":[{"taxonomy":"category","embeddable":true,"href":"https:\/\/www.wallendorff.com\/belogue\/wp-json\/wp\/v2\/categories?post=23360"},{"taxonomy":"post_tag","embeddable":true,"href":"https:\/\/www.wallendorff.com\/belogue\/wp-json\/wp\/v2\/tags?post=23360"}],"curies":[{"name":"wp","href":"https:\/\/api.w.org\/{rel}","templated":true}]}}