{"id":23306,"date":"2014-08-26T11:19:46","date_gmt":"2014-08-26T09:19:46","guid":{"rendered":"http:\/\/www.wallendorff.com\/?p=23306"},"modified":"2014-12-29T16:18:12","modified_gmt":"2014-12-29T14:18:12","slug":"rock-en-seine-2014-jour-1","status":"publish","type":"post","link":"https:\/\/www.wallendorff.com\/belogue\/2014\/08\/26\/rock-en-seine-2014-jour-1\/","title":{"rendered":"Rock en Seine 2014, jour 1."},"content":{"rendered":"\n<div id=\"photo\">\n<p><img decoding=\"async\" src=\"https:\/\/www.wallendorff.com\/belogue\/photo\/2014\/08\/20140826.jpg\"><\/p>\n<\/p><\/div>\n<p style=\"text-align:right\">Pour le reste des photos, suivre <a href=\"https:\/\/www.wallendorff.com\/belogue\/tag\/rock-en-seine-2014\">ce lien<\/a>.<\/p>\n<div id=\"bandeson\">\n<p><img decoding=\"async\" src=\"https:\/\/www.wallendorff.com\/belogue\/photo\/pochettes\/r\/royal_blood-royal_blood.jpg\" align=\"left\" \/><a style=\"font-weight:normal\" id=\"lienmp3\" href=\"http:\/\/www.youtube.com\/watch?v=jhgVu2lsi_k\"><em>Figure It Out<\/em><\/a><br \/>\n<a href=\"http:\/\/www.royalbloodband.com\/\">Royal Blood<\/a><\/p>\n<\/p><\/div>ngg_shortcode_0_placeholder<p>&nbsp;<\/p>\n","protected":false},"excerpt":{"rendered":"<p>Pour le reste des photos, suivre ce lien. Figure It Out Royal Blood &nbsp;<\/p>\n","protected":false},"author":1,"featured_media":26839,"comment_status":"open","ping_status":"open","sticky":false,"template":"","format":"standard","meta":{"_acf_changed":false,"ngg_post_thumbnail":0,"jetpack_post_was_ever_published":false,"_jetpack_newsletter_access":"","_jetpack_dont_email_post_to_subs":false,"_jetpack_newsletter_tier_id":0,"_jetpack_memberships_contains_paywalled_content":false,"_jetpack_memberships_contains_paid_content":false,"footnotes":"","jetpack_publicize_message":"","jetpack_publicize_feature_enabled":true,"jetpack_social_post_already_shared":false,"jetpack_social_options":{"image_generator_settings":{"template":"highway","default_image_id":0,"font":"","enabled":false},"version":2}},"categories":[7],"tags":[11810,10084,10367,8170,181,6766,8351,10762,10581,10136,8891,10120,10353,10135,10133,12128,12129,9281,10570,8243,10228],"class_list":["post-23306","post","type-post","status-publish","format-standard","has-post-thumbnail","hentry","category-alive","tag-11810","tag-alive","tag-arctic-monkeys","tag-ef-24-70-mm-f2-8l-ii-usm","tag-ef-70-200-mm-f28l-usm","tag-eos-5d-mark-iii","tag-eos-6d","tag-crystal-fighters","tag-domaine-national-de-saint-cloud","tag-festival","tag-figure-it-out","tag-france","tag-hauts-de-seine","tag-public","tag-rock-en-seine","tag-rock-en-seine-2014","tag-royal-blood","tag-royal-blood-album","tag-saint-cloud","tag-sigma-15-mm-f2-8-ex-dg-diagonal-fish-eye","tag-the-hives"],"acf":[],"geo":{"latitude":48.8313904,"longitude":2.2213197,"description":"Parc de Saint-Cloud, 92210 Saint-Cloud, France"},"jetpack_publicize_connections":[],"jetpack_featured_media_url":"https:\/\/www.wallendorff.com\/belogue\/wp-content\/uploads\/2015\/04\/201408261.jpg","jetpack_shortlink":"https:\/\/wp.me\/p3b35P-63U","jetpack_sharing_enabled":true,"jetpack-related-posts":[{"id":23331,"url":"https:\/\/www.wallendorff.com\/belogue\/2014\/08\/28\/rock-en-seine-2014-jour-3\/","url_meta":{"origin":23306,"position":0},"title":"Rock en Seine 2014, jour 3.","author":"dpc","date":"28 ao\u00fbt 2014","format":false,"excerpt":"Pour le reste des photos, suivre ce lien. Speech Coma Blood Red Shoes \u00a0","rel":"","context":"Dans &quot;Alive&quot;","block_context":{"text":"Alive","link":"https:\/\/www.wallendorff.com\/belogue\/category\/alive\/"},"img":{"alt_text":"","src":"https:\/\/i0.wp.com\/www.wallendorff.com\/belogue\/wp-content\/uploads\/2015\/04\/201408282.jpg?resize=350%2C200&ssl=1","width":350,"height":200,"srcset":"https:\/\/i0.wp.com\/www.wallendorff.com\/belogue\/wp-content\/uploads\/2015\/04\/201408282.jpg?resize=350%2C200&ssl=1 1x, https:\/\/i0.wp.com\/www.wallendorff.com\/belogue\/wp-content\/uploads\/2015\/04\/201408282.jpg?resize=525%2C300&ssl=1 1.5x, https:\/\/i0.wp.com\/www.wallendorff.com\/belogue\/wp-content\/uploads\/2015\/04\/201408282.jpg?resize=700%2C400&ssl=1 2x"},"classes":[]},{"id":21507,"url":"https:\/\/www.wallendorff.com\/belogue\/2013\/08\/28\/rock-en-seine-2013-jour-2\/","url_meta":{"origin":23306,"position":1},"title":"Rock en Seine 2013, jour 2.","author":"dpc","date":"28 ao\u00fbt 2013","format":false,"excerpt":"La meilleure journ\u00e9e du week-end. L'ensemble des trois jours est sous ce lien. \u00a0","rel":"","context":"Dans &quot;Alive&quot;","block_context":{"text":"Alive","link":"https:\/\/www.wallendorff.com\/belogue\/category\/alive\/"},"img":{"alt_text":"","src":"https:\/\/i0.wp.com\/www.wallendorff.com\/belogue\/wp-content\/uploads\/2015\/04\/201308281.jpg?resize=350%2C200&ssl=1","width":350,"height":200,"srcset":"https:\/\/i0.wp.com\/www.wallendorff.com\/belogue\/wp-content\/uploads\/2015\/04\/201308281.jpg?resize=350%2C200&ssl=1 1x, https:\/\/i0.wp.com\/www.wallendorff.com\/belogue\/wp-content\/uploads\/2015\/04\/201308281.jpg?resize=525%2C300&ssl=1 1.5x, https:\/\/i0.wp.com\/www.wallendorff.com\/belogue\/wp-content\/uploads\/2015\/04\/201308281.jpg?resize=700%2C400&ssl=1 2x"},"classes":[]},{"id":53440,"url":"https:\/\/www.wallendorff.com\/belogue\/2022\/10\/31\/rock-en-seine-saint-cloud-27-aout-2022\/","url_meta":{"origin":23306,"position":2},"title":"Rock en Seine, Saint-Cloud, 27 ao\u00fbt 2022.","author":"dpc","date":"31 octobre 2022","format":false,"excerpt":"","rel":"","context":"Dans &quot;Alive&quot;","block_context":{"text":"Alive","link":"https:\/\/www.wallendorff.com\/belogue\/category\/alive\/"},"img":{"alt_text":"","src":"https:\/\/i0.wp.com\/www.wallendorff.com\/belogue\/wp-content\/uploads\/2022\/10\/20221031-20.jpg?resize=350%2C200&ssl=1","width":350,"height":200,"srcset":"https:\/\/i0.wp.com\/www.wallendorff.com\/belogue\/wp-content\/uploads\/2022\/10\/20221031-20.jpg?resize=350%2C200&ssl=1 1x, https:\/\/i0.wp.com\/www.wallendorff.com\/belogue\/wp-content\/uploads\/2022\/10\/20221031-20.jpg?resize=525%2C300&ssl=1 1.5x, https:\/\/i0.wp.com\/www.wallendorff.com\/belogue\/wp-content\/uploads\/2022\/10\/20221031-20.jpg?resize=700%2C400&ssl=1 2x, https:\/\/i0.wp.com\/www.wallendorff.com\/belogue\/wp-content\/uploads\/2022\/10\/20221031-20.jpg?resize=1050%2C600&ssl=1 3x"},"classes":[]},{"id":18794,"url":"https:\/\/www.wallendorff.com\/belogue\/2012\/08\/27\/rock-en-seine-2012-jour-1\/","url_meta":{"origin":23306,"position":3},"title":"Rock en Seine 2012, jour 1.","author":"dpc","date":"27 ao\u00fbt 2012","format":false,"excerpt":"Ou \u00ab\u00a0comment je me suis pris un chanteur de Dionysos sur le nez\u00a0\u00bb. La suite par l\u00e0. Sleigh Bells \u2013 Crush \u00a0","rel":"","context":"Dans &quot;Alive&quot;","block_context":{"text":"Alive","link":"https:\/\/www.wallendorff.com\/belogue\/category\/alive\/"},"img":{"alt_text":"","src":"https:\/\/i0.wp.com\/www.wallendorff.com\/belogue\/wp-content\/uploads\/2015\/04\/20120827-011.jpg?resize=350%2C200&ssl=1","width":350,"height":200,"srcset":"https:\/\/i0.wp.com\/www.wallendorff.com\/belogue\/wp-content\/uploads\/2015\/04\/20120827-011.jpg?resize=350%2C200&ssl=1 1x, https:\/\/i0.wp.com\/www.wallendorff.com\/belogue\/wp-content\/uploads\/2015\/04\/20120827-011.jpg?resize=525%2C300&ssl=1 1.5x, https:\/\/i0.wp.com\/www.wallendorff.com\/belogue\/wp-content\/uploads\/2015\/04\/20120827-011.jpg?resize=700%2C400&ssl=1 2x"},"classes":[]},{"id":28995,"url":"https:\/\/www.wallendorff.com\/belogue\/2015\/09\/01\/rock-en-seine-2015-jour-2\/","url_meta":{"origin":23306,"position":4},"title":"Rock en Seine 2015, jour 2.","author":"dpc","date":"1 septembre 2015","format":false,"excerpt":". R\u00e9sumons la journ\u00e9e simplement\u00a0: \u00ab\u00a0la soir\u00e9e du 29 ao\u00fbt 2015 fut l'une des plus belles de mon ann\u00e9e 2004.\u00a0\u00bb Tout vient \u00e0 point, dans la vie, d\u00e9cid\u00e9ment. Mais \u00e0 part \u00e7a, rien. Les photos des autres jours du festival sont disponibles sur ce lien.","rel":"","context":"Dans &quot;Alive&quot;","block_context":{"text":"Alive","link":"https:\/\/www.wallendorff.com\/belogue\/category\/alive\/"},"img":{"alt_text":"","src":"https:\/\/i0.wp.com\/www.wallendorff.com\/belogue\/wp-content\/uploads\/2015\/09\/20150901-411.jpg?resize=350%2C200&ssl=1","width":350,"height":200,"srcset":"https:\/\/i0.wp.com\/www.wallendorff.com\/belogue\/wp-content\/uploads\/2015\/09\/20150901-411.jpg?resize=350%2C200&ssl=1 1x, https:\/\/i0.wp.com\/www.wallendorff.com\/belogue\/wp-content\/uploads\/2015\/09\/20150901-411.jpg?resize=525%2C300&ssl=1 1.5x, https:\/\/i0.wp.com\/www.wallendorff.com\/belogue\/wp-content\/uploads\/2015\/09\/20150901-411.jpg?resize=700%2C400&ssl=1 2x"},"classes":[]},{"id":1251,"url":"https:\/\/www.wallendorff.com\/belogue\/2008\/06\/17\/the-wombats-le-trabendo-paris-20-mars\/","url_meta":{"origin":23306,"position":5},"title":"The Wombats @ le Trabendo, Paris, 20 mars.","author":"dpc","date":"17 juin 2008","format":false,"excerpt":"\u00a0The Wombats \u2013 Little Miss Pipedream","rel":"","context":"Dans &quot;Alive&quot;","block_context":{"text":"Alive","link":"https:\/\/www.wallendorff.com\/belogue\/category\/alive\/"},"img":{"alt_text":"","src":"https:\/\/i0.wp.com\/www.wallendorff.com\/belogue\/wp-content\/uploads\/2015\/04\/200806171.jpg?resize=350%2C200&ssl=1","width":350,"height":200,"srcset":"https:\/\/i0.wp.com\/www.wallendorff.com\/belogue\/wp-content\/uploads\/2015\/04\/200806171.jpg?resize=350%2C200&ssl=1 1x, https:\/\/i0.wp.com\/www.wallendorff.com\/belogue\/wp-content\/uploads\/2015\/04\/200806171.jpg?resize=525%2C300&ssl=1 1.5x, https:\/\/i0.wp.com\/www.wallendorff.com\/belogue\/wp-content\/uploads\/2015\/04\/200806171.jpg?resize=700%2C400&ssl=1 2x"},"classes":[]}],"_links":{"self":[{"href":"https:\/\/www.wallendorff.com\/belogue\/wp-json\/wp\/v2\/posts\/23306","targetHints":{"allow":["GET"]}}],"collection":[{"href":"https:\/\/www.wallendorff.com\/belogue\/wp-json\/wp\/v2\/posts"}],"about":[{"href":"https:\/\/www.wallendorff.com\/belogue\/wp-json\/wp\/v2\/types\/post"}],"author":[{"embeddable":true,"href":"https:\/\/www.wallendorff.com\/belogue\/wp-json\/wp\/v2\/users\/1"}],"replies":[{"embeddable":true,"href":"https:\/\/www.wallendorff.com\/belogue\/wp-json\/wp\/v2\/comments?post=23306"}],"version-history":[{"count":10,"href":"https:\/\/www.wallendorff.com\/belogue\/wp-json\/wp\/v2\/posts\/23306\/revisions"}],"predecessor-version":[{"id":23715,"href":"https:\/\/www.wallendorff.com\/belogue\/wp-json\/wp\/v2\/posts\/23306\/revisions\/23715"}],"wp:featuredmedia":[{"embeddable":true,"href":"https:\/\/www.wallendorff.com\/belogue\/wp-json\/wp\/v2\/media\/26839"}],"wp:attachment":[{"href":"https:\/\/www.wallendorff.com\/belogue\/wp-json\/wp\/v2\/media?parent=23306"}],"wp:term":[{"taxonomy":"category","embeddable":true,"href":"https:\/\/www.wallendorff.com\/belogue\/wp-json\/wp\/v2\/categories?post=23306"},{"taxonomy":"post_tag","embeddable":true,"href":"https:\/\/www.wallendorff.com\/belogue\/wp-json\/wp\/v2\/tags?post=23306"}],"curies":[{"name":"wp","href":"https:\/\/api.w.org\/{rel}","templated":true}]}}