{"id":23292,"date":"2014-08-22T10:34:25","date_gmt":"2014-08-22T08:34:25","guid":{"rendered":"http:\/\/www.wallendorff.com\/?p=23292"},"modified":"2018-05-23T08:12:20","modified_gmt":"2018-05-23T06:12:20","slug":"into-the-wide-30","status":"publish","type":"post","link":"https:\/\/www.wallendorff.com\/belogue\/2014\/08\/22\/into-the-wide-30\/","title":{"rendered":"Into the wide #30."},"content":{"rendered":"\n<div id=\"photo\">\n<p><img decoding=\"async\" src=\"https:\/\/www.wallendorff.com\/belogue\/photo\/2014\/08\/20140822.jpg\"><br \/>\nNitry, 1<sup>er<\/sup> juin.<\/p>\n<\/p><\/div>\n<div id=\"bandeson\">\n<p><img decoding=\"async\" src=\"https:\/\/www.wallendorff.com\/belogue\/photo\/pochettes\/s\/staples_chris-american_soft.jpg\" align=\"left\" \/><a style=\"font-weight:normal\" id=\"lienmp3\" href=\"http:\/\/www.youtube.com\/watch?v=zb-Qj6dMsOI\"><em>The Dark Side of the Moon<\/em><\/a><br \/>\n<a href=\"http:\/\/www.chrisstaplesmusic.com\">Chris Staples<\/a><\/p>\n<\/p><\/div>\n","protected":false},"excerpt":{"rendered":"<p>Nitry, 1er juin. The Dark Side of the Moon Chris Staples<\/p>\n","protected":false},"author":1,"featured_media":26825,"comment_status":"open","ping_status":"open","sticky":false,"template":"","format":"standard","meta":{"_acf_changed":false,"ngg_post_thumbnail":0,"jetpack_post_was_ever_published":false,"_jetpack_newsletter_access":"","_jetpack_dont_email_post_to_subs":false,"_jetpack_newsletter_tier_id":0,"_jetpack_memberships_contains_paywalled_content":false,"_jetpack_memberships_contains_paid_content":false,"footnotes":"","jetpack_publicize_message":"","jetpack_publicize_feature_enabled":true,"jetpack_social_post_already_shared":false,"jetpack_social_options":{"image_generator_settings":{"template":"highway","default_image_id":0,"font":"","enabled":false},"version":2}},"categories":[7356],"tags":[11493,2571,8351,10473,8884,10120,10485,12044,11323,8885,11808],"class_list":["post-23292","post","type-post","status-publish","format-standard","has-post-thumbnail","hentry","category-into-the-wide","tag-bourgogne","tag-ef-16-35-mm-f28l-ii-usm","tag-eos-6d","tag-champ","tag-chris-staples","tag-france","tag-maison","tag-nitry","tag-panoramique","tag-the-dark-side-of-the-moon","tag-yonne"],"acf":[],"geo":{"latitude":47.6542435,"longitude":3.8757384,"description":"Nitry, Bourgogne, 89310, FR"},"jetpack_publicize_connections":[],"jetpack_featured_media_url":"https:\/\/www.wallendorff.com\/belogue\/wp-content\/uploads\/2015\/04\/201408221.jpg","jetpack_shortlink":"https:\/\/wp.me\/p3b35P-63G","jetpack_sharing_enabled":true,"jetpack-related-posts":[{"id":23544,"url":"https:\/\/www.wallendorff.com\/belogue\/2014\/11\/14\/into-the-wide-36\/","url_meta":{"origin":23292,"position":0},"title":"Into the wide #38.","author":"dpc","date":"14 novembre 2014","format":false,"excerpt":"Bastion des p\u00eacheurs, Budapest, 9 septembre. \u00c0 voir en plus grand sur 500px. The Moon Song (studio duet version) (feat. Ezra Koening) Karen O","rel":"","context":"Dans &quot;Into the wide&quot;","block_context":{"text":"Into the wide","link":"https:\/\/www.wallendorff.com\/belogue\/category\/into-the-wide\/"},"img":{"alt_text":"","src":"https:\/\/i0.wp.com\/www.wallendorff.com\/belogue\/wp-content\/uploads\/2015\/04\/201411141.jpg?resize=350%2C200&ssl=1","width":350,"height":200,"srcset":"https:\/\/i0.wp.com\/www.wallendorff.com\/belogue\/wp-content\/uploads\/2015\/04\/201411141.jpg?resize=350%2C200&ssl=1 1x, https:\/\/i0.wp.com\/www.wallendorff.com\/belogue\/wp-content\/uploads\/2015\/04\/201411141.jpg?resize=525%2C300&ssl=1 1.5x, https:\/\/i0.wp.com\/www.wallendorff.com\/belogue\/wp-content\/uploads\/2015\/04\/201411141.jpg?resize=700%2C400&ssl=1 2x, https:\/\/i0.wp.com\/www.wallendorff.com\/belogue\/wp-content\/uploads\/2015\/04\/201411141.jpg?resize=1050%2C600&ssl=1 3x, https:\/\/i0.wp.com\/www.wallendorff.com\/belogue\/wp-content\/uploads\/2015\/04\/201411141.jpg?resize=1400%2C800&ssl=1 4x"},"classes":[]},{"id":33163,"url":"https:\/\/www.wallendorff.com\/belogue\/2016\/12\/07\/into-the-wide-85\/","url_meta":{"origin":23292,"position":1},"title":"Into the wide #85.","author":"dpc","date":"7 d\u00e9cembre 2016","format":false,"excerpt":"Pont Charles, Prague, 6 septembre. C'est la derni\u00e8re, promis. The Numbers Radiohead","rel":"","context":"Dans &quot;Into the wide&quot;","block_context":{"text":"Into the wide","link":"https:\/\/www.wallendorff.com\/belogue\/category\/into-the-wide\/"},"img":{"alt_text":"","src":"https:\/\/i0.wp.com\/www.wallendorff.com\/belogue\/wp-content\/uploads\/2016\/12\/20161207.jpg?resize=350%2C200&ssl=1","width":350,"height":200,"srcset":"https:\/\/i0.wp.com\/www.wallendorff.com\/belogue\/wp-content\/uploads\/2016\/12\/20161207.jpg?resize=350%2C200&ssl=1 1x, https:\/\/i0.wp.com\/www.wallendorff.com\/belogue\/wp-content\/uploads\/2016\/12\/20161207.jpg?resize=525%2C300&ssl=1 1.5x, https:\/\/i0.wp.com\/www.wallendorff.com\/belogue\/wp-content\/uploads\/2016\/12\/20161207.jpg?resize=700%2C400&ssl=1 2x"},"classes":[]},{"id":30967,"url":"https:\/\/www.wallendorff.com\/belogue\/2016\/05\/18\/into-the-wide-65\/","url_meta":{"origin":23292,"position":2},"title":"Into the wide #65.","author":"dpc","date":"18 mai 2016","format":false,"excerpt":"Boulevard de la Villette, Paris, 28 f\u00e9vrier. Merci Pascal. Burn the Witch Radiohead","rel":"","context":"Dans &quot;Into the wide&quot;","block_context":{"text":"Into the wide","link":"https:\/\/www.wallendorff.com\/belogue\/category\/into-the-wide\/"},"img":{"alt_text":"","src":"https:\/\/i0.wp.com\/www.wallendorff.com\/belogue\/wp-content\/uploads\/2016\/05\/20160518.jpg?resize=350%2C200&ssl=1","width":350,"height":200,"srcset":"https:\/\/i0.wp.com\/www.wallendorff.com\/belogue\/wp-content\/uploads\/2016\/05\/20160518.jpg?resize=350%2C200&ssl=1 1x, https:\/\/i0.wp.com\/www.wallendorff.com\/belogue\/wp-content\/uploads\/2016\/05\/20160518.jpg?resize=525%2C300&ssl=1 1.5x, https:\/\/i0.wp.com\/www.wallendorff.com\/belogue\/wp-content\/uploads\/2016\/05\/20160518.jpg?resize=700%2C400&ssl=1 2x, https:\/\/i0.wp.com\/www.wallendorff.com\/belogue\/wp-content\/uploads\/2016\/05\/20160518.jpg?resize=1050%2C600&ssl=1 3x"},"classes":[]},{"id":36954,"url":"https:\/\/www.wallendorff.com\/belogue\/2018\/01\/11\/into-the-wide-129\/","url_meta":{"origin":23292,"position":3},"title":"Into the wide #129.","author":"dpc","date":"11 janvier 2018","format":false,"excerpt":"Grand-place, Bruxelles, 30 septembre 2017. Interlude (Wednesday part 1) Noel Gallagher's High Flying Birds","rel":"","context":"Dans &quot;Into the wide&quot;","block_context":{"text":"Into the wide","link":"https:\/\/www.wallendorff.com\/belogue\/category\/into-the-wide\/"},"img":{"alt_text":"","src":"https:\/\/i0.wp.com\/www.wallendorff.com\/belogue\/wp-content\/uploads\/2018\/01\/20180111.jpg?resize=350%2C200&ssl=1","width":350,"height":200,"srcset":"https:\/\/i0.wp.com\/www.wallendorff.com\/belogue\/wp-content\/uploads\/2018\/01\/20180111.jpg?resize=350%2C200&ssl=1 1x, https:\/\/i0.wp.com\/www.wallendorff.com\/belogue\/wp-content\/uploads\/2018\/01\/20180111.jpg?resize=525%2C300&ssl=1 1.5x, https:\/\/i0.wp.com\/www.wallendorff.com\/belogue\/wp-content\/uploads\/2018\/01\/20180111.jpg?resize=700%2C400&ssl=1 2x, https:\/\/i0.wp.com\/www.wallendorff.com\/belogue\/wp-content\/uploads\/2018\/01\/20180111.jpg?resize=1050%2C600&ssl=1 3x"},"classes":[]},{"id":32151,"url":"https:\/\/www.wallendorff.com\/belogue\/2016\/08\/18\/into-the-wide-72\/","url_meta":{"origin":23292,"position":4},"title":"Into the wide #72.","author":"dpc","date":"18 ao\u00fbt 2016","format":false,"excerpt":"Riksgatan, Stockholm, 19 juin. It's so Dark Spring King","rel":"","context":"Dans &quot;Into the wide&quot;","block_context":{"text":"Into the wide","link":"https:\/\/www.wallendorff.com\/belogue\/category\/into-the-wide\/"},"img":{"alt_text":"","src":"https:\/\/i0.wp.com\/www.wallendorff.com\/belogue\/wp-content\/uploads\/2016\/08\/20160818.jpg?resize=350%2C200&ssl=1","width":350,"height":200,"srcset":"https:\/\/i0.wp.com\/www.wallendorff.com\/belogue\/wp-content\/uploads\/2016\/08\/20160818.jpg?resize=350%2C200&ssl=1 1x, https:\/\/i0.wp.com\/www.wallendorff.com\/belogue\/wp-content\/uploads\/2016\/08\/20160818.jpg?resize=525%2C300&ssl=1 1.5x, https:\/\/i0.wp.com\/www.wallendorff.com\/belogue\/wp-content\/uploads\/2016\/08\/20160818.jpg?resize=700%2C400&ssl=1 2x, https:\/\/i0.wp.com\/www.wallendorff.com\/belogue\/wp-content\/uploads\/2016\/08\/20160818.jpg?resize=1050%2C600&ssl=1 3x"},"classes":[]},{"id":21711,"url":"https:\/\/www.wallendorff.com\/belogue\/2013\/10\/02\/into-the-wide-21\/","url_meta":{"origin":23292,"position":5},"title":"Into the wide #21.","author":"dpc","date":"2 octobre 2013","format":false,"excerpt":"Mus\u00e9e du Louvre, Paris, 16 ao\u00fbt. Le donjon du Louvre m\u00e9di\u00e9val. On le voit en plus neuf sur Paris 3D. Keep in the DarkTemples","rel":"","context":"Dans &quot;Into the wide&quot;","block_context":{"text":"Into the wide","link":"https:\/\/www.wallendorff.com\/belogue\/category\/into-the-wide\/"},"img":{"alt_text":"","src":"https:\/\/i0.wp.com\/www.wallendorff.com\/belogue\/wp-content\/uploads\/2015\/04\/201310021.jpg?resize=350%2C200&ssl=1","width":350,"height":200,"srcset":"https:\/\/i0.wp.com\/www.wallendorff.com\/belogue\/wp-content\/uploads\/2015\/04\/201310021.jpg?resize=350%2C200&ssl=1 1x, https:\/\/i0.wp.com\/www.wallendorff.com\/belogue\/wp-content\/uploads\/2015\/04\/201310021.jpg?resize=525%2C300&ssl=1 1.5x, https:\/\/i0.wp.com\/www.wallendorff.com\/belogue\/wp-content\/uploads\/2015\/04\/201310021.jpg?resize=700%2C400&ssl=1 2x"},"classes":[]}],"_links":{"self":[{"href":"https:\/\/www.wallendorff.com\/belogue\/wp-json\/wp\/v2\/posts\/23292","targetHints":{"allow":["GET"]}}],"collection":[{"href":"https:\/\/www.wallendorff.com\/belogue\/wp-json\/wp\/v2\/posts"}],"about":[{"href":"https:\/\/www.wallendorff.com\/belogue\/wp-json\/wp\/v2\/types\/post"}],"author":[{"embeddable":true,"href":"https:\/\/www.wallendorff.com\/belogue\/wp-json\/wp\/v2\/users\/1"}],"replies":[{"embeddable":true,"href":"https:\/\/www.wallendorff.com\/belogue\/wp-json\/wp\/v2\/comments?post=23292"}],"version-history":[{"count":4,"href":"https:\/\/www.wallendorff.com\/belogue\/wp-json\/wp\/v2\/posts\/23292\/revisions"}],"predecessor-version":[{"id":38227,"href":"https:\/\/www.wallendorff.com\/belogue\/wp-json\/wp\/v2\/posts\/23292\/revisions\/38227"}],"wp:featuredmedia":[{"embeddable":true,"href":"https:\/\/www.wallendorff.com\/belogue\/wp-json\/wp\/v2\/media\/26825"}],"wp:attachment":[{"href":"https:\/\/www.wallendorff.com\/belogue\/wp-json\/wp\/v2\/media?parent=23292"}],"wp:term":[{"taxonomy":"category","embeddable":true,"href":"https:\/\/www.wallendorff.com\/belogue\/wp-json\/wp\/v2\/categories?post=23292"},{"taxonomy":"post_tag","embeddable":true,"href":"https:\/\/www.wallendorff.com\/belogue\/wp-json\/wp\/v2\/tags?post=23292"}],"curies":[{"name":"wp","href":"https:\/\/api.w.org\/{rel}","templated":true}]}}