{"id":23274,"date":"2014-07-31T14:56:55","date_gmt":"2014-07-31T12:56:55","guid":{"rendered":"http:\/\/www.wallendorff.com\/?p=23274"},"modified":"2018-05-23T08:06:31","modified_gmt":"2018-05-23T06:06:31","slug":"juillet-2014","status":"publish","type":"post","link":"https:\/\/www.wallendorff.com\/belogue\/2014\/07\/31\/juillet-2014\/","title":{"rendered":"Juillet 2014."},"content":{"rendered":"<div id=\"photo\">\n<p><img decoding=\"async\" src=\"https:\/\/www.wallendorff.com\/belogue\/photo\/galeries\/2014\/07\/20140731-bn\/20140808-41.jpg\" \/><\/p>\n<\/div>\n<p>9 mois qui s&rsquo;ach&egrave;vent, un permis, un vernissage et une &eacute;mission de radio, un bus-taxi, un festival (sous la pluie), un mini-festival (encore sous la pluie) et un match de tennis &agrave; 11, une soir&eacute;e de d&eacute;part, un ch&acirc;teau, un nouveau venu, une foule, une route, un festival (dans la boue), un feu d&rsquo;artifice, une fondue et 3&nbsp;476&nbsp;km de plus au compteur. Juillet 2014.<\/p>\n<div id=\"tops_mois\">\n<div class=\"tops_ligne\">\n<div id=\"cinq_titres\">\n<h3>5 titres<\/h3>\n<ul>\n<li><a href=\"https:\/\/www.facebook.com\/marieesioux\">Mariee Sioux<\/a> &ndash; <a href=\"http:\/\/www.youtube.com\/watch?v=28yuWPnX33w\" style=\"font-weight:normal\" ><em>Wild Eyes<\/em><\/a><\/li>\n<li><a href=\"http:\/\/www.londongrammar.com\">London Grammar<\/a> &ndash; <a href=\"http:\/\/www.youtube.com\/watch?v=6drfp_3823I\" style=\"font-weight:normal\" ><em>Strong<\/em><\/a><\/li>\n<li><a href=\"http:\/\/smallpoolsmusic.com\/\">Smallpools<\/a> &ndash; <a style=\"font-weight:normal\" href=\"http:\/\/www.youtube.com\/watch?v=kck_cpe45W4\"><em>Killer Whales<\/em><\/a><\/li>\n<li><a href=\"http:\/\/alvvays.com\/\">Alvvays<\/a> &ndash; <a style=\"font-weight:normal\" href=\"http:\/\/www.youtube.com\/watch?v=WGRhaFx1Zpw\"><em>Archie, Marry Me<\/em><\/a><\/li>\n<li><a href=\"https:\/\/www.mx3.ch\/thegardenerthetree\">The Gardener and the Tree <\/a> &ndash; <a style=\"font-weight:normal\" href=\"http:\/\/www.youtube.com\/watch?v=4gJ-93au-tA\"><em>Waterfalls<\/em><\/a><\/li>\n<\/ul><\/div>\n<div id=\"albums\">\n<h3>Albums<\/h3>\n<ul>\n<li>Zulu Winter &ndash; <em>Stutter<\/em> <img decoding=\"async\" src=\"https:\/\/www.wallendorff.com\/belogue\/images\/etoile.gif\" alt=\"etoile\" \/><img decoding=\"async\" src=\"https:\/\/www.wallendorff.com\/belogue\/images\/etoile-blanche.gif\" alt=\"etoile\" \/><img decoding=\"async\" src=\"https:\/\/www.wallendorff.com\/belogue\/images\/etoile-blanche.gif\" alt=\"etoile\" \/><img decoding=\"async\" src=\"https:\/\/www.wallendorff.com\/belogue\/images\/etoile-blanche.gif\" alt=\"etoile\" \/><img decoding=\"async\" src=\"https:\/\/www.wallendorff.com\/belogue\/images\/etoile-blanche.gif\" alt=\"etoile\" \/><\/li>\n<\/ul><\/div><\/div>\n<div class=\"tops_ligne\">\n<div id=\"films\">\n<h3>Films<\/h3>\n<ul>\n<li><em>Jimmy&rsquo;s Hall<\/em><\/li>\n<\/ul><\/div>\n<div id=\"bouquins\">\n<h3>Bouquins<\/h3>\n<ul>\n<li>Maurice Leblanc &ndash; <em>Le Bouchon de cristal<\/em><\/li>\n<li>Maurice Leblanc &ndash; <em>Les Confidences d&rsquo;Ars&egrave;ne Lupin<\/em><\/li>\n<li>Maurice Leblanc &ndash; <em>L&rsquo;&Eacute;clat d&rsquo;obus<\/em><\/li>\n<\/ul><\/div><\/div>\n<\/div>\n<div id=\"traces\">\n<h3>Traces<\/h3>ngg_shortcode_0_placeholder<h3>Je de piste<\/h3>\n<div id=\"photo2\">\n<p><img decoding=\"async\" src=\"https:\/\/www.wallendorff.com\/belogue\/photo\/2014\/08\/20140808-01.jpg\" \/><\/p>\n<\/div>\n<div id=\"photo2\">\n<p><img decoding=\"async\" src=\"https:\/\/www.wallendorff.com\/belogue\/photo\/2014\/08\/20140808-02.jpg\" \/><\/p>\n<\/div>\n<div id=\"photo2\">\n<p><img decoding=\"async\" src=\"https:\/\/www.wallendorff.com\/belogue\/photo\/2014\/08\/20140808-03.jpg\" \/><img decoding=\"async\" src=\"https:\/\/www.wallendorff.com\/belogue\/photo\/2014\/08\/20140808-04.jpg\" \/><\/p>\n<\/div>\n","protected":false},"excerpt":{"rendered":"<p>9 mois qui s&rsquo;ach&egrave;vent, un permis, un vernissage et une &eacute;mission de radio, un bus-taxi, un festival (sous la pluie), un mini-festival (encore sous la pluie) et un match de tennis &agrave; 11, une soir&eacute;e de d&eacute;part, un ch&acirc;teau, un nouveau venu, une foule, une route, un festival (dans la boue), un feu d&rsquo;artifice, une&hellip;<\/p>\n","protected":false},"author":1,"featured_media":26834,"comment_status":"open","ping_status":"open","sticky":false,"template":"","format":"standard","meta":{"_acf_changed":false,"ngg_post_thumbnail":0,"jetpack_post_was_ever_published":false,"_jetpack_newsletter_access":"","_jetpack_dont_email_post_to_subs":false,"_jetpack_newsletter_tier_id":0,"_jetpack_memberships_contains_paywalled_content":false,"_jetpack_memberships_contains_paid_content":false,"footnotes":"","jetpack_publicize_message":"","jetpack_publicize_feature_enabled":true,"jetpack_social_post_already_shared":false,"jetpack_social_options":{"image_generator_settings":{"template":"highway","default_image_id":0,"font":"","enabled":false},"version":2}},"categories":[11],"tags":[12124,12125,11810,10336,10277,10235,10267,10183,10122,11154,12112,10084,6103,10690,10258,10226,11580,10110,10169,11628,10518,10203,12119,10358,1987,10887,11285,10468,11620,12113,10533,11080,10311,12127,10671,12117,10109,12033,10329,10746,10136,10669,12110,12118,10120,10296,10100,10534,10736,10297,12114,11233,11172,10121,12116,12123,11230,12120,12098,12126,12109,10501,12115,11127,10449,1708,12097,10098,10199,10381,12099,10135,11432,11625,12040,12041,10280,12035,10910,10535,11047,10740,12121,12122,10969,10886,10295,10252,10494,12111,12050,10682,11554],"class_list":["post-23274","post","type-post","status-publish","format-standard","has-post-thumbnail","hentry","category-blog-note","tag-12124","tag-12125","tag-11810","tag-10336","tag-10277","tag-10235","tag-10267","tag-10183","tag-10122","tag-alcool","tag-aline","tag-alive","tag-ambiance-2","tag-appareil-photo","tag-baignoire","tag-banc","tag-bar-du-boulot","tag-belfort","tag-biere","tag-boue","tag-boulevard-henri-iv","tag-bus","tag-bus-91","tag-canal-saint-martin","tag-canon","tag-canton-de-vaud","tag-champagne","tag-chaussure","tag-chimay","tag-cite-de-la-mode-et-du-design","tag-concert","tag-dictrict-de-nyon","tag-dos","tag-douche","tag-dr-martens","tag-emission","tag-eurockeennes","tag-eurockeennes-2014","tag-exposition","tag-femme","tag-festival","tag-feu-dartifice","tag-fills-monkey","tag-flipper","tag-france","tag-franche-comte","tag-franz-ferdinand","tag-gig","tag-gobelet","tag-grande-scene","tag-ground-control","tag-home","tag-hotel-des-invalides","tag-ile-de-france","tag-interview","tag-john-butler-trio","tag-journal","tag-lac-du-malsaucy","tag-le-detour","tag-le-matin","tag-les-arches","tag-live","tag-moustic-the-audio-agency","tag-numero","tag-nyon","tag-paleo-festival","tag-paleo-festival-2014","tag-paris","tag-pieds","tag-place-de-la-republique","tag-plaine-de-lasse","tag-public","tag-quai-de-jemmapes","tag-radio","tag-robert-plant","tag-robert-plant-the-sensationnal-space-shifters","tag-rue-oberkampf","tag-sermamagny","tag-shaka-ponk","tag-show","tag-skip-the-use","tag-soiree","tag-soirs-dete","tag-soirs-dete-2014","tag-stromae","tag-suisse","tag-territoire-de-belfort","tag-the-national","tag-the-rolling-stones","tag-tinariwen","tag-vernissage","tag-verre","tag-woodkid"],"acf":[],"geo":null,"jetpack_publicize_connections":[],"jetpack_featured_media_url":"https:\/\/www.wallendorff.com\/belogue\/wp-content\/uploads\/2015\/04\/20140808-411.jpg","jetpack_shortlink":"https:\/\/wp.me\/p3b35P-63o","jetpack_sharing_enabled":true,"jetpack-related-posts":[{"id":1003,"url":"https:\/\/www.wallendorff.com\/belogue\/2007\/07\/28\/arcade-fire-paleo-festival-nyon\/","url_meta":{"origin":23274,"position":0},"title":"Arcade Fire @ Pal\u00e9o festival, Nyon.","author":"dpc","date":"28 juillet 2007","format":false,"excerpt":"Arcade Fire, les Eurock\u00e9ennes, Belfort, 1er juillet. Les Suisses sont cools. Les Suisse ont enregistr\u00e9 le concert d'Arcade Fire au Pal\u00e9o de mercredi et en ont diffus\u00e9 une heure hier soir. Concert manifestement aussi mortel qu'\u00e0 Belfort, avec le m\u00eame encha\u00eenement dingue de Power Out et Rebellion que je vous\u2026","rel":"","context":"Dans &quot;Alive&quot;","block_context":{"text":"Alive","link":"https:\/\/www.wallendorff.com\/belogue\/category\/alive\/"},"img":{"alt_text":"","src":"https:\/\/i0.wp.com\/www.wallendorff.com\/belogue\/wp-content\/uploads\/2015\/04\/200707281.jpg?resize=350%2C200&ssl=1","width":350,"height":200,"srcset":"https:\/\/i0.wp.com\/www.wallendorff.com\/belogue\/wp-content\/uploads\/2015\/04\/200707281.jpg?resize=350%2C200&ssl=1 1x, https:\/\/i0.wp.com\/www.wallendorff.com\/belogue\/wp-content\/uploads\/2015\/04\/200707281.jpg?resize=525%2C300&ssl=1 1.5x, https:\/\/i0.wp.com\/www.wallendorff.com\/belogue\/wp-content\/uploads\/2015\/04\/200707281.jpg?resize=700%2C400&ssl=1 2x"},"classes":[]},{"id":128605,"url":"https:\/\/www.wallendorff.com\/belogue\/2024\/06\/23\/cetait-2015\/","url_meta":{"origin":23274,"position":1},"title":"C&rsquo;\u00e9tait 2015.","author":"dpc","date":"23 juin 2024","format":false,"excerpt":"2015, secousses. Paris, 7 janvier 2015. Mademoiselle K @ la Cigale, Paris, 26 janvier 2015 Vienne, 20 f\u00e9vrier 2015. New York, 13 mars 2015. Courtney Barnett @ les Femmes s\u2019en M\u00ealent, le Divan du Monde, Paris, 25 mars 2015 Wroc\u0142aw, 12 mai 2015. Eagles of Death Metal @ le Trianon,\u2026","rel":"","context":"Dans &quot;DPC&quot;","block_context":{"text":"DPC","link":"https:\/\/www.wallendorff.com\/belogue\/category\/dpc\/"},"img":{"alt_text":"","src":"https:\/\/i0.wp.com\/www.wallendorff.com\/belogue\/wp-content\/uploads\/2024\/06\/20240623-19.jpg?resize=350%2C200&ssl=1","width":350,"height":200,"srcset":"https:\/\/i0.wp.com\/www.wallendorff.com\/belogue\/wp-content\/uploads\/2024\/06\/20240623-19.jpg?resize=350%2C200&ssl=1 1x, https:\/\/i0.wp.com\/www.wallendorff.com\/belogue\/wp-content\/uploads\/2024\/06\/20240623-19.jpg?resize=525%2C300&ssl=1 1.5x, https:\/\/i0.wp.com\/www.wallendorff.com\/belogue\/wp-content\/uploads\/2024\/06\/20240623-19.jpg?resize=700%2C400&ssl=1 2x, https:\/\/i0.wp.com\/www.wallendorff.com\/belogue\/wp-content\/uploads\/2024\/06\/20240623-19.jpg?resize=1050%2C600&ssl=1 3x"},"classes":[]},{"id":128699,"url":"https:\/\/www.wallendorff.com\/belogue\/2024\/06\/26\/cetait-2018\/","url_meta":{"origin":23274,"position":2},"title":"C&rsquo;\u00e9tait 2018.","author":"dpc","date":"26 juin 2024","format":false,"excerpt":"2018, latitudes. Alt-J @ Bercy Ar\u00e9na, Paris, 11\/01\/2018 Stockholm, 11 f\u00e9vrier 2018. Langsele, 14 f\u00e9vrier 2018. George Ezra, Paris, 19 f\u00e9vrier 2018 The Wombats @ Pias Nite, la Maroquinerie, Paris, 08 mars 2018 Shaka Ponk @ Bercy Ar\u00e9na, Paris, 22 mars 2018 Phoenix @ la Ga\u00eet\u00e9-Lyrique, Paris, 29 mai 2018\u2026","rel":"","context":"Dans &quot;DPC&quot;","block_context":{"text":"DPC","link":"https:\/\/www.wallendorff.com\/belogue\/category\/dpc\/"},"img":{"alt_text":"","src":"https:\/\/i0.wp.com\/www.wallendorff.com\/belogue\/wp-content\/uploads\/2024\/06\/20240626-11.jpg?resize=350%2C200&ssl=1","width":350,"height":200,"srcset":"https:\/\/i0.wp.com\/www.wallendorff.com\/belogue\/wp-content\/uploads\/2024\/06\/20240626-11.jpg?resize=350%2C200&ssl=1 1x, https:\/\/i0.wp.com\/www.wallendorff.com\/belogue\/wp-content\/uploads\/2024\/06\/20240626-11.jpg?resize=525%2C300&ssl=1 1.5x, https:\/\/i0.wp.com\/www.wallendorff.com\/belogue\/wp-content\/uploads\/2024\/06\/20240626-11.jpg?resize=700%2C400&ssl=1 2x, https:\/\/i0.wp.com\/www.wallendorff.com\/belogue\/wp-content\/uploads\/2024\/06\/20240626-11.jpg?resize=1050%2C600&ssl=1 3x"},"classes":[]},{"id":128637,"url":"https:\/\/www.wallendorff.com\/belogue\/2024\/06\/24\/cetait-2016\/","url_meta":{"origin":23274,"position":3},"title":"C&rsquo;\u00e9tait 2016.","author":"dpc","date":"24 juin 2024","format":false,"excerpt":"2016, renaissances. Saint-Jean-de-Moirans, 3 janvier 2016. Paris, 7 janvier 2016. Balthazar @ l\u2019Olympia, Paris, 27 janvier 2016 Vienne, 13 f\u00e9vrier 2016. Eagles of Death Metal @ l\u2019Olympia, Paris, 16 f\u00e9vrier 2016 Kodaline @ l\u2019Olympia, Paris, 08 mars 2016 The Dandy Warhols @ le Trianon, Paris, 10 mai 2016 Paris, 3\u2026","rel":"","context":"Dans &quot;DPC&quot;","block_context":{"text":"DPC","link":"https:\/\/www.wallendorff.com\/belogue\/category\/dpc\/"},"img":{"alt_text":"","src":"https:\/\/i0.wp.com\/www.wallendorff.com\/belogue\/wp-content\/uploads\/2024\/06\/20240624-12.jpg?resize=350%2C200&ssl=1","width":350,"height":200,"srcset":"https:\/\/i0.wp.com\/www.wallendorff.com\/belogue\/wp-content\/uploads\/2024\/06\/20240624-12.jpg?resize=350%2C200&ssl=1 1x, https:\/\/i0.wp.com\/www.wallendorff.com\/belogue\/wp-content\/uploads\/2024\/06\/20240624-12.jpg?resize=525%2C300&ssl=1 1.5x, https:\/\/i0.wp.com\/www.wallendorff.com\/belogue\/wp-content\/uploads\/2024\/06\/20240624-12.jpg?resize=700%2C400&ssl=1 2x, https:\/\/i0.wp.com\/www.wallendorff.com\/belogue\/wp-content\/uploads\/2024\/06\/20240624-12.jpg?resize=1050%2C600&ssl=1 3x"},"classes":[]},{"id":52944,"url":"https:\/\/www.wallendorff.com\/belogue\/2022\/07\/31\/juillet-2022\/","url_meta":{"origin":23274,"position":4},"title":"Juillet 2022.","author":"dpc","date":"31 juillet 2022","format":false,"excerpt":"Une for\u00eat, une grue, un transat, un festival, un train, un quai de gare, un arr\u00eat de bus, un chat pr\u00e9nomm\u00e9 Merguez-Pois-Chiche, une cath\u00e9drale, un bateau, une terrasse, un caf\u00e9, une librairie, un march\u00e9, un ap\u00e9ro, une photo de rue, un m\u00e9tro, un taxi, un avion, une piscine, une terrasse,\u2026","rel":"","context":"Dans &quot;Blog-note&quot;","block_context":{"text":"Blog-note","link":"https:\/\/www.wallendorff.com\/belogue\/category\/blog-note\/"},"img":{"alt_text":"","src":"https:\/\/i0.wp.com\/www.wallendorff.com\/belogue\/wp-content\/uploads\/2022\/08\/20220824-44.jpg?resize=350%2C200&ssl=1","width":350,"height":200,"srcset":"https:\/\/i0.wp.com\/www.wallendorff.com\/belogue\/wp-content\/uploads\/2022\/08\/20220824-44.jpg?resize=350%2C200&ssl=1 1x, https:\/\/i0.wp.com\/www.wallendorff.com\/belogue\/wp-content\/uploads\/2022\/08\/20220824-44.jpg?resize=525%2C300&ssl=1 1.5x, https:\/\/i0.wp.com\/www.wallendorff.com\/belogue\/wp-content\/uploads\/2022\/08\/20220824-44.jpg?resize=700%2C400&ssl=1 2x, https:\/\/i0.wp.com\/www.wallendorff.com\/belogue\/wp-content\/uploads\/2022\/08\/20220824-44.jpg?resize=1050%2C600&ssl=1 3x"},"classes":[]},{"id":128849,"url":"https:\/\/www.wallendorff.com\/belogue\/2024\/07\/01\/cetait-2023\/","url_meta":{"origin":23274,"position":5},"title":"C&rsquo;\u00e9tait 2023.","author":"dpc","date":"1 juillet 2024","format":false,"excerpt":"2023, envols. Paris, 26 janvier 2023. Paris, 9 f\u00e9vrier 2023. Paris, 21 f\u00e9vrier 2023. Paris, 30 mars 2023. Paris, 10 mai 2023. Sainte-Genevi\u00e8ve-des-Bois, 20 mai 2023. A\u00e9roport du Bourget, 20 juin 2023. Les Eurock\u00e9ennes, Belfort, 29 juin 2023 Baie de Naples, 8 juillet 2023. Bourgogne, 15 juillet 2023. Sigur R\u00f3s,\u2026","rel":"","context":"Dans &quot;DPC&quot;","block_context":{"text":"DPC","link":"https:\/\/www.wallendorff.com\/belogue\/category\/dpc\/"},"img":{"alt_text":"","src":"https:\/\/i0.wp.com\/www.wallendorff.com\/belogue\/wp-content\/uploads\/2024\/07\/20240701-07.jpg?resize=350%2C200&ssl=1","width":350,"height":200,"srcset":"https:\/\/i0.wp.com\/www.wallendorff.com\/belogue\/wp-content\/uploads\/2024\/07\/20240701-07.jpg?resize=350%2C200&ssl=1 1x, https:\/\/i0.wp.com\/www.wallendorff.com\/belogue\/wp-content\/uploads\/2024\/07\/20240701-07.jpg?resize=525%2C300&ssl=1 1.5x, https:\/\/i0.wp.com\/www.wallendorff.com\/belogue\/wp-content\/uploads\/2024\/07\/20240701-07.jpg?resize=700%2C400&ssl=1 2x, https:\/\/i0.wp.com\/www.wallendorff.com\/belogue\/wp-content\/uploads\/2024\/07\/20240701-07.jpg?resize=1050%2C600&ssl=1 3x"},"classes":[]}],"_links":{"self":[{"href":"https:\/\/www.wallendorff.com\/belogue\/wp-json\/wp\/v2\/posts\/23274","targetHints":{"allow":["GET"]}}],"collection":[{"href":"https:\/\/www.wallendorff.com\/belogue\/wp-json\/wp\/v2\/posts"}],"about":[{"href":"https:\/\/www.wallendorff.com\/belogue\/wp-json\/wp\/v2\/types\/post"}],"author":[{"embeddable":true,"href":"https:\/\/www.wallendorff.com\/belogue\/wp-json\/wp\/v2\/users\/1"}],"replies":[{"embeddable":true,"href":"https:\/\/www.wallendorff.com\/belogue\/wp-json\/wp\/v2\/comments?post=23274"}],"version-history":[{"count":6,"href":"https:\/\/www.wallendorff.com\/belogue\/wp-json\/wp\/v2\/posts\/23274\/revisions"}],"predecessor-version":[{"id":31476,"href":"https:\/\/www.wallendorff.com\/belogue\/wp-json\/wp\/v2\/posts\/23274\/revisions\/31476"}],"wp:featuredmedia":[{"embeddable":true,"href":"https:\/\/www.wallendorff.com\/belogue\/wp-json\/wp\/v2\/media\/26834"}],"wp:attachment":[{"href":"https:\/\/www.wallendorff.com\/belogue\/wp-json\/wp\/v2\/media?parent=23274"}],"wp:term":[{"taxonomy":"category","embeddable":true,"href":"https:\/\/www.wallendorff.com\/belogue\/wp-json\/wp\/v2\/categories?post=23274"},{"taxonomy":"post_tag","embeddable":true,"href":"https:\/\/www.wallendorff.com\/belogue\/wp-json\/wp\/v2\/tags?post=23274"}],"curies":[{"name":"wp","href":"https:\/\/api.w.org\/{rel}","templated":true}]}}