{"id":23265,"date":"2014-08-06T12:57:13","date_gmt":"2014-08-06T10:57:13","guid":{"rendered":"http:\/\/www.wallendorff.com\/?p=23265"},"modified":"2018-05-23T08:12:21","modified_gmt":"2018-05-23T06:12:21","slug":"paleo-festival-nyon-27-juillet","status":"publish","type":"post","link":"https:\/\/www.wallendorff.com\/belogue\/2014\/08\/06\/paleo-festival-nyon-27-juillet\/","title":{"rendered":"Pal\u00e9o Festival, Nyon, 27 juillet."},"content":{"rendered":"\n<div id=\"photo\">\n<p><img decoding=\"async\" src=\"https:\/\/www.wallendorff.com\/belogue\/photo\/2014\/08\/20140806.jpg\"><\/p>\n<\/p><\/div>\n<p>Le dimanche est toujours un jour &agrave; part. On vient plus t&ocirc;t, l&rsquo;ambiance est (encore) plus d&eacute;tendue et on tra&icirc;ne plus volontiers entre les concerts. Tinariwen a quelque chose de magique. Curieusement, D&eacute;troit se contente des Arches pendant que The National squatte la grande sc&egrave;ne. Quoi qu&rsquo;il en soit, D&eacute;troit ne d&eacute;&ccedil;oit pas et The National fait du National. Je sors de la fosse avec deux belles photos d&rsquo;intention [ces photos qu&rsquo;on voit mais qu&rsquo;on ne peut pas prendre, pour une raison ou une autre. Elles sont expliqu&eacute;es dans <a href=\"https:\/\/www.wallendorff.com\/belogue\/2009\/06\/23\/milwaukee-chicago\/\">ce lien<\/a>, mais, honn&ecirc;tement, je ne suis pas s&ucirc;r de comprendre mon propre jeu] de Matt Berninger&nbsp;; l&rsquo;une quand il d&eacute;cide de ne pas renvoyer du pied le ballon Migrol que le public vient de lui lancer [il le jettera au lieu de &ccedil;a en c&ocirc;t&eacute; de sc&egrave;ne, ce qui m&rsquo;a fichtrement d&eacute;&ccedil;u]&nbsp;; l&rsquo;autre apr&egrave;s la fin du troisi&egrave;me titre,  alors que je m&rsquo;appr&ecirc;te &agrave; rentrer dans le tunnel et qu&rsquo;il vient pile &agrave; ce moment se mettre les bras en croix en bord de sc&egrave;ne. Moche. Retour aux Arches, o&ugrave; Woodkid, attendu dans une ambiance &eacute;lectrique, l&acirc;che un set impressionnant. Puis le feu d&rsquo;artifice, que je vois enfin dans de bonnes conditions apr&egrave;s les loup&eacute;s de 2012 et <a href=\"https:\/\/www.wallendorff.com\/belogue\/2013\/08\/05\/paleo-festival-2013-nyon-jours-4-5-6\/\">2013<\/a>. Placebo d&eacute;barquent aussit&ocirc;t, sans pr&eacute;venir. Deux titres vite exp&eacute;di&eacute;s, et tout le monde au bar. Ce groupe vieillit mal. Pal&eacute;o, lui, finit bien, comme toutes les bonnes aventures&nbsp;: dans la bi&egrave;re, dans les rires et dans la fondue.<\/p>\n<p style=\"text-align:right\">&Agrave; l&rsquo;ann&eacute;e prochaine&nbsp;?<\/p>\n<p style=\"text-align:right\">Pour le reste des photos, suivre <a href=\"https:\/\/www.wallendorff.com\/belogue\/tag\/paleo-festival-2014\">ce lien<\/a>.<\/p>\n<div id=\"bandeson\">\n<p><img decoding=\"async\" src=\"https:\/\/www.wallendorff.com\/belogue\/photo\/pochettes\/o\/orwells_the-disgraceland.jpg\" align=\"left\" \/><a style=\"font-weight:normal\" id=\"lienmp3\" href=\"http:\/\/www.youtube.com\/watch?v=fpsFI1p92oE\"><em>Southern Comfort<\/em><\/a><br \/>\n<a href=\"http:\/\/www.theorwells.com\/disgraceland\">The Orwells<\/a><\/p>\n<\/p><\/div>ngg_shortcode_0_placeholder<p style=\"text-align:right\">&nbsp; <\/p>\n","protected":false},"excerpt":{"rendered":"<p>Le dimanche est toujours un jour &agrave; part. On vient plus t&ocirc;t, l&rsquo;ambiance est (encore) plus d&eacute;tendue et on tra&icirc;ne plus volontiers entre les concerts. Tinariwen a quelque chose de magique. Curieusement, D&eacute;troit se contente des Arches pendant que The National squatte la grande sc&egrave;ne. Quoi qu&rsquo;il en soit, D&eacute;troit ne d&eacute;&ccedil;oit pas et The&hellip;<\/p>\n","protected":false},"author":1,"featured_media":26826,"comment_status":"open","ping_status":"open","sticky":false,"template":"","format":"standard","meta":{"_acf_changed":false,"ngg_post_thumbnail":0,"jetpack_post_was_ever_published":false,"_jetpack_newsletter_access":"","_jetpack_dont_email_post_to_subs":false,"_jetpack_newsletter_tier_id":0,"_jetpack_memberships_contains_paywalled_content":false,"_jetpack_memberships_contains_paid_content":false,"footnotes":"","jetpack_publicize_message":"","jetpack_publicize_feature_enabled":true,"jetpack_social_post_already_shared":false,"jetpack_social_options":{"image_generator_settings":{"template":"highway","default_image_id":0,"font":"","enabled":false},"version":2}},"categories":[7],"tags":[11810,10084,2571,8170,181,6766,8351,10887,10099,11080,9288,10136,10449,1708,12097,10086,12099,10135,8243,8858,10886,10252,6402,12111,11554],"class_list":["post-23265","post","type-post","status-publish","format-standard","has-post-thumbnail","hentry","category-alive","tag-11810","tag-alive","tag-ef-16-35-mm-f28l-ii-usm","tag-ef-24-70-mm-f2-8l-ii-usm","tag-ef-70-200-mm-f28l-usm","tag-eos-5d-mark-iii","tag-eos-6d","tag-canton-de-vaud","tag-detroit","tag-dictrict-de-nyon","tag-disgraceland","tag-festival","tag-nyon","tag-paleo-festival","tag-paleo-festival-2014","tag-placebo","tag-plaine-de-lasse","tag-public","tag-sigma-15-mm-f2-8-ex-dg-diagonal-fish-eye","tag-southern-comfort","tag-suisse","tag-the-national","tag-the-orwells","tag-tinariwen","tag-woodkid"],"acf":[],"geo":{"latitude":46.4043083,"longitude":6.2068462,"description":"Signy, Canton de Vaud, 1274, CH"},"jetpack_publicize_connections":[],"jetpack_featured_media_url":"https:\/\/www.wallendorff.com\/belogue\/wp-content\/uploads\/2015\/04\/201408061.jpg","jetpack_shortlink":"https:\/\/wp.me\/p3b35P-63f","jetpack_sharing_enabled":true,"jetpack-related-posts":[{"id":46181,"url":"https:\/\/www.wallendorff.com\/belogue\/2020\/07\/21\/8-ans-de-paleo-festival-2014\/","url_meta":{"origin":23265,"position":0},"title":"8 ans de Pal\u00e9o Festival : 2014.","author":"dpc","date":"21 juillet 2020","format":false,"excerpt":"","rel":"","context":"Dans &quot;Alive&quot;","block_context":{"text":"Alive","link":"https:\/\/www.wallendorff.com\/belogue\/category\/alive\/"},"img":{"alt_text":"","src":"https:\/\/i0.wp.com\/www.wallendorff.com\/belogue\/wp-content\/uploads\/2020\/07\/20200721-36.jpg?resize=350%2C200&ssl=1","width":350,"height":200,"srcset":"https:\/\/i0.wp.com\/www.wallendorff.com\/belogue\/wp-content\/uploads\/2020\/07\/20200721-36.jpg?resize=350%2C200&ssl=1 1x, https:\/\/i0.wp.com\/www.wallendorff.com\/belogue\/wp-content\/uploads\/2020\/07\/20200721-36.jpg?resize=525%2C300&ssl=1 1.5x, https:\/\/i0.wp.com\/www.wallendorff.com\/belogue\/wp-content\/uploads\/2020\/07\/20200721-36.jpg?resize=700%2C400&ssl=1 2x, https:\/\/i0.wp.com\/www.wallendorff.com\/belogue\/wp-content\/uploads\/2020\/07\/20200721-36.jpg?resize=1050%2C600&ssl=1 3x"},"classes":[]},{"id":129565,"url":"https:\/\/www.wallendorff.com\/belogue\/2024\/07\/26\/paleo-festival-2024-nyon-jour-3\/","url_meta":{"origin":23265,"position":1},"title":"Pal\u00e9o Festival 2024, Nyon, jour 3.","author":"dpc","date":"26 juillet 2024","format":false,"excerpt":"Ambiance, Pal\u00e9o Festival Nyon 2024 Ambiance, Pal\u00e9o Festival Nyon 2024 Ambiance, Pal\u00e9o Festival Nyon 2024 Ambiance, Pal\u00e9o Festival Nyon 2024 Ambiance, Pal\u00e9o Festival Nyon 2024 Ambiance, Pal\u00e9o Festival Nyon 2024 Ambiance, Pal\u00e9o Festival Nyon 2024 Ambiance, Pal\u00e9o Festival Nyon 2024","rel":"","context":"Dans &quot;Alive&quot;","block_context":{"text":"Alive","link":"https:\/\/www.wallendorff.com\/belogue\/category\/alive\/"},"img":{"alt_text":"","src":"https:\/\/i0.wp.com\/www.wallendorff.com\/belogue\/wp-content\/uploads\/2024\/07\/20240726-55.jpg?resize=350%2C200&ssl=1","width":350,"height":200,"srcset":"https:\/\/i0.wp.com\/www.wallendorff.com\/belogue\/wp-content\/uploads\/2024\/07\/20240726-55.jpg?resize=350%2C200&ssl=1 1x, https:\/\/i0.wp.com\/www.wallendorff.com\/belogue\/wp-content\/uploads\/2024\/07\/20240726-55.jpg?resize=525%2C300&ssl=1 1.5x, https:\/\/i0.wp.com\/www.wallendorff.com\/belogue\/wp-content\/uploads\/2024\/07\/20240726-55.jpg?resize=700%2C400&ssl=1 2x, https:\/\/i0.wp.com\/www.wallendorff.com\/belogue\/wp-content\/uploads\/2024\/07\/20240726-55.jpg?resize=1050%2C600&ssl=1 3x"},"classes":[]},{"id":21405,"url":"https:\/\/www.wallendorff.com\/belogue\/2013\/08\/05\/paleo-festival-2013-nyon-jours-4-5-6\/","url_meta":{"origin":23265,"position":2},"title":"Pal\u00e9o Festival 2013, Nyon &#8211; jours 4-5-6.","author":"dpc","date":"5 ao\u00fbt 2013","format":false,"excerpt":"Vendredi et dimanche furent un peu courts, alors je r\u00e9unis tout\u00a0: les 35\u00a0\u00b0C du vendredi et du samedi, les gerbes d'eau de Blur, la chemise hawa\u00efenne de Biolay, la bi\u00e8re qui mousse de Saez et l'orage et le feu d'artifice sous la pluie du dimanche. La suite viendra l'ann\u00e9e prochaine...\u2026","rel":"","context":"Dans &quot;Alive&quot;","block_context":{"text":"Alive","link":"https:\/\/www.wallendorff.com\/belogue\/category\/alive\/"},"img":{"alt_text":"","src":"https:\/\/i0.wp.com\/www.wallendorff.com\/belogue\/wp-content\/uploads\/2015\/04\/201308051.jpg?resize=350%2C200&ssl=1","width":350,"height":200,"srcset":"https:\/\/i0.wp.com\/www.wallendorff.com\/belogue\/wp-content\/uploads\/2015\/04\/201308051.jpg?resize=350%2C200&ssl=1 1x, https:\/\/i0.wp.com\/www.wallendorff.com\/belogue\/wp-content\/uploads\/2015\/04\/201308051.jpg?resize=525%2C300&ssl=1 1.5x, https:\/\/i0.wp.com\/www.wallendorff.com\/belogue\/wp-content\/uploads\/2015\/04\/201308051.jpg?resize=700%2C400&ssl=1 2x"},"classes":[]},{"id":129644,"url":"https:\/\/www.wallendorff.com\/belogue\/2024\/07\/27\/paleo-festival-2024-nyon-jour-4\/","url_meta":{"origin":23265,"position":3},"title":"Pal\u00e9o Festival 2024, Nyon, jour 4.","author":"dpc","date":"27 juillet 2024","format":false,"excerpt":"","rel":"","context":"Dans &quot;Alive&quot;","block_context":{"text":"Alive","link":"https:\/\/www.wallendorff.com\/belogue\/category\/alive\/"},"img":{"alt_text":"","src":"https:\/\/i0.wp.com\/www.wallendorff.com\/belogue\/wp-content\/uploads\/2024\/07\/20240727-27.jpg?resize=350%2C200&ssl=1","width":350,"height":200,"srcset":"https:\/\/i0.wp.com\/www.wallendorff.com\/belogue\/wp-content\/uploads\/2024\/07\/20240727-27.jpg?resize=350%2C200&ssl=1 1x, https:\/\/i0.wp.com\/www.wallendorff.com\/belogue\/wp-content\/uploads\/2024\/07\/20240727-27.jpg?resize=525%2C300&ssl=1 1.5x, https:\/\/i0.wp.com\/www.wallendorff.com\/belogue\/wp-content\/uploads\/2024\/07\/20240727-27.jpg?resize=700%2C400&ssl=1 2x, https:\/\/i0.wp.com\/www.wallendorff.com\/belogue\/wp-content\/uploads\/2024\/07\/20240727-27.jpg?resize=1050%2C600&ssl=1 3x"},"classes":[]},{"id":21363,"url":"https:\/\/www.wallendorff.com\/belogue\/2013\/07\/31\/paleo-festival-2013-nyon-jour-1\/","url_meta":{"origin":23265,"position":4},"title":"Pal\u00e9o Festival 2013, Nyon &#8211; jour 1.","author":"dpc","date":"31 juillet 2013","format":false,"excerpt":"5\u00a0h de route, un virage rat\u00e9, puis les retrouvailles\u00a0: avec le Nyon - Saint-Cergue et le plus joli itin\u00e9raire-vers-le-boulot du monde, puis la plaine de l'Asse, puis tout ceux qui la peuplent. Avec ce m\u00eame sentiment qu'une entr\u00e9e en deuxi\u00e8me ann\u00e9e ou un retour dans la colo de l'\u00e9t\u00e9 pr\u00e9c\u00e9dent.\u2026","rel":"","context":"Dans &quot;Alive&quot;","block_context":{"text":"Alive","link":"https:\/\/www.wallendorff.com\/belogue\/category\/alive\/"},"img":{"alt_text":"","src":"https:\/\/i0.wp.com\/www.wallendorff.com\/belogue\/wp-content\/uploads\/2015\/04\/201307311.jpg?resize=350%2C200&ssl=1","width":350,"height":200,"srcset":"https:\/\/i0.wp.com\/www.wallendorff.com\/belogue\/wp-content\/uploads\/2015\/04\/201307311.jpg?resize=350%2C200&ssl=1 1x, https:\/\/i0.wp.com\/www.wallendorff.com\/belogue\/wp-content\/uploads\/2015\/04\/201307311.jpg?resize=525%2C300&ssl=1 1.5x, https:\/\/i0.wp.com\/www.wallendorff.com\/belogue\/wp-content\/uploads\/2015\/04\/201307311.jpg?resize=700%2C400&ssl=1 2x"},"classes":[]},{"id":21389,"url":"https:\/\/www.wallendorff.com\/belogue\/2013\/08\/02\/paleo-festival-2013-jour-3\/","url_meta":{"origin":23265,"position":5},"title":"Pal\u00e9o Festival 2013, Nyon &#8211; jour 3.","author":"dpc","date":"2 ao\u00fbt 2013","format":false,"excerpt":"Apr\u00e8s Black Lion Genocide l'ann\u00e9e derni\u00e8re, c'est Klaxon et M\u00fcller qui retournent Pal\u00e9o avec une prestation unique de 20 minutes, point culminant d'une journ\u00e9e marqu\u00e9e par le show dingue de Crystal Fighters trop \u00e0 l'\u00e9troit au D\u00e9tour, l'ambiance folle de Stupeflip et la d\u00e9couverte Kadebostany. Le reste des photos est\u2026","rel":"","context":"Dans &quot;Alive&quot;","block_context":{"text":"Alive","link":"https:\/\/www.wallendorff.com\/belogue\/category\/alive\/"},"img":{"alt_text":"","src":"https:\/\/i0.wp.com\/www.wallendorff.com\/belogue\/wp-content\/uploads\/2015\/04\/201308021.jpg?resize=350%2C200&ssl=1","width":350,"height":200,"srcset":"https:\/\/i0.wp.com\/www.wallendorff.com\/belogue\/wp-content\/uploads\/2015\/04\/201308021.jpg?resize=350%2C200&ssl=1 1x, https:\/\/i0.wp.com\/www.wallendorff.com\/belogue\/wp-content\/uploads\/2015\/04\/201308021.jpg?resize=525%2C300&ssl=1 1.5x, https:\/\/i0.wp.com\/www.wallendorff.com\/belogue\/wp-content\/uploads\/2015\/04\/201308021.jpg?resize=700%2C400&ssl=1 2x"},"classes":[]}],"_links":{"self":[{"href":"https:\/\/www.wallendorff.com\/belogue\/wp-json\/wp\/v2\/posts\/23265","targetHints":{"allow":["GET"]}}],"collection":[{"href":"https:\/\/www.wallendorff.com\/belogue\/wp-json\/wp\/v2\/posts"}],"about":[{"href":"https:\/\/www.wallendorff.com\/belogue\/wp-json\/wp\/v2\/types\/post"}],"author":[{"embeddable":true,"href":"https:\/\/www.wallendorff.com\/belogue\/wp-json\/wp\/v2\/users\/1"}],"replies":[{"embeddable":true,"href":"https:\/\/www.wallendorff.com\/belogue\/wp-json\/wp\/v2\/comments?post=23265"}],"version-history":[{"count":4,"href":"https:\/\/www.wallendorff.com\/belogue\/wp-json\/wp\/v2\/posts\/23265\/revisions"}],"predecessor-version":[{"id":23742,"href":"https:\/\/www.wallendorff.com\/belogue\/wp-json\/wp\/v2\/posts\/23265\/revisions\/23742"}],"wp:featuredmedia":[{"embeddable":true,"href":"https:\/\/www.wallendorff.com\/belogue\/wp-json\/wp\/v2\/media\/26826"}],"wp:attachment":[{"href":"https:\/\/www.wallendorff.com\/belogue\/wp-json\/wp\/v2\/media?parent=23265"}],"wp:term":[{"taxonomy":"category","embeddable":true,"href":"https:\/\/www.wallendorff.com\/belogue\/wp-json\/wp\/v2\/categories?post=23265"},{"taxonomy":"post_tag","embeddable":true,"href":"https:\/\/www.wallendorff.com\/belogue\/wp-json\/wp\/v2\/tags?post=23265"}],"curies":[{"name":"wp","href":"https:\/\/api.w.org\/{rel}","templated":true}]}}