{"id":23255,"date":"2014-08-05T13:59:25","date_gmt":"2014-08-05T11:59:25","guid":{"rendered":"http:\/\/www.wallendorff.com\/?p=23255"},"modified":"2018-05-23T08:12:21","modified_gmt":"2018-05-23T06:12:21","slug":"paleo-festival-nyon-26-juillet","status":"publish","type":"post","link":"https:\/\/www.wallendorff.com\/belogue\/2014\/08\/05\/paleo-festival-nyon-26-juillet\/","title":{"rendered":"Pal\u00e9o Festival, Nyon, 26 juillet."},"content":{"rendered":"\n<div id=\"photo\">\n<p><img decoding=\"async\" src=\"https:\/\/www.wallendorff.com\/belogue\/photo\/2014\/08\/20140805.jpg\"><\/p>\n<\/p><\/div>\n<p>Samedi embourb&eacute;, on tra&icirc;ne 5&nbsp;kg de terre par godasse et on glisse dans les pentes. Casseurs Flowters impressionnants dans le coucher de soleil, un tour de grande roue et des Fills Monkey g&eacute;niaux.<\/p>\n<p style=\"text-align:right\">Pour le reste des photos, suivre <a href=\"https:\/\/www.wallendorff.com\/belogue\/tag\/paleo-festival-2014\">ce lien<\/a>.<\/p>\n<div id=\"bandeson\">\n<p><img decoding=\"async\" src=\"https:\/\/www.wallendorff.com\/belogue\/photo\/pochettes\/p\/prince_rama-top_10_hits_of_the_end_of_the_world.jpg\" align=\"left\" \/><a style=\"font-weight:normal\" id=\"lienmp3\" href=\"http:\/\/www.youtube.com\/watch?v=h5nISrIVsNs\"><em>So Destroyed<\/em><\/a><br \/>\n<a href=\"http:\/\/princerama.com\/\">Prince Rama<\/a><\/p>\n<\/p><\/div>ngg_shortcode_0_placeholder<p>&nbsp;<\/p>\n","protected":false},"excerpt":{"rendered":"<p>Samedi embourb&eacute;, on tra&icirc;ne 5&nbsp;kg de terre par godasse et on glisse dans les pentes. Casseurs Flowters impressionnants dans le coucher de soleil, un tour de grande roue et des Fills Monkey g&eacute;niaux. Pour le reste des photos, suivre ce lien. So Destroyed Prince Rama &nbsp;<\/p>\n","protected":false},"author":1,"featured_media":26832,"comment_status":"open","ping_status":"open","sticky":false,"template":"","format":"standard","meta":{"_acf_changed":false,"ngg_post_thumbnail":0,"jetpack_post_was_ever_published":false,"_jetpack_newsletter_access":"","_jetpack_dont_email_post_to_subs":false,"_jetpack_newsletter_tier_id":0,"_jetpack_memberships_contains_paywalled_content":false,"_jetpack_memberships_contains_paid_content":false,"footnotes":"","jetpack_publicize_message":"","jetpack_publicize_feature_enabled":true,"jetpack_social_post_already_shared":false,"jetpack_social_options":{"image_generator_settings":{"template":"highway","default_image_id":0,"font":"","enabled":false},"version":2}},"categories":[7],"tags":[11810,10084,2571,8170,181,6766,8351,10887,8853,11080,10136,12110,8854,10449,1708,12097,12099,8855,10135,8243,8856,10886,12108],"class_list":["post-23255","post","type-post","status-publish","format-standard","has-post-thumbnail","hentry","category-alive","tag-11810","tag-alive","tag-ef-16-35-mm-f28l-ii-usm","tag-ef-24-70-mm-f2-8l-ii-usm","tag-ef-70-200-mm-f28l-usm","tag-eos-5d-mark-iii","tag-eos-6d","tag-canton-de-vaud","tag-casseurs-flowters","tag-dictrict-de-nyon","tag-festival","tag-fills-monkey","tag-kery-james","tag-nyon","tag-paleo-festival","tag-paleo-festival-2014","tag-plaine-de-lasse","tag-prince-rama","tag-public","tag-sigma-15-mm-f2-8-ex-dg-diagonal-fish-eye","tag-so-destroyed","tag-suisse","tag-the-coup"],"acf":[],"geo":{"latitude":46.4043083,"longitude":6.2068462,"description":"Signy, Canton de Vaud, 1274, CH"},"jetpack_publicize_connections":[],"jetpack_featured_media_url":"https:\/\/www.wallendorff.com\/belogue\/wp-content\/uploads\/2015\/04\/201408051.jpg","jetpack_shortlink":"https:\/\/wp.me\/p3b35P-635","jetpack_sharing_enabled":true,"jetpack-related-posts":[{"id":129779,"url":"https:\/\/www.wallendorff.com\/belogue\/2024\/07\/30\/paleo-festival-2024-nyon-jour-6\/","url_meta":{"origin":23255,"position":0},"title":"Pal\u00e9o Festival 2024, Nyon, jour 6.","author":"dpc","date":"30 juillet 2024","format":false,"excerpt":"","rel":"","context":"Dans &quot;Alive&quot;","block_context":{"text":"Alive","link":"https:\/\/www.wallendorff.com\/belogue\/category\/alive\/"},"img":{"alt_text":"","src":"https:\/\/i0.wp.com\/www.wallendorff.com\/belogue\/wp-content\/uploads\/2024\/07\/20240729-35.jpg?resize=350%2C200&ssl=1","width":350,"height":200,"srcset":"https:\/\/i0.wp.com\/www.wallendorff.com\/belogue\/wp-content\/uploads\/2024\/07\/20240729-35.jpg?resize=350%2C200&ssl=1 1x, https:\/\/i0.wp.com\/www.wallendorff.com\/belogue\/wp-content\/uploads\/2024\/07\/20240729-35.jpg?resize=525%2C300&ssl=1 1.5x, https:\/\/i0.wp.com\/www.wallendorff.com\/belogue\/wp-content\/uploads\/2024\/07\/20240729-35.jpg?resize=700%2C400&ssl=1 2x, https:\/\/i0.wp.com\/www.wallendorff.com\/belogue\/wp-content\/uploads\/2024\/07\/20240729-35.jpg?resize=1050%2C600&ssl=1 3x"},"classes":[]},{"id":129565,"url":"https:\/\/www.wallendorff.com\/belogue\/2024\/07\/26\/paleo-festival-2024-nyon-jour-3\/","url_meta":{"origin":23255,"position":1},"title":"Pal\u00e9o Festival 2024, Nyon, jour 3.","author":"dpc","date":"26 juillet 2024","format":false,"excerpt":"Ambiance, Pal\u00e9o Festival Nyon 2024 Ambiance, Pal\u00e9o Festival Nyon 2024 Ambiance, Pal\u00e9o Festival Nyon 2024 Ambiance, Pal\u00e9o Festival Nyon 2024 Ambiance, Pal\u00e9o Festival Nyon 2024 Ambiance, Pal\u00e9o Festival Nyon 2024 Ambiance, Pal\u00e9o Festival Nyon 2024 Ambiance, Pal\u00e9o Festival Nyon 2024","rel":"","context":"Dans &quot;Alive&quot;","block_context":{"text":"Alive","link":"https:\/\/www.wallendorff.com\/belogue\/category\/alive\/"},"img":{"alt_text":"","src":"https:\/\/i0.wp.com\/www.wallendorff.com\/belogue\/wp-content\/uploads\/2024\/07\/20240726-55.jpg?resize=350%2C200&ssl=1","width":350,"height":200,"srcset":"https:\/\/i0.wp.com\/www.wallendorff.com\/belogue\/wp-content\/uploads\/2024\/07\/20240726-55.jpg?resize=350%2C200&ssl=1 1x, https:\/\/i0.wp.com\/www.wallendorff.com\/belogue\/wp-content\/uploads\/2024\/07\/20240726-55.jpg?resize=525%2C300&ssl=1 1.5x, https:\/\/i0.wp.com\/www.wallendorff.com\/belogue\/wp-content\/uploads\/2024\/07\/20240726-55.jpg?resize=700%2C400&ssl=1 2x, https:\/\/i0.wp.com\/www.wallendorff.com\/belogue\/wp-content\/uploads\/2024\/07\/20240726-55.jpg?resize=1050%2C600&ssl=1 3x"},"classes":[]},{"id":129644,"url":"https:\/\/www.wallendorff.com\/belogue\/2024\/07\/27\/paleo-festival-2024-nyon-jour-4\/","url_meta":{"origin":23255,"position":2},"title":"Pal\u00e9o Festival 2024, Nyon, jour 4.","author":"dpc","date":"27 juillet 2024","format":false,"excerpt":"","rel":"","context":"Dans &quot;Alive&quot;","block_context":{"text":"Alive","link":"https:\/\/www.wallendorff.com\/belogue\/category\/alive\/"},"img":{"alt_text":"","src":"https:\/\/i0.wp.com\/www.wallendorff.com\/belogue\/wp-content\/uploads\/2024\/07\/20240727-27.jpg?resize=350%2C200&ssl=1","width":350,"height":200,"srcset":"https:\/\/i0.wp.com\/www.wallendorff.com\/belogue\/wp-content\/uploads\/2024\/07\/20240727-27.jpg?resize=350%2C200&ssl=1 1x, https:\/\/i0.wp.com\/www.wallendorff.com\/belogue\/wp-content\/uploads\/2024\/07\/20240727-27.jpg?resize=525%2C300&ssl=1 1.5x, https:\/\/i0.wp.com\/www.wallendorff.com\/belogue\/wp-content\/uploads\/2024\/07\/20240727-27.jpg?resize=700%2C400&ssl=1 2x, https:\/\/i0.wp.com\/www.wallendorff.com\/belogue\/wp-content\/uploads\/2024\/07\/20240727-27.jpg?resize=1050%2C600&ssl=1 3x"},"classes":[]},{"id":129697,"url":"https:\/\/www.wallendorff.com\/belogue\/2024\/07\/28\/paleo-festival-2024-nyon-jour-5\/","url_meta":{"origin":23255,"position":3},"title":"Pal\u00e9o Festival 2024, Nyon, jour 5.","author":"dpc","date":"28 juillet 2024","format":false,"excerpt":"","rel":"","context":"Dans &quot;Alive&quot;","block_context":{"text":"Alive","link":"https:\/\/www.wallendorff.com\/belogue\/category\/alive\/"},"img":{"alt_text":"","src":"https:\/\/i0.wp.com\/www.wallendorff.com\/belogue\/wp-content\/uploads\/2024\/07\/20240728-70.jpg?resize=350%2C200&ssl=1","width":350,"height":200,"srcset":"https:\/\/i0.wp.com\/www.wallendorff.com\/belogue\/wp-content\/uploads\/2024\/07\/20240728-70.jpg?resize=350%2C200&ssl=1 1x, https:\/\/i0.wp.com\/www.wallendorff.com\/belogue\/wp-content\/uploads\/2024\/07\/20240728-70.jpg?resize=525%2C300&ssl=1 1.5x, https:\/\/i0.wp.com\/www.wallendorff.com\/belogue\/wp-content\/uploads\/2024\/07\/20240728-70.jpg?resize=700%2C400&ssl=1 2x, https:\/\/i0.wp.com\/www.wallendorff.com\/belogue\/wp-content\/uploads\/2024\/07\/20240728-70.jpg?resize=1050%2C600&ssl=1 3x"},"classes":[]},{"id":46181,"url":"https:\/\/www.wallendorff.com\/belogue\/2020\/07\/21\/8-ans-de-paleo-festival-2014\/","url_meta":{"origin":23255,"position":4},"title":"8 ans de Pal\u00e9o Festival : 2014.","author":"dpc","date":"21 juillet 2020","format":false,"excerpt":"","rel":"","context":"Dans &quot;Alive&quot;","block_context":{"text":"Alive","link":"https:\/\/www.wallendorff.com\/belogue\/category\/alive\/"},"img":{"alt_text":"","src":"https:\/\/i0.wp.com\/www.wallendorff.com\/belogue\/wp-content\/uploads\/2020\/07\/20200721-36.jpg?resize=350%2C200&ssl=1","width":350,"height":200,"srcset":"https:\/\/i0.wp.com\/www.wallendorff.com\/belogue\/wp-content\/uploads\/2020\/07\/20200721-36.jpg?resize=350%2C200&ssl=1 1x, https:\/\/i0.wp.com\/www.wallendorff.com\/belogue\/wp-content\/uploads\/2020\/07\/20200721-36.jpg?resize=525%2C300&ssl=1 1.5x, https:\/\/i0.wp.com\/www.wallendorff.com\/belogue\/wp-content\/uploads\/2020\/07\/20200721-36.jpg?resize=700%2C400&ssl=1 2x, https:\/\/i0.wp.com\/www.wallendorff.com\/belogue\/wp-content\/uploads\/2020\/07\/20200721-36.jpg?resize=1050%2C600&ssl=1 3x"},"classes":[]},{"id":125680,"url":"https:\/\/www.wallendorff.com\/belogue\/2023\/07\/25\/paleo-festival-2023-nyon-jour-6\/","url_meta":{"origin":23255,"position":5},"title":"Pal\u00e9o Festival 2023, Nyon, jour 6.","author":"dpc","date":"25 juillet 2023","format":false,"excerpt":"Ambiance, Pal\u00e9o Festival Nyon 2023 Ambiance, Pal\u00e9o Festival Nyon 2023 Ambiance, Pal\u00e9o Festival Nyon 2023 Ambiance, Pal\u00e9o Festival Nyon 2023 La Col\u00e8re, Pal\u00e9o Festival Nyon 2023 Ambiance, Pal\u00e9o Festival Nyon 2023 La Col\u00e8re, Pal\u00e9o Festival Nyon 2023 Ambiance, Pal\u00e9o Festival Nyon 2023 Ambiance, Pal\u00e9o Festival Nyon 2023 Roda do Cavaco,\u2026","rel":"","context":"Dans &quot;Alive&quot;","block_context":{"text":"Alive","link":"https:\/\/www.wallendorff.com\/belogue\/category\/alive\/"},"img":{"alt_text":"","src":"https:\/\/i0.wp.com\/www.wallendorff.com\/belogue\/wp-content\/uploads\/2023\/07\/20230725-28.jpg?resize=350%2C200&ssl=1","width":350,"height":200,"srcset":"https:\/\/i0.wp.com\/www.wallendorff.com\/belogue\/wp-content\/uploads\/2023\/07\/20230725-28.jpg?resize=350%2C200&ssl=1 1x, https:\/\/i0.wp.com\/www.wallendorff.com\/belogue\/wp-content\/uploads\/2023\/07\/20230725-28.jpg?resize=525%2C300&ssl=1 1.5x, https:\/\/i0.wp.com\/www.wallendorff.com\/belogue\/wp-content\/uploads\/2023\/07\/20230725-28.jpg?resize=700%2C400&ssl=1 2x, https:\/\/i0.wp.com\/www.wallendorff.com\/belogue\/wp-content\/uploads\/2023\/07\/20230725-28.jpg?resize=1050%2C600&ssl=1 3x"},"classes":[]}],"_links":{"self":[{"href":"https:\/\/www.wallendorff.com\/belogue\/wp-json\/wp\/v2\/posts\/23255","targetHints":{"allow":["GET"]}}],"collection":[{"href":"https:\/\/www.wallendorff.com\/belogue\/wp-json\/wp\/v2\/posts"}],"about":[{"href":"https:\/\/www.wallendorff.com\/belogue\/wp-json\/wp\/v2\/types\/post"}],"author":[{"embeddable":true,"href":"https:\/\/www.wallendorff.com\/belogue\/wp-json\/wp\/v2\/users\/1"}],"replies":[{"embeddable":true,"href":"https:\/\/www.wallendorff.com\/belogue\/wp-json\/wp\/v2\/comments?post=23255"}],"version-history":[{"count":5,"href":"https:\/\/www.wallendorff.com\/belogue\/wp-json\/wp\/v2\/posts\/23255\/revisions"}],"predecessor-version":[{"id":23391,"href":"https:\/\/www.wallendorff.com\/belogue\/wp-json\/wp\/v2\/posts\/23255\/revisions\/23391"}],"wp:featuredmedia":[{"embeddable":true,"href":"https:\/\/www.wallendorff.com\/belogue\/wp-json\/wp\/v2\/media\/26832"}],"wp:attachment":[{"href":"https:\/\/www.wallendorff.com\/belogue\/wp-json\/wp\/v2\/media?parent=23255"}],"wp:term":[{"taxonomy":"category","embeddable":true,"href":"https:\/\/www.wallendorff.com\/belogue\/wp-json\/wp\/v2\/categories?post=23255"},{"taxonomy":"post_tag","embeddable":true,"href":"https:\/\/www.wallendorff.com\/belogue\/wp-json\/wp\/v2\/tags?post=23255"}],"curies":[{"name":"wp","href":"https:\/\/api.w.org\/{rel}","templated":true}]}}