{"id":23248,"date":"2014-08-04T12:52:55","date_gmt":"2014-08-04T10:52:55","guid":{"rendered":"http:\/\/www.wallendorff.com\/?p=23248"},"modified":"2018-05-23T08:12:21","modified_gmt":"2018-05-23T06:12:21","slug":"paleo-festival-nyon-24-25-juillet","status":"publish","type":"post","link":"https:\/\/www.wallendorff.com\/belogue\/2014\/08\/04\/paleo-festival-nyon-24-25-juillet\/","title":{"rendered":"Pal\u00e9o Festival, Nyon, 24-25 juillet."},"content":{"rendered":"\n<div id=\"photo\">\n<p><img decoding=\"async\" src=\"https:\/\/www.wallendorff.com\/belogue\/photo\/2014\/08\/20140804.jpg\"><\/p>\n<\/p><\/div>\n<p>Jeudi sans bracelet, l&rsquo;occasion d&rsquo;all&eacute;ger le sac et de changer de style de photo (&agrave; suivre, plus tard). Vendredi plus &eacute;nerv&eacute;. Il fait lourd, Skip the Use jouent sous la pluie, je me retrouve &agrave; signer des autographes dans la fosse (une grande premi&egrave;re. Voir la photo n<sup>o<\/sup> 37), Shaka Ponk assurent le show et la soir&eacute;e se termine par une plong&eacute;e soudaine dans le monde insoup&ccedil;onn&eacute; et compl&egrave;tement &agrave; la ramasse de Salut c&rsquo;est cool. J&rsquo;avais pas ri comme &ccedil;a depuis&#8230; Non, en fait, j&rsquo;avais pas ri comme &ccedil;a.<\/p>\n<p style=\"text-align:right\">Merci &agrave; Didier, S&eacute;bastien, Roland et tout le reste de l&rsquo;&eacute;quipe pour le tour dans la tour. Pas eu l&rsquo;occasion de vous offrir une bi&egrave;re de remerciement, mais j&rsquo;esp&egrave;re bien me rattraper l&rsquo;ann&eacute;e prochaine.<\/p>\n<p style=\"text-align:right\">Pour le reste des photos, suivre <a href=\"https:\/\/www.wallendorff.com\/belogue\/tag\/paleo-festival-2014\">ce lien<\/a>.<\/p>\n<div id=\"bandeson\">\n<p><img decoding=\"async\" src=\"https:\/\/www.wallendorff.com\/belogue\/photo\/pochettes\/m\/mould_bob-beauty&#038;ruin.jpg\" align=\"left\" \/><a style=\"font-weight:normal\" id=\"lienmp3\" href=\"http:\/\/www.youtube.com\/watch?v=ZxGxqPWamKs\"><em>Little Glass Pill<\/em><\/a><br \/>\n<a href=\"http:\/\/www.bobmould.com\">Bob Mould<\/a><\/p>\n<\/p><\/div>ngg_shortcode_0_placeholder<p>&nbsp;<\/p>\n","protected":false},"excerpt":{"rendered":"<p>Jeudi sans bracelet, l&rsquo;occasion d&rsquo;all&eacute;ger le sac et de changer de style de photo (&agrave; suivre, plus tard). Vendredi plus &eacute;nerv&eacute;. Il fait lourd, Skip the Use jouent sous la pluie, je me retrouve &agrave; signer des autographes dans la fosse (une grande premi&egrave;re. Voir la photo no 37), Shaka Ponk assurent le show et&hellip;<\/p>\n","protected":false},"author":1,"featured_media":26831,"comment_status":"open","ping_status":"open","sticky":false,"template":"","format":"standard","meta":{"_acf_changed":false,"ngg_post_thumbnail":0,"jetpack_post_was_ever_published":false,"_jetpack_newsletter_access":"","_jetpack_dont_email_post_to_subs":false,"_jetpack_newsletter_tier_id":0,"_jetpack_memberships_contains_paywalled_content":false,"_jetpack_memberships_contains_paid_content":false,"footnotes":"","jetpack_publicize_message":"","jetpack_publicize_feature_enabled":true,"jetpack_social_post_already_shared":false,"jetpack_social_options":{"image_generator_settings":{"template":"highway","default_image_id":0,"font":"","enabled":false},"version":2}},"categories":[7],"tags":[11810,10084,9280,6995,2571,8170,181,8751,6766,8351,10887,11080,10136,8846,10449,1708,12097,12099,10135,8847,10910,8243,11047,10886],"class_list":["post-23248","post","type-post","status-publish","format-standard","has-post-thumbnail","hentry","category-alive","tag-11810","tag-alive","tag-beauty-ruin","tag-bob-mould","tag-ef-16-35-mm-f28l-ii-usm","tag-ef-24-70-mm-f2-8l-ii-usm","tag-ef-70-200-mm-f28l-usm","tag-ef-70-300mm-f4-5-6-is-usm","tag-eos-5d-mark-iii","tag-eos-6d","tag-canton-de-vaud","tag-dictrict-de-nyon","tag-festival","tag-little-glass-pill","tag-nyon","tag-paleo-festival","tag-paleo-festival-2014","tag-plaine-de-lasse","tag-public","tag-salut-cest-cool-2","tag-shaka-ponk","tag-sigma-15-mm-f2-8-ex-dg-diagonal-fish-eye","tag-skip-the-use","tag-suisse"],"acf":[],"geo":{"latitude":46.4043083,"longitude":6.2068462,"description":"Signy, Canton de Vaud, 1274, CH"},"jetpack_publicize_connections":[],"jetpack_featured_media_url":"https:\/\/www.wallendorff.com\/belogue\/wp-content\/uploads\/2015\/04\/201408041.jpg","jetpack_shortlink":"https:\/\/wp.me\/p3b35P-62Y","jetpack_sharing_enabled":true,"jetpack-related-posts":[{"id":46181,"url":"https:\/\/www.wallendorff.com\/belogue\/2020\/07\/21\/8-ans-de-paleo-festival-2014\/","url_meta":{"origin":23248,"position":0},"title":"8 ans de Pal\u00e9o Festival : 2014.","author":"dpc","date":"21 juillet 2020","format":false,"excerpt":"","rel":"","context":"Dans &quot;Alive&quot;","block_context":{"text":"Alive","link":"https:\/\/www.wallendorff.com\/belogue\/category\/alive\/"},"img":{"alt_text":"","src":"https:\/\/i0.wp.com\/www.wallendorff.com\/belogue\/wp-content\/uploads\/2020\/07\/20200721-36.jpg?resize=350%2C200&ssl=1","width":350,"height":200,"srcset":"https:\/\/i0.wp.com\/www.wallendorff.com\/belogue\/wp-content\/uploads\/2020\/07\/20200721-36.jpg?resize=350%2C200&ssl=1 1x, https:\/\/i0.wp.com\/www.wallendorff.com\/belogue\/wp-content\/uploads\/2020\/07\/20200721-36.jpg?resize=525%2C300&ssl=1 1.5x, https:\/\/i0.wp.com\/www.wallendorff.com\/belogue\/wp-content\/uploads\/2020\/07\/20200721-36.jpg?resize=700%2C400&ssl=1 2x, https:\/\/i0.wp.com\/www.wallendorff.com\/belogue\/wp-content\/uploads\/2020\/07\/20200721-36.jpg?resize=1050%2C600&ssl=1 3x"},"classes":[]},{"id":125458,"url":"https:\/\/www.wallendorff.com\/belogue\/2023\/07\/21\/paleo-festival-2023-nyon-jour-3\/","url_meta":{"origin":23248,"position":1},"title":"Pal\u00e9o Festival 2023, Nyon, jour 3.","author":"dpc","date":"21 juillet 2023","format":false,"excerpt":"Ambiance, Pal\u00e9o Festival Nyon 2023 Ambiance, Pal\u00e9o Festival Nyon 2023 Ambiance, Pal\u00e9o Festival Nyon 2023 Ambiance, Pal\u00e9o Festival Nyon 2023 Ambiance, Pal\u00e9o Festival Nyon 2023 Ambiance, Pal\u00e9o Festival Nyon 2023 Ambiance, Pal\u00e9o Festival Nyon 2023 Owelle, Pal\u00e9o Festival Nyon 2023 Ambiance, Pal\u00e9o Festival Nyon 2023 Ambiance, Pal\u00e9o Festival Nyon 2023\u2026","rel":"","context":"Dans &quot;Alive&quot;","block_context":{"text":"Alive","link":"https:\/\/www.wallendorff.com\/belogue\/category\/alive\/"},"img":{"alt_text":"","src":"https:\/\/i0.wp.com\/www.wallendorff.com\/belogue\/wp-content\/uploads\/2023\/07\/20230721-37.jpg?resize=350%2C200&ssl=1","width":350,"height":200,"srcset":"https:\/\/i0.wp.com\/www.wallendorff.com\/belogue\/wp-content\/uploads\/2023\/07\/20230721-37.jpg?resize=350%2C200&ssl=1 1x, https:\/\/i0.wp.com\/www.wallendorff.com\/belogue\/wp-content\/uploads\/2023\/07\/20230721-37.jpg?resize=525%2C300&ssl=1 1.5x, https:\/\/i0.wp.com\/www.wallendorff.com\/belogue\/wp-content\/uploads\/2023\/07\/20230721-37.jpg?resize=700%2C400&ssl=1 2x, https:\/\/i0.wp.com\/www.wallendorff.com\/belogue\/wp-content\/uploads\/2023\/07\/20230721-37.jpg?resize=1050%2C600&ssl=1 3x"},"classes":[]},{"id":129565,"url":"https:\/\/www.wallendorff.com\/belogue\/2024\/07\/26\/paleo-festival-2024-nyon-jour-3\/","url_meta":{"origin":23248,"position":2},"title":"Pal\u00e9o Festival 2024, Nyon, jour 3.","author":"dpc","date":"26 juillet 2024","format":false,"excerpt":"Ambiance, Pal\u00e9o Festival Nyon 2024 Ambiance, Pal\u00e9o Festival Nyon 2024 Ambiance, Pal\u00e9o Festival Nyon 2024 Ambiance, Pal\u00e9o Festival Nyon 2024 Ambiance, Pal\u00e9o Festival Nyon 2024 Ambiance, Pal\u00e9o Festival Nyon 2024 Ambiance, Pal\u00e9o Festival Nyon 2024 Ambiance, Pal\u00e9o Festival Nyon 2024","rel":"","context":"Dans &quot;Alive&quot;","block_context":{"text":"Alive","link":"https:\/\/www.wallendorff.com\/belogue\/category\/alive\/"},"img":{"alt_text":"","src":"https:\/\/i0.wp.com\/www.wallendorff.com\/belogue\/wp-content\/uploads\/2024\/07\/20240726-55.jpg?resize=350%2C200&ssl=1","width":350,"height":200,"srcset":"https:\/\/i0.wp.com\/www.wallendorff.com\/belogue\/wp-content\/uploads\/2024\/07\/20240726-55.jpg?resize=350%2C200&ssl=1 1x, https:\/\/i0.wp.com\/www.wallendorff.com\/belogue\/wp-content\/uploads\/2024\/07\/20240726-55.jpg?resize=525%2C300&ssl=1 1.5x, https:\/\/i0.wp.com\/www.wallendorff.com\/belogue\/wp-content\/uploads\/2024\/07\/20240726-55.jpg?resize=700%2C400&ssl=1 2x, https:\/\/i0.wp.com\/www.wallendorff.com\/belogue\/wp-content\/uploads\/2024\/07\/20240726-55.jpg?resize=1050%2C600&ssl=1 3x"},"classes":[]},{"id":129644,"url":"https:\/\/www.wallendorff.com\/belogue\/2024\/07\/27\/paleo-festival-2024-nyon-jour-4\/","url_meta":{"origin":23248,"position":3},"title":"Pal\u00e9o Festival 2024, Nyon, jour 4.","author":"dpc","date":"27 juillet 2024","format":false,"excerpt":"","rel":"","context":"Dans &quot;Alive&quot;","block_context":{"text":"Alive","link":"https:\/\/www.wallendorff.com\/belogue\/category\/alive\/"},"img":{"alt_text":"","src":"https:\/\/i0.wp.com\/www.wallendorff.com\/belogue\/wp-content\/uploads\/2024\/07\/20240727-27.jpg?resize=350%2C200&ssl=1","width":350,"height":200,"srcset":"https:\/\/i0.wp.com\/www.wallendorff.com\/belogue\/wp-content\/uploads\/2024\/07\/20240727-27.jpg?resize=350%2C200&ssl=1 1x, https:\/\/i0.wp.com\/www.wallendorff.com\/belogue\/wp-content\/uploads\/2024\/07\/20240727-27.jpg?resize=525%2C300&ssl=1 1.5x, https:\/\/i0.wp.com\/www.wallendorff.com\/belogue\/wp-content\/uploads\/2024\/07\/20240727-27.jpg?resize=700%2C400&ssl=1 2x, https:\/\/i0.wp.com\/www.wallendorff.com\/belogue\/wp-content\/uploads\/2024\/07\/20240727-27.jpg?resize=1050%2C600&ssl=1 3x"},"classes":[]},{"id":129779,"url":"https:\/\/www.wallendorff.com\/belogue\/2024\/07\/30\/paleo-festival-2024-nyon-jour-6\/","url_meta":{"origin":23248,"position":4},"title":"Pal\u00e9o Festival 2024, Nyon, jour 6.","author":"dpc","date":"30 juillet 2024","format":false,"excerpt":"","rel":"","context":"Dans &quot;Alive&quot;","block_context":{"text":"Alive","link":"https:\/\/www.wallendorff.com\/belogue\/category\/alive\/"},"img":{"alt_text":"","src":"https:\/\/i0.wp.com\/www.wallendorff.com\/belogue\/wp-content\/uploads\/2024\/07\/20240729-35.jpg?resize=350%2C200&ssl=1","width":350,"height":200,"srcset":"https:\/\/i0.wp.com\/www.wallendorff.com\/belogue\/wp-content\/uploads\/2024\/07\/20240729-35.jpg?resize=350%2C200&ssl=1 1x, https:\/\/i0.wp.com\/www.wallendorff.com\/belogue\/wp-content\/uploads\/2024\/07\/20240729-35.jpg?resize=525%2C300&ssl=1 1.5x, https:\/\/i0.wp.com\/www.wallendorff.com\/belogue\/wp-content\/uploads\/2024\/07\/20240729-35.jpg?resize=700%2C400&ssl=1 2x, https:\/\/i0.wp.com\/www.wallendorff.com\/belogue\/wp-content\/uploads\/2024\/07\/20240729-35.jpg?resize=1050%2C600&ssl=1 3x"},"classes":[]},{"id":18354,"url":"https:\/\/www.wallendorff.com\/belogue\/2012\/07\/24\/paleo-festival-2012-nyon-17-21-juillet\/","url_meta":{"origin":23248,"position":5},"title":"Pal\u00e9o Festival 2012, Nyon, 17-21 juillet.","author":"dpc","date":"24 juillet 2012","format":false,"excerpt":"De dr\u00f4les de d\u00e9buts mais une chouette semaine, au final. Vraiment content. \u00c0 refaire. Mardi 17 juillet Brigitte | Camille | M83 et un gros lapin Mercredi 18 juillet Black Lion Genocide (galerie l\u00e0-bas) | Dionysos | Other Lives | Boy Jeudi 19 juillet Nadeah [et c'est tout] Vendredi 20\u2026","rel":"","context":"Dans &quot;Alive&quot;","block_context":{"text":"Alive","link":"https:\/\/www.wallendorff.com\/belogue\/category\/alive\/"},"img":{"alt_text":"","src":"https:\/\/i0.wp.com\/www.wallendorff.com\/belogue\/wp-content\/uploads\/2015\/04\/201207241.jpg?resize=350%2C200&ssl=1","width":350,"height":200,"srcset":"https:\/\/i0.wp.com\/www.wallendorff.com\/belogue\/wp-content\/uploads\/2015\/04\/201207241.jpg?resize=350%2C200&ssl=1 1x, https:\/\/i0.wp.com\/www.wallendorff.com\/belogue\/wp-content\/uploads\/2015\/04\/201207241.jpg?resize=525%2C300&ssl=1 1.5x, https:\/\/i0.wp.com\/www.wallendorff.com\/belogue\/wp-content\/uploads\/2015\/04\/201207241.jpg?resize=700%2C400&ssl=1 2x"},"classes":[]}],"_links":{"self":[{"href":"https:\/\/www.wallendorff.com\/belogue\/wp-json\/wp\/v2\/posts\/23248","targetHints":{"allow":["GET"]}}],"collection":[{"href":"https:\/\/www.wallendorff.com\/belogue\/wp-json\/wp\/v2\/posts"}],"about":[{"href":"https:\/\/www.wallendorff.com\/belogue\/wp-json\/wp\/v2\/types\/post"}],"author":[{"embeddable":true,"href":"https:\/\/www.wallendorff.com\/belogue\/wp-json\/wp\/v2\/users\/1"}],"replies":[{"embeddable":true,"href":"https:\/\/www.wallendorff.com\/belogue\/wp-json\/wp\/v2\/comments?post=23248"}],"version-history":[{"count":7,"href":"https:\/\/www.wallendorff.com\/belogue\/wp-json\/wp\/v2\/posts\/23248\/revisions"}],"predecessor-version":[{"id":23711,"href":"https:\/\/www.wallendorff.com\/belogue\/wp-json\/wp\/v2\/posts\/23248\/revisions\/23711"}],"wp:featuredmedia":[{"embeddable":true,"href":"https:\/\/www.wallendorff.com\/belogue\/wp-json\/wp\/v2\/media\/26831"}],"wp:attachment":[{"href":"https:\/\/www.wallendorff.com\/belogue\/wp-json\/wp\/v2\/media?parent=23248"}],"wp:term":[{"taxonomy":"category","embeddable":true,"href":"https:\/\/www.wallendorff.com\/belogue\/wp-json\/wp\/v2\/categories?post=23248"},{"taxonomy":"post_tag","embeddable":true,"href":"https:\/\/www.wallendorff.com\/belogue\/wp-json\/wp\/v2\/tags?post=23248"}],"curies":[{"name":"wp","href":"https:\/\/api.w.org\/{rel}","templated":true}]}}