{"id":23225,"date":"2014-07-31T12:42:36","date_gmt":"2014-07-31T10:42:36","guid":{"rendered":"http:\/\/www.wallendorff.com\/?p=23225"},"modified":"2014-07-31T12:43:32","modified_gmt":"2014-07-31T10:43:32","slug":"plagisme-i","status":"publish","type":"post","link":"https:\/\/www.wallendorff.com\/belogue\/2014\/07\/31\/plagisme-i\/","title":{"rendered":"Plagisme [I]."},"content":{"rendered":"\n<div id=\"photo\">\n<p><img decoding=\"async\" src=\"https:\/\/www.wallendorff.com\/belogue\/photo\/2014\/07\/20140731.jpg\"><br \/>\nPlage des Cavaliers, Anglet, 9 mai.<\/p>\n<\/p><\/div>\n<div id=\"bandeson\">\n<p><img decoding=\"async\" src=\"https:\/\/www.wallendorff.com\/belogue\/photo\/pochettes\/f\/first_aid_kit-stay_gold.jpg\" align=\"left\" \/><a style=\"font-weight:normal\" id=\"lienmp3\" href=\"http:\/\/www.youtube.com\/watch?v=DKL4X0PZz7M\"><em>My Silver Lining<\/em><\/a><br \/>\n<a href=\"http:\/\/www.thisisfirstaidkit.com\/\">First Aid Kit<\/a><\/p>\n<\/p><\/div>\n","protected":false},"excerpt":{"rendered":"<p>Plage des Cavaliers, Anglet, 9 mai. My Silver Lining First Aid Kit<\/p>\n","protected":false},"author":1,"featured_media":26828,"comment_status":"open","ping_status":"open","sticky":false,"template":"","format":"standard","meta":{"_acf_changed":false,"ngg_post_thumbnail":0,"jetpack_post_was_ever_published":false,"_jetpack_newsletter_access":"","_jetpack_dont_email_post_to_subs":false,"_jetpack_newsletter_tier_id":0,"_jetpack_memberships_contains_paywalled_content":false,"_jetpack_memberships_contains_paid_content":false,"footnotes":"","jetpack_publicize_message":"","jetpack_publicize_feature_enabled":true,"jetpack_social_post_already_shared":false,"jetpack_social_options":{"image_generator_settings":{"template":"highway","default_image_id":0,"font":"","enabled":false},"version":2}},"categories":[3],"tags":[11985,10316,8751,8351,8827,10120,10483,8828,143,4163,10817,8829,10714,11986,10315],"class_list":["post-23225","post","type-post","status-publish","format-standard","has-post-thumbnail","hentry","category-dpc","tag-anglet","tag-aquitaine","tag-ef-70-300mm-f4-5-6-is-usm","tag-eos-6d","tag-first-aid-kit","tag-france","tag-mer","tag-my-silver-lining","tag-noir-et-blanc","tag-ocean-atlantique","tag-phare","tag-phare-de-biarritz","tag-plage","tag-plage-des-cavaliers","tag-pyrenees-atlantiques"],"acf":[],"geo":{"latitude":43.5045052,"longitude":-1.5392447,"description":"Biarritz, Aquitaine, 64200, FR"},"jetpack_publicize_connections":[],"jetpack_featured_media_url":"https:\/\/www.wallendorff.com\/belogue\/wp-content\/uploads\/2015\/04\/201407311.jpg","jetpack_shortlink":"https:\/\/wp.me\/p3b35P-62B","jetpack_sharing_enabled":true,"jetpack-related-posts":[{"id":23282,"url":"https:\/\/www.wallendorff.com\/belogue\/2014\/08\/14\/plagisme-ii\/","url_meta":{"origin":23225,"position":0},"title":"Plagisme [II].","author":"dpc","date":"14 ao\u00fbt 2014","format":false,"excerpt":"Plage des Cavaliers, Anglet, 9 mai. [Le premier date un peu, oui.] Tongues Paws","rel":"","context":"Dans &quot;DPC&quot;","block_context":{"text":"DPC","link":"https:\/\/www.wallendorff.com\/belogue\/category\/dpc\/"},"img":{"alt_text":"","src":"https:\/\/i0.wp.com\/www.wallendorff.com\/belogue\/wp-content\/uploads\/2015\/04\/201408141.jpg?resize=350%2C200&ssl=1","width":350,"height":200,"srcset":"https:\/\/i0.wp.com\/www.wallendorff.com\/belogue\/wp-content\/uploads\/2015\/04\/201408141.jpg?resize=350%2C200&ssl=1 1x, https:\/\/i0.wp.com\/www.wallendorff.com\/belogue\/wp-content\/uploads\/2015\/04\/201408141.jpg?resize=525%2C300&ssl=1 1.5x, https:\/\/i0.wp.com\/www.wallendorff.com\/belogue\/wp-content\/uploads\/2015\/04\/201408141.jpg?resize=700%2C400&ssl=1 2x"},"classes":[]},{"id":23141,"url":"https:\/\/www.wallendorff.com\/belogue\/2014\/07\/04\/weee-lete-weee\/","url_meta":{"origin":23225,"position":1},"title":"W\u00e9\u00e9\u00e9 l&rsquo;\u00e9t\u00e9 w\u00e9\u00e9\u00e9.","author":"dpc","date":"4 juillet 2014","format":false,"excerpt":"Plage des Cavaliers, Anglet, 9 mai. Allez, tout le monde se met la planche sous le bras et court derri\u00e8re moi, c'est parti les campeurs, l'\u00e9t\u00e9 commence aujourd'hui, faudrait voir \u00e0 point le louper. Und jetzt... (voil\u00e0 d\u00e9cid\u00e9ment une de mes phrases pr\u00e9f\u00e9r\u00e9es de l'ann\u00e9e.) ... nach Belfort. \u00a0 A\u2026","rel":"","context":"Dans &quot;DPC&quot;","block_context":{"text":"DPC","link":"https:\/\/www.wallendorff.com\/belogue\/category\/dpc\/"},"img":{"alt_text":"","src":"https:\/\/i0.wp.com\/www.wallendorff.com\/belogue\/wp-content\/uploads\/2015\/04\/201407041.jpg?resize=350%2C200&ssl=1","width":350,"height":200,"srcset":"https:\/\/i0.wp.com\/www.wallendorff.com\/belogue\/wp-content\/uploads\/2015\/04\/201407041.jpg?resize=350%2C200&ssl=1 1x, https:\/\/i0.wp.com\/www.wallendorff.com\/belogue\/wp-content\/uploads\/2015\/04\/201407041.jpg?resize=525%2C300&ssl=1 1.5x, https:\/\/i0.wp.com\/www.wallendorff.com\/belogue\/wp-content\/uploads\/2015\/04\/201407041.jpg?resize=700%2C400&ssl=1 2x"},"classes":[]},{"id":9864,"url":"https:\/\/www.wallendorff.com\/belogue\/2010\/11\/28\/du-hall-denomme\/","url_meta":{"origin":23225,"position":2},"title":"Du hall [d\u00e9nomme].","author":"dpc","date":"28 novembre 2010","format":false,"excerpt":"Galerie Vivienne, Paris, 18 septembre. [On avait dit et redit et reredit et rereredit que... bref.] The Black Angels \u2013 Entrance Song","rel":"","context":"Dans &quot;DPC&quot;","block_context":{"text":"DPC","link":"https:\/\/www.wallendorff.com\/belogue\/category\/dpc\/"},"img":{"alt_text":"","src":"https:\/\/i0.wp.com\/www.wallendorff.com\/belogue\/wp-content\/uploads\/2015\/04\/201011281.jpg?resize=350%2C200&ssl=1","width":350,"height":200,"srcset":"https:\/\/i0.wp.com\/www.wallendorff.com\/belogue\/wp-content\/uploads\/2015\/04\/201011281.jpg?resize=350%2C200&ssl=1 1x, https:\/\/i0.wp.com\/www.wallendorff.com\/belogue\/wp-content\/uploads\/2015\/04\/201011281.jpg?resize=525%2C300&ssl=1 1.5x, https:\/\/i0.wp.com\/www.wallendorff.com\/belogue\/wp-content\/uploads\/2015\/04\/201011281.jpg?resize=700%2C400&ssl=1 2x"},"classes":[]},{"id":34126,"url":"https:\/\/www.wallendorff.com\/belogue\/2017\/06\/01\/greve-de-la-fin-2\/","url_meta":{"origin":23225,"position":3},"title":"Gr\u00e8ve de la fin.","author":"dpc","date":"1 juin 2017","format":false,"excerpt":"Phare d'Eckm\u00fchl, Penmac'h, 14 avril. Shine on Me Dan Auerbach","rel":"","context":"Dans &quot;DPC&quot;","block_context":{"text":"DPC","link":"https:\/\/www.wallendorff.com\/belogue\/category\/dpc\/"},"img":{"alt_text":"","src":"https:\/\/i0.wp.com\/www.wallendorff.com\/belogue\/wp-content\/uploads\/2017\/06\/20170601.jpg?resize=350%2C200&ssl=1","width":350,"height":200,"srcset":"https:\/\/i0.wp.com\/www.wallendorff.com\/belogue\/wp-content\/uploads\/2017\/06\/20170601.jpg?resize=350%2C200&ssl=1 1x, https:\/\/i0.wp.com\/www.wallendorff.com\/belogue\/wp-content\/uploads\/2017\/06\/20170601.jpg?resize=525%2C300&ssl=1 1.5x, https:\/\/i0.wp.com\/www.wallendorff.com\/belogue\/wp-content\/uploads\/2017\/06\/20170601.jpg?resize=700%2C400&ssl=1 2x"},"classes":[]},{"id":130842,"url":"https:\/\/www.wallendorff.com\/belogue\/2024\/09\/30\/septembre-2024\/","url_meta":{"origin":23225,"position":4},"title":"Septembre 2024.","author":"dpc","date":"30 septembre 2024","format":false,"excerpt":"Un violoncelle, un chantier, un concert, une grosse boule, un gros cube, une phryge, un reflet, un concert, des chats, un violon, une plage, un avion, un ap\u00e9ro, un coucher de soleil, un phare, un banc, un chien, une plage, une patrouille, un go\u00e9land, une barque, un autocollant, un caf\u00e9,\u2026","rel":"","context":"Dans &quot;Blog-note&quot;","block_context":{"text":"Blog-note","link":"https:\/\/www.wallendorff.com\/belogue\/category\/blog-note\/"},"img":{"alt_text":"","src":"https:\/\/i0.wp.com\/www.wallendorff.com\/belogue\/wp-content\/uploads\/2024\/10\/20241021-23.jpg?resize=350%2C200&ssl=1","width":350,"height":200,"srcset":"https:\/\/i0.wp.com\/www.wallendorff.com\/belogue\/wp-content\/uploads\/2024\/10\/20241021-23.jpg?resize=350%2C200&ssl=1 1x, https:\/\/i0.wp.com\/www.wallendorff.com\/belogue\/wp-content\/uploads\/2024\/10\/20241021-23.jpg?resize=525%2C300&ssl=1 1.5x, https:\/\/i0.wp.com\/www.wallendorff.com\/belogue\/wp-content\/uploads\/2024\/10\/20241021-23.jpg?resize=700%2C400&ssl=1 2x, https:\/\/i0.wp.com\/www.wallendorff.com\/belogue\/wp-content\/uploads\/2024\/10\/20241021-23.jpg?resize=1050%2C600&ssl=1 3x"},"classes":[]},{"id":53106,"url":"https:\/\/www.wallendorff.com\/belogue\/2022\/08\/31\/aout-2022\/","url_meta":{"origin":23225,"position":5},"title":"Ao\u00fbt 2022.","author":"dpc","date":"31 ao\u00fbt 2022","format":false,"excerpt":"Une place, un ap\u00e9ro, un train, une plage, une \u00e9glise, une plage, un phare, un bateau, une plage, un local poubelle, un ap\u00e9ro, un viaduc, un train, une tour, un m\u00e9tro, un chat pr\u00e9nomm\u00e9 Vernaculaire, un pr\u00e9, des balais, un chat pr\u00e9nomm\u00e9 Paupiette, un livre, un coucher de soleil, un\u2026","rel":"","context":"Dans &quot;Blog-note&quot;","block_context":{"text":"Blog-note","link":"https:\/\/www.wallendorff.com\/belogue\/category\/blog-note\/"},"img":{"alt_text":"","src":"https:\/\/i0.wp.com\/www.wallendorff.com\/belogue\/wp-content\/uploads\/2022\/09\/20220920-22.jpg?resize=350%2C200&ssl=1","width":350,"height":200,"srcset":"https:\/\/i0.wp.com\/www.wallendorff.com\/belogue\/wp-content\/uploads\/2022\/09\/20220920-22.jpg?resize=350%2C200&ssl=1 1x, https:\/\/i0.wp.com\/www.wallendorff.com\/belogue\/wp-content\/uploads\/2022\/09\/20220920-22.jpg?resize=525%2C300&ssl=1 1.5x, https:\/\/i0.wp.com\/www.wallendorff.com\/belogue\/wp-content\/uploads\/2022\/09\/20220920-22.jpg?resize=700%2C400&ssl=1 2x, https:\/\/i0.wp.com\/www.wallendorff.com\/belogue\/wp-content\/uploads\/2022\/09\/20220920-22.jpg?resize=1050%2C600&ssl=1 3x"},"classes":[]}],"_links":{"self":[{"href":"https:\/\/www.wallendorff.com\/belogue\/wp-json\/wp\/v2\/posts\/23225","targetHints":{"allow":["GET"]}}],"collection":[{"href":"https:\/\/www.wallendorff.com\/belogue\/wp-json\/wp\/v2\/posts"}],"about":[{"href":"https:\/\/www.wallendorff.com\/belogue\/wp-json\/wp\/v2\/types\/post"}],"author":[{"embeddable":true,"href":"https:\/\/www.wallendorff.com\/belogue\/wp-json\/wp\/v2\/users\/1"}],"replies":[{"embeddable":true,"href":"https:\/\/www.wallendorff.com\/belogue\/wp-json\/wp\/v2\/comments?post=23225"}],"version-history":[{"count":2,"href":"https:\/\/www.wallendorff.com\/belogue\/wp-json\/wp\/v2\/posts\/23225\/revisions"}],"predecessor-version":[{"id":23229,"href":"https:\/\/www.wallendorff.com\/belogue\/wp-json\/wp\/v2\/posts\/23225\/revisions\/23229"}],"wp:featuredmedia":[{"embeddable":true,"href":"https:\/\/www.wallendorff.com\/belogue\/wp-json\/wp\/v2\/media\/26828"}],"wp:attachment":[{"href":"https:\/\/www.wallendorff.com\/belogue\/wp-json\/wp\/v2\/media?parent=23225"}],"wp:term":[{"taxonomy":"category","embeddable":true,"href":"https:\/\/www.wallendorff.com\/belogue\/wp-json\/wp\/v2\/categories?post=23225"},{"taxonomy":"post_tag","embeddable":true,"href":"https:\/\/www.wallendorff.com\/belogue\/wp-json\/wp\/v2\/tags?post=23225"}],"curies":[{"name":"wp","href":"https:\/\/api.w.org\/{rel}","templated":true}]}}