{"id":23220,"date":"2014-07-29T13:19:16","date_gmt":"2014-07-29T11:19:16","guid":{"rendered":"http:\/\/www.wallendorff.com\/?p=23220"},"modified":"2018-05-23T08:12:22","modified_gmt":"2018-05-23T06:12:22","slug":"into-the-wide-29","status":"publish","type":"post","link":"https:\/\/www.wallendorff.com\/belogue\/2014\/07\/29\/into-the-wide-29\/","title":{"rendered":"Into the wide #29."},"content":{"rendered":"\n<div id=\"photo\">\n<p><img decoding=\"async\" src=\"https:\/\/www.wallendorff.com\/belogue\/photo\/2014\/07\/20140729.jpg\"><br \/>\nQuai de Valmy, Paris, 8 mai, 6&nbsp;h 26.<\/p>\n<\/p><\/div>\n<p style=\"text-align:right\">[Je pr&eacute;cise l&rsquo;heure car je suis encore tout &eacute;tonn&eacute; d&rsquo;avoir r&eacute;ussi &agrave; me lever &agrave; 5&nbsp;h du matin un jour f&eacute;ri&eacute; rien que pour aller faire une photo.]<\/p>\n<p style=\"text-align:right\">[J&rsquo;ai mis <a href=\"http:\/\/500px.com\/photo\/78039133\/quai-de-valmy-paris-08-05-2014-by-monsieur-wallendorff\">une version un peu plus grande sur 500px<\/a>, si jamais.]<\/p>\n<div id=\"bandeson\">\n<p><img decoding=\"async\" src=\"https:\/\/www.wallendorff.com\/belogue\/photo\/pochettes\/l\/london_grammar-if_you_wait.jpg\" align=\"left\" \/><a style=\"font-weight:normal\" id=\"lienmp3\" href=\"http:\/\/www.youtube.com\/watch?v=6drfp_3823I\"><em>Strong<\/em><\/a><br \/>\n<a href=\"http:\/\/www.londongrammar.com\/\">London Grammar<\/a><\/p>\n<\/p><\/div>\n","protected":false},"excerpt":{"rendered":"<p>Quai de Valmy, Paris, 8 mai, 6&nbsp;h 26. [Je pr&eacute;cise l&rsquo;heure car je suis encore tout &eacute;tonn&eacute; d&rsquo;avoir r&eacute;ussi &agrave; me lever &agrave; 5&nbsp;h du matin un jour f&eacute;ri&eacute; rien que pour aller faire une photo.] [J&rsquo;ai mis une version un peu plus grande sur 500px, si jamais.] Strong London Grammar<\/p>\n","protected":false},"author":1,"featured_media":26827,"comment_status":"open","ping_status":"open","sticky":false,"template":"","format":"standard","meta":{"_acf_changed":false,"ngg_post_thumbnail":0,"jetpack_post_was_ever_published":false,"_jetpack_newsletter_access":"","_jetpack_dont_email_post_to_subs":false,"_jetpack_newsletter_tier_id":0,"_jetpack_memberships_contains_paywalled_content":false,"_jetpack_memberships_contains_paid_content":false,"footnotes":"","jetpack_publicize_message":"","jetpack_publicize_feature_enabled":true,"jetpack_social_post_already_shared":false,"jetpack_social_options":{"image_generator_settings":{"template":"highway","default_image_id":0,"font":"","enabled":false},"version":2}},"categories":[7356],"tags":[10267,1748,10358,2571,8351,10120,10121,11727,11323,10098,10357,8826],"class_list":["post-23220","post","type-post","status-publish","format-standard","has-post-thumbnail","hentry","category-into-the-wide","tag-10267","tag-aube","tag-canal-saint-martin","tag-ef-16-35-mm-f28l-ii-usm","tag-eos-6d","tag-france","tag-ile-de-france","tag-london-grammar","tag-panoramique","tag-paris","tag-quai-de-valmy","tag-strong"],"acf":[],"geo":{"latitude":48.8740959,"longitude":2.3629189,"description":"Paris 10, \u00cele-de-France, 75010, FR"},"jetpack_publicize_connections":[],"jetpack_featured_media_url":"https:\/\/www.wallendorff.com\/belogue\/wp-content\/uploads\/2015\/04\/201407291.jpg","jetpack_shortlink":"https:\/\/wp.me\/p3b35P-62w","jetpack_sharing_enabled":true,"jetpack-related-posts":[{"id":32365,"url":"https:\/\/www.wallendorff.com\/belogue\/2016\/09\/30\/moi-je-le-point-ephemere-paris\/","url_meta":{"origin":23220,"position":0},"title":"Moi Je @ le Point \u00c9ph\u00e9m\u00e8re, Paris.","author":"dpc","date":"30 septembre 2016","format":false,"excerpt":"","rel":"","context":"Dans &quot;Alive&quot;","block_context":{"text":"Alive","link":"https:\/\/www.wallendorff.com\/belogue\/category\/alive\/"},"img":{"alt_text":"","src":"https:\/\/i0.wp.com\/www.wallendorff.com\/belogue\/wp-content\/uploads\/2016\/10\/20160930-05.jpg?resize=350%2C200&ssl=1","width":350,"height":200,"srcset":"https:\/\/i0.wp.com\/www.wallendorff.com\/belogue\/wp-content\/uploads\/2016\/10\/20160930-05.jpg?resize=350%2C200&ssl=1 1x, https:\/\/i0.wp.com\/www.wallendorff.com\/belogue\/wp-content\/uploads\/2016\/10\/20160930-05.jpg?resize=525%2C300&ssl=1 1.5x, https:\/\/i0.wp.com\/www.wallendorff.com\/belogue\/wp-content\/uploads\/2016\/10\/20160930-05.jpg?resize=700%2C400&ssl=1 2x"},"classes":[]},{"id":12922,"url":"https:\/\/www.wallendorff.com\/belogue\/2011\/06\/22\/moires-diguera\/","url_meta":{"origin":23220,"position":1},"title":"Moires diguera.","author":"dpc","date":"22 juin 2011","format":false,"excerpt":"Quai de Valmy, Paris, 19 mai. \u00a0Nick Cave and the Bad Seeds \u2013 Stagger Lee","rel":"","context":"Dans &quot;DPC&quot;","block_context":{"text":"DPC","link":"https:\/\/www.wallendorff.com\/belogue\/category\/dpc\/"},"img":{"alt_text":"","src":"https:\/\/i0.wp.com\/www.wallendorff.com\/belogue\/wp-content\/uploads\/2015\/04\/201106221.jpg?resize=350%2C200&ssl=1","width":350,"height":200},"classes":[]},{"id":19740,"url":"https:\/\/www.wallendorff.com\/belogue\/2012\/12\/10\/chat-cest-encore-le\/","url_meta":{"origin":23220,"position":2},"title":"Chat (c&rsquo;est encore le).","author":"dpc","date":"10 d\u00e9cembre 2012","format":false,"excerpt":"Quai de Valmy, Paris, 19 ao\u00fbt. FIDLAR \u2013 Cheap Beer","rel":"","context":"Dans &quot;DPC&quot;","block_context":{"text":"DPC","link":"https:\/\/www.wallendorff.com\/belogue\/category\/dpc\/"},"img":{"alt_text":"","src":"https:\/\/i0.wp.com\/www.wallendorff.com\/belogue\/wp-content\/uploads\/2015\/04\/201212101.jpg?resize=350%2C200&ssl=1","width":350,"height":200,"srcset":"https:\/\/i0.wp.com\/www.wallendorff.com\/belogue\/wp-content\/uploads\/2015\/04\/201212101.jpg?resize=350%2C200&ssl=1 1x, https:\/\/i0.wp.com\/www.wallendorff.com\/belogue\/wp-content\/uploads\/2015\/04\/201212101.jpg?resize=525%2C300&ssl=1 1.5x, https:\/\/i0.wp.com\/www.wallendorff.com\/belogue\/wp-content\/uploads\/2015\/04\/201212101.jpg?resize=700%2C400&ssl=1 2x"},"classes":[]},{"id":16953,"url":"https:\/\/www.wallendorff.com\/belogue\/2012\/04\/18\/159\/","url_meta":{"origin":23220,"position":3},"title":"159.","author":"dpc","date":"18 avril 2012","format":false,"excerpt":"Quai de Valmy, Paris, 11 f\u00e9vrier. Sleeper Agent \u2013 Get Burned [youtube]http:\/\/www.youtube.com\/watch?v=4Qz0m5IYh10[\/youtube]","rel":"","context":"Dans &quot;DPC&quot;","block_context":{"text":"DPC","link":"https:\/\/www.wallendorff.com\/belogue\/category\/dpc\/"},"img":{"alt_text":"","src":"https:\/\/i0.wp.com\/www.wallendorff.com\/belogue\/wp-content\/uploads\/2015\/04\/201204181.jpg?resize=350%2C200&ssl=1","width":350,"height":200},"classes":[]},{"id":16718,"url":"https:\/\/www.wallendorff.com\/belogue\/2012\/04\/05\/fugace-i\/","url_meta":{"origin":23220,"position":4},"title":"Fugace [I].","author":"dpc","date":"5 avril 2012","format":false,"excerpt":"Quai de Valmy, Paris, 8 f\u00e9vrier. J'aurais bien aim\u00e9 savoir o\u00f9 il pouvait aller un mercredi soir \u00e0 22h54 par \u2013\u00a05\u00a0\u00b0C avec un bouquet de fleurs \u00e0 la main. Blood Red Shoes \u2013 Night Light [youtube]http:\/\/www.youtube.com\/watch?v=oO9OnQ5cbAI[\/youtube]","rel":"","context":"Dans &quot;DPC&quot;","block_context":{"text":"DPC","link":"https:\/\/www.wallendorff.com\/belogue\/category\/dpc\/"},"img":{"alt_text":"","src":"https:\/\/i0.wp.com\/www.wallendorff.com\/belogue\/wp-content\/uploads\/2015\/04\/201204051.jpg?resize=350%2C200&ssl=1","width":350,"height":200,"srcset":"https:\/\/i0.wp.com\/www.wallendorff.com\/belogue\/wp-content\/uploads\/2015\/04\/201204051.jpg?resize=350%2C200&ssl=1 1x, https:\/\/i0.wp.com\/www.wallendorff.com\/belogue\/wp-content\/uploads\/2015\/04\/201204051.jpg?resize=525%2C300&ssl=1 1.5x, https:\/\/i0.wp.com\/www.wallendorff.com\/belogue\/wp-content\/uploads\/2015\/04\/201204051.jpg?resize=700%2C400&ssl=1 2x"},"classes":[]},{"id":23214,"url":"https:\/\/www.wallendorff.com\/belogue\/2014\/07\/21\/les-cieux-aussi-au-ciel\/","url_meta":{"origin":23220,"position":5},"title":"Les cieux [aussi] au ciel.","author":"dpc","date":"21 juillet 2014","format":false,"excerpt":"Quai de Valmy, Paris, 1er mai. Parce qu'un peu celle-ci quand m\u00eame, sur les bords. Let's Pray Tom Vek","rel":"","context":"Dans &quot;DPC&quot;","block_context":{"text":"DPC","link":"https:\/\/www.wallendorff.com\/belogue\/category\/dpc\/"},"img":{"alt_text":"","src":"https:\/\/i0.wp.com\/www.wallendorff.com\/belogue\/wp-content\/uploads\/2015\/04\/201407211.jpg?resize=350%2C200&ssl=1","width":350,"height":200,"srcset":"https:\/\/i0.wp.com\/www.wallendorff.com\/belogue\/wp-content\/uploads\/2015\/04\/201407211.jpg?resize=350%2C200&ssl=1 1x, https:\/\/i0.wp.com\/www.wallendorff.com\/belogue\/wp-content\/uploads\/2015\/04\/201407211.jpg?resize=525%2C300&ssl=1 1.5x"},"classes":[]}],"_links":{"self":[{"href":"https:\/\/www.wallendorff.com\/belogue\/wp-json\/wp\/v2\/posts\/23220","targetHints":{"allow":["GET"]}}],"collection":[{"href":"https:\/\/www.wallendorff.com\/belogue\/wp-json\/wp\/v2\/posts"}],"about":[{"href":"https:\/\/www.wallendorff.com\/belogue\/wp-json\/wp\/v2\/types\/post"}],"author":[{"embeddable":true,"href":"https:\/\/www.wallendorff.com\/belogue\/wp-json\/wp\/v2\/users\/1"}],"replies":[{"embeddable":true,"href":"https:\/\/www.wallendorff.com\/belogue\/wp-json\/wp\/v2\/comments?post=23220"}],"version-history":[{"count":5,"href":"https:\/\/www.wallendorff.com\/belogue\/wp-json\/wp\/v2\/posts\/23220\/revisions"}],"predecessor-version":[{"id":38228,"href":"https:\/\/www.wallendorff.com\/belogue\/wp-json\/wp\/v2\/posts\/23220\/revisions\/38228"}],"wp:featuredmedia":[{"embeddable":true,"href":"https:\/\/www.wallendorff.com\/belogue\/wp-json\/wp\/v2\/media\/26827"}],"wp:attachment":[{"href":"https:\/\/www.wallendorff.com\/belogue\/wp-json\/wp\/v2\/media?parent=23220"}],"wp:term":[{"taxonomy":"category","embeddable":true,"href":"https:\/\/www.wallendorff.com\/belogue\/wp-json\/wp\/v2\/categories?post=23220"},{"taxonomy":"post_tag","embeddable":true,"href":"https:\/\/www.wallendorff.com\/belogue\/wp-json\/wp\/v2\/tags?post=23220"}],"curies":[{"name":"wp","href":"https:\/\/api.w.org\/{rel}","templated":true}]}}