{"id":232,"date":"2005-12-24T00:00:47","date_gmt":"2005-12-24T00:00:47","guid":{"rendered":"http:\/\/www.po-l.com\/wordpress\/?p=232"},"modified":"2012-09-17T09:51:36","modified_gmt":"2012-09-17T07:51:36","slug":"careme-en-mes-chants-j-admets-contre-ans-2","status":"publish","type":"post","link":"https:\/\/www.wallendorff.com\/belogue\/2005\/12\/24\/careme-en-mes-chants-j-admets-contre-ans-2\/","title":{"rendered":"Car&ecirc;me en mes chants [J&rsquo;admets contre ans.]"},"content":{"rendered":"<div id=\"photo\">\n<p><img decoding=\"async\" src=\"http:\/\/www.po-L.com\/belogue\/photo\/2005\/12\/20051224.jpg\"\/><br \/>\nRue du Faubourg St-Denis, Paris, 22 d&eacute;cembre.<\/p>\n<\/div>\n<p style=\"text-align:right\">[on d&eacute;laye, on d&eacute;laye toujours.]<\/p>\n<p style=\"text-align:right\">Et pour demain, j&rsquo;essaie de trouver un truc de sapin.<br \/>\nOu de neige.<br \/>\nVoire carr&eacute;ment de sapin sous la neige, tiens. <\/p>\n<div id=\"bandeson\">\n<p><img decoding=\"async\" src=\"https:\/\/www.wallendorff.com\/belogue\/photo\/pochettes\/w\/white_stripes_the-walking_with_a_ghost.jpg\" align=\"left\" \/>&nbsp;<a href=\"http:\/\/www.whitestripes.com\/\">The White Stripes<\/a> &ndash; <em>As Ugly As I Seem<\/em> (live Morning Becomes Eclectic)<\/p>\n<\/p><\/div>\n","protected":false},"excerpt":{"rendered":"<p>Rue du Faubourg St-Denis, Paris, 22 d&eacute;cembre. [on d&eacute;laye, on d&eacute;laye toujours.] Et pour demain, j&rsquo;essaie de trouver un truc de sapin. Ou de neige. Voire carr&eacute;ment de sapin sous la neige, tiens. &nbsp;The White Stripes &ndash; As Ugly As I Seem (live Morning Becomes Eclectic)<\/p>\n","protected":false},"author":1,"featured_media":24168,"comment_status":"open","ping_status":"open","sticky":false,"template":"","format":"standard","meta":{"_acf_changed":false,"ngg_post_thumbnail":0,"jetpack_post_was_ever_published":false,"_jetpack_newsletter_access":"","_jetpack_dont_email_post_to_subs":false,"_jetpack_newsletter_tier_id":0,"_jetpack_memberships_contains_paywalled_content":false,"_jetpack_memberships_contains_paid_content":false,"footnotes":"","jetpack_publicize_message":"","jetpack_publicize_feature_enabled":true,"jetpack_social_post_already_shared":false,"jetpack_social_options":{"image_generator_settings":{"template":"highway","default_image_id":0,"font":"","enabled":false},"version":2}},"categories":[3],"tags":[10267,1104,132,1243,10120,10121,143,10147,10098,1393,173,10097],"class_list":["post-232","post","type-post","status-publish","format-standard","has-post-thumbnail","hentry","category-dpc","tag-10267","tag-as-ugly-as-i-seem","tag-eos-20d","tag-carre","tag-france","tag-ile-de-france","tag-noir-et-blanc","tag-nuit","tag-paris","tag-rue-du-faubourg-saint-denis","tag-sigma-28-70-mm-f28-dg-ex","tag-the-white-stripes"],"acf":[],"geo":{"latitude":48.8727226,"longitude":2.352941,"description":"2-14 Cour des Petites Ecuries, 75010 Paris, France"},"jetpack_publicize_connections":[],"jetpack_featured_media_url":"https:\/\/www.wallendorff.com\/belogue\/wp-content\/uploads\/2015\/04\/200512241.jpg","jetpack_shortlink":"https:\/\/wp.me\/p3b35P-3K","jetpack_sharing_enabled":true,"jetpack-related-posts":[{"id":131558,"url":"https:\/\/www.wallendorff.com\/belogue\/2024\/12\/31\/decembre-2024\/","url_meta":{"origin":232,"position":0},"title":"D\u00e9cembre 2024.","author":"dpc","date":"31 d\u00e9cembre 2024","format":false,"excerpt":"Ce journal photographique aligne en images les \u00e9v\u00e8nements, petits ou grands, joyeux ou tristes, pour garder une trace du rythme du mois pr\u00e9c\u00e9dent. Je n'y adjoins jamais de texte. Les images se suffisent d'elles-m\u00eames, et quand elles laissent des ellipses dans leur r\u00e9cit, charge \u00e0 soi de les combler comme\u2026","rel":"","context":"Dans &quot;Blog-note&quot;","block_context":{"text":"Blog-note","link":"https:\/\/www.wallendorff.com\/belogue\/category\/blog-note\/"},"img":{"alt_text":"","src":"https:\/\/i0.wp.com\/www.wallendorff.com\/belogue\/wp-content\/uploads\/2025\/01\/20250122-18.jpg?resize=350%2C200&ssl=1","width":350,"height":200,"srcset":"https:\/\/i0.wp.com\/www.wallendorff.com\/belogue\/wp-content\/uploads\/2025\/01\/20250122-18.jpg?resize=350%2C200&ssl=1 1x, https:\/\/i0.wp.com\/www.wallendorff.com\/belogue\/wp-content\/uploads\/2025\/01\/20250122-18.jpg?resize=525%2C300&ssl=1 1.5x, https:\/\/i0.wp.com\/www.wallendorff.com\/belogue\/wp-content\/uploads\/2025\/01\/20250122-18.jpg?resize=700%2C400&ssl=1 2x, https:\/\/i0.wp.com\/www.wallendorff.com\/belogue\/wp-content\/uploads\/2025\/01\/20250122-18.jpg?resize=1050%2C600&ssl=1 3x"},"classes":[]},{"id":44942,"url":"https:\/\/www.wallendorff.com\/belogue\/2020\/01\/31\/janvier-2020\/","url_meta":{"origin":232,"position":1},"title":"Janvier 2020.","author":"dpc","date":"31 janvier 2020","format":false,"excerpt":"Un r\u00e9veillon, une soir\u00e9e, une canop\u00e9e, une soir\u00e9e, une cour carr\u00e9e, un saxophoniste, un pont, une ruelle, une galerie, un d\u00f4me, un bouquiniste, un couple, un pont, une fanfare, un quai, une tradition, un no\u00ebl du livre, une lune, des v\u0153ux, un clocher, un fort, une cath\u00e9drale, une ruelle, une\u2026","rel":"","context":"Dans &quot;Blog-note&quot;","block_context":{"text":"Blog-note","link":"https:\/\/www.wallendorff.com\/belogue\/category\/blog-note\/"},"img":{"alt_text":"","src":"https:\/\/i0.wp.com\/www.wallendorff.com\/belogue\/wp-content\/uploads\/2020\/02\/20200213-76.jpg?resize=350%2C200&ssl=1","width":350,"height":200,"srcset":"https:\/\/i0.wp.com\/www.wallendorff.com\/belogue\/wp-content\/uploads\/2020\/02\/20200213-76.jpg?resize=350%2C200&ssl=1 1x, https:\/\/i0.wp.com\/www.wallendorff.com\/belogue\/wp-content\/uploads\/2020\/02\/20200213-76.jpg?resize=525%2C300&ssl=1 1.5x, https:\/\/i0.wp.com\/www.wallendorff.com\/belogue\/wp-content\/uploads\/2020\/02\/20200213-76.jpg?resize=700%2C400&ssl=1 2x, https:\/\/i0.wp.com\/www.wallendorff.com\/belogue\/wp-content\/uploads\/2020\/02\/20200213-76.jpg?resize=1050%2C600&ssl=1 3x"},"classes":[]},{"id":131726,"url":"https:\/\/www.wallendorff.com\/belogue\/2025\/01\/31\/janvier-2025\/","url_meta":{"origin":232,"position":2},"title":"Janvier 2025.","author":"dpc","date":"31 janvier 2025","format":false,"excerpt":"Un r\u00e9veillon, un lendemain de r\u00e9veillon, une montagne, un chat pr\u00e9nomm\u00e9 Bob, une fen\u00eatre, un panneau, un croissant de lune, un r\u00e9veillon, un panneau, un chat pr\u00e9nomm\u00e9 Paupiette, un champ, un arbre, un champ, une flaque, un diable rouge, un banc, un No\u00ebl du livre, un mus\u00e9e, un \u00e9corch\u00e9, un\u2026","rel":"","context":"Dans &quot;Blog-note&quot;","block_context":{"text":"Blog-note","link":"https:\/\/www.wallendorff.com\/belogue\/category\/blog-note\/"},"img":{"alt_text":"","src":"https:\/\/i0.wp.com\/www.wallendorff.com\/belogue\/wp-content\/uploads\/2025\/02\/20250212-44.jpg?resize=350%2C200&ssl=1","width":350,"height":200,"srcset":"https:\/\/i0.wp.com\/www.wallendorff.com\/belogue\/wp-content\/uploads\/2025\/02\/20250212-44.jpg?resize=350%2C200&ssl=1 1x, https:\/\/i0.wp.com\/www.wallendorff.com\/belogue\/wp-content\/uploads\/2025\/02\/20250212-44.jpg?resize=525%2C300&ssl=1 1.5x, https:\/\/i0.wp.com\/www.wallendorff.com\/belogue\/wp-content\/uploads\/2025\/02\/20250212-44.jpg?resize=700%2C400&ssl=1 2x, https:\/\/i0.wp.com\/www.wallendorff.com\/belogue\/wp-content\/uploads\/2025\/02\/20250212-44.jpg?resize=1050%2C600&ssl=1 3x"},"classes":[]},{"id":134969,"url":"https:\/\/www.wallendorff.com\/belogue\/2025\/12\/31\/decembre-2025\/","url_meta":{"origin":232,"position":3},"title":"D\u00e9cembre 2025.","author":"dpc","date":"31 d\u00e9cembre 2025","format":false,"excerpt":"Des toilettes, un num\u00e9ro, une gare, une flaque, une averse, une r\u00e9p\u00e9tition, des balances, un concert, un train, une gare, un reflet, un quai, des balances, un miroir, un concert, des macarons, une boulangerie, une route, un sapin de No\u00ebl, un arbre au lever du soleil, une ruelle, des chats\u2026","rel":"","context":"Dans &quot;Blog-note&quot;","block_context":{"text":"Blog-note","link":"https:\/\/www.wallendorff.com\/belogue\/category\/blog-note\/"},"img":{"alt_text":"","src":"https:\/\/i0.wp.com\/www.wallendorff.com\/belogue\/wp-content\/uploads\/2026\/01\/20260109-51.jpg?resize=350%2C200&ssl=1","width":350,"height":200,"srcset":"https:\/\/i0.wp.com\/www.wallendorff.com\/belogue\/wp-content\/uploads\/2026\/01\/20260109-51.jpg?resize=350%2C200&ssl=1 1x, https:\/\/i0.wp.com\/www.wallendorff.com\/belogue\/wp-content\/uploads\/2026\/01\/20260109-51.jpg?resize=525%2C300&ssl=1 1.5x, https:\/\/i0.wp.com\/www.wallendorff.com\/belogue\/wp-content\/uploads\/2026\/01\/20260109-51.jpg?resize=700%2C400&ssl=1 2x, https:\/\/i0.wp.com\/www.wallendorff.com\/belogue\/wp-content\/uploads\/2026\/01\/20260109-51.jpg?resize=1050%2C600&ssl=1 3x"},"classes":[]},{"id":127373,"url":"https:\/\/www.wallendorff.com\/belogue\/2024\/01\/31\/janvier-2024\/","url_meta":{"origin":232,"position":4},"title":"Janvier 2024.","author":"dpc","date":"31 janvier 2024","format":false,"excerpt":"Un panneau de nuit, un feu de camp, une bouteille, un premier matin, un miroir, une for\u00eat, un champ, un arbre, une balan\u00e7oire, un champ, un panneau de jour, un souper, un livre, un m\u00e9tropolitain, un lever de soleil, un pigeon, un h\u00f4tel, un caf\u00e9, un chantier, une plante, un\u2026","rel":"","context":"Dans &quot;Blog-note&quot;","block_context":{"text":"Blog-note","link":"https:\/\/www.wallendorff.com\/belogue\/category\/blog-note\/"},"img":{"alt_text":"","src":"https:\/\/i0.wp.com\/www.wallendorff.com\/belogue\/wp-content\/uploads\/2024\/02\/20240214-69.jpg?resize=350%2C200&ssl=1","width":350,"height":200,"srcset":"https:\/\/i0.wp.com\/www.wallendorff.com\/belogue\/wp-content\/uploads\/2024\/02\/20240214-69.jpg?resize=350%2C200&ssl=1 1x, https:\/\/i0.wp.com\/www.wallendorff.com\/belogue\/wp-content\/uploads\/2024\/02\/20240214-69.jpg?resize=525%2C300&ssl=1 1.5x, https:\/\/i0.wp.com\/www.wallendorff.com\/belogue\/wp-content\/uploads\/2024\/02\/20240214-69.jpg?resize=700%2C400&ssl=1 2x, https:\/\/i0.wp.com\/www.wallendorff.com\/belogue\/wp-content\/uploads\/2024\/02\/20240214-69.jpg?resize=1050%2C600&ssl=1 3x"},"classes":[]},{"id":29946,"url":"https:\/\/www.wallendorff.com\/belogue\/2015\/12\/31\/decembre-2015\/","url_meta":{"origin":232,"position":5},"title":"D\u00e9cembre 2015.","author":"dpc","date":"31 d\u00e9cembre 2015","format":false,"excerpt":"Du street-tarte, un 11e \u00e9tage, des calendriers de l'Avent, un 4e \u00e9tage, une librairie, un village, un chat qui s'appelle Rudolph, un barrage, une reprise des concerts, un bar en glace, un enfant, une journ\u00e9e au bar, un stagiaire de 3e, un ha\u00efe-fa\u00efve virtuel, un mariage \u00e0 4,5, une belle\u2026","rel":"","context":"Dans &quot;Blog-note&quot;","block_context":{"text":"Blog-note","link":"https:\/\/www.wallendorff.com\/belogue\/category\/blog-note\/"},"img":{"alt_text":"","src":"https:\/\/i0.wp.com\/www.wallendorff.com\/belogue\/wp-content\/uploads\/2016\/01\/20160113-02-1.jpg?resize=350%2C200&ssl=1","width":350,"height":200,"srcset":"https:\/\/i0.wp.com\/www.wallendorff.com\/belogue\/wp-content\/uploads\/2016\/01\/20160113-02-1.jpg?resize=350%2C200&ssl=1 1x, https:\/\/i0.wp.com\/www.wallendorff.com\/belogue\/wp-content\/uploads\/2016\/01\/20160113-02-1.jpg?resize=525%2C300&ssl=1 1.5x, https:\/\/i0.wp.com\/www.wallendorff.com\/belogue\/wp-content\/uploads\/2016\/01\/20160113-02-1.jpg?resize=700%2C400&ssl=1 2x"},"classes":[]}],"_links":{"self":[{"href":"https:\/\/www.wallendorff.com\/belogue\/wp-json\/wp\/v2\/posts\/232","targetHints":{"allow":["GET"]}}],"collection":[{"href":"https:\/\/www.wallendorff.com\/belogue\/wp-json\/wp\/v2\/posts"}],"about":[{"href":"https:\/\/www.wallendorff.com\/belogue\/wp-json\/wp\/v2\/types\/post"}],"author":[{"embeddable":true,"href":"https:\/\/www.wallendorff.com\/belogue\/wp-json\/wp\/v2\/users\/1"}],"replies":[{"embeddable":true,"href":"https:\/\/www.wallendorff.com\/belogue\/wp-json\/wp\/v2\/comments?post=232"}],"version-history":[{"count":1,"href":"https:\/\/www.wallendorff.com\/belogue\/wp-json\/wp\/v2\/posts\/232\/revisions"}],"predecessor-version":[{"id":18970,"href":"https:\/\/www.wallendorff.com\/belogue\/wp-json\/wp\/v2\/posts\/232\/revisions\/18970"}],"wp:featuredmedia":[{"embeddable":true,"href":"https:\/\/www.wallendorff.com\/belogue\/wp-json\/wp\/v2\/media\/24168"}],"wp:attachment":[{"href":"https:\/\/www.wallendorff.com\/belogue\/wp-json\/wp\/v2\/media?parent=232"}],"wp:term":[{"taxonomy":"category","embeddable":true,"href":"https:\/\/www.wallendorff.com\/belogue\/wp-json\/wp\/v2\/categories?post=232"},{"taxonomy":"post_tag","embeddable":true,"href":"https:\/\/www.wallendorff.com\/belogue\/wp-json\/wp\/v2\/tags?post=232"}],"curies":[{"name":"wp","href":"https:\/\/api.w.org\/{rel}","templated":true}]}}