{"id":23198,"date":"2014-07-16T11:18:03","date_gmt":"2014-07-16T09:18:03","guid":{"rendered":"http:\/\/www.wallendorff.com\/?p=23198"},"modified":"2014-12-29T16:35:00","modified_gmt":"2014-12-29T14:35:00","slug":"du-square-au-matin","status":"publish","type":"post","link":"https:\/\/www.wallendorff.com\/belogue\/2014\/07\/16\/du-square-au-matin\/","title":{"rendered":"Du square [au matin]."},"content":{"rendered":"\n<div id=\"photo\">\n<p><img decoding=\"async\" src=\"https:\/\/www.wallendorff.com\/belogue\/photo\/2014\/07\/20140716.jpg\"><br \/>\nRue des Francs-Bourgeois, Paris, 20 avril.<\/p>\n<\/p><\/div>\n<div id=\"bandeson\">\n<p><img decoding=\"async\" src=\"https:\/\/www.wallendorff.com\/belogue\/photo\/pochettes\/m\/mulvey_nick-first_mind.jpg\" align=\"left\" \/><a style=\"font-weight:normal\" id=\"lienmp3\" href=\"http:\/\/www.youtube.com\/watch?v=KHqsz81L_jI\"><em>Meet Me There<\/em><\/a><br \/>\n<a href=\"http:\/\/www.nickmulvey.com\/\">Nick Mulvey<\/a><\/p>\n<\/p><\/div>\n","protected":false},"excerpt":{"rendered":"<p>Rue des Francs-Bourgeois, Paris, 20 avril. Meet Me There Nick Mulvey<\/p>\n","protected":false},"author":1,"featured_media":26822,"comment_status":"open","ping_status":"open","sticky":false,"template":"","format":"standard","meta":{"_acf_changed":false,"ngg_post_thumbnail":0,"jetpack_post_was_ever_published":false,"_jetpack_newsletter_access":"","_jetpack_dont_email_post_to_subs":false,"_jetpack_newsletter_tier_id":0,"_jetpack_memberships_contains_paywalled_content":false,"_jetpack_memberships_contains_paid_content":false,"footnotes":"","jetpack_publicize_message":"","jetpack_publicize_feature_enabled":true,"jetpack_social_post_already_shared":false,"jetpack_social_options":{"image_generator_settings":{"template":"highway","default_image_id":0,"font":"","enabled":false},"version":2}},"categories":[3],"tags":[10277,8751,8351,10359,9283,10120,10121,8750,11964,10504,10098,12043],"class_list":["post-23198","post","type-post","status-publish","format-standard","has-post-thumbnail","hentry","category-dpc","tag-10277","tag-ef-70-300mm-f4-5-6-is-usm","tag-eos-6d","tag-couple","tag-first-mind","tag-france","tag-ile-de-france","tag-meet-me-there","tag-nick-mulvey","tag-parc","tag-paris","tag-rue-des-francs-bourgeois"],"acf":[],"geo":{"latitude":48.8569756,"longitude":2.3623583,"description":"Paris 03, \u00cele-de-France, 75003, FR"},"jetpack_publicize_connections":[],"jetpack_featured_media_url":"https:\/\/www.wallendorff.com\/belogue\/wp-content\/uploads\/2015\/04\/201407161.jpg","jetpack_shortlink":"https:\/\/wp.me\/p3b35P-62a","jetpack_sharing_enabled":true,"jetpack-related-posts":[{"id":35889,"url":"https:\/\/www.wallendorff.com\/belogue\/2017\/09\/20\/enfant-de-salon\/","url_meta":{"origin":23198,"position":0},"title":"Enfant de salon.","author":"dpc","date":"20 septembre 2017","format":false,"excerpt":"H\u00f4tel de Soubise, Paris, 17 juin. Turtleneck The National","rel":"","context":"Dans &quot;DPC&quot;","block_context":{"text":"DPC","link":"https:\/\/www.wallendorff.com\/belogue\/category\/dpc\/"},"img":{"alt_text":"","src":"https:\/\/i0.wp.com\/www.wallendorff.com\/belogue\/wp-content\/uploads\/2017\/09\/20170920.jpg?resize=350%2C200&ssl=1","width":350,"height":200,"srcset":"https:\/\/i0.wp.com\/www.wallendorff.com\/belogue\/wp-content\/uploads\/2017\/09\/20170920.jpg?resize=350%2C200&ssl=1 1x, https:\/\/i0.wp.com\/www.wallendorff.com\/belogue\/wp-content\/uploads\/2017\/09\/20170920.jpg?resize=525%2C300&ssl=1 1.5x"},"classes":[]},{"id":35892,"url":"https:\/\/www.wallendorff.com\/belogue\/2017\/09\/22\/gravit-cimes\/","url_meta":{"origin":23198,"position":1},"title":"Gravit cimes.","author":"dpc","date":"22 septembre 2017","format":false,"excerpt":"H\u00f4tel de Soubise, Paris, 17 juin. Livin' in SinDan Auerbach","rel":"","context":"Dans &quot;DPC&quot;","block_context":{"text":"DPC","link":"https:\/\/www.wallendorff.com\/belogue\/category\/dpc\/"},"img":{"alt_text":"","src":"https:\/\/i0.wp.com\/www.wallendorff.com\/belogue\/wp-content\/uploads\/2017\/09\/20170922.jpg?resize=350%2C200&ssl=1","width":350,"height":200,"srcset":"https:\/\/i0.wp.com\/www.wallendorff.com\/belogue\/wp-content\/uploads\/2017\/09\/20170922.jpg?resize=350%2C200&ssl=1 1x, https:\/\/i0.wp.com\/www.wallendorff.com\/belogue\/wp-content\/uploads\/2017\/09\/20170922.jpg?resize=525%2C300&ssl=1 1.5x"},"classes":[]},{"id":35926,"url":"https:\/\/www.wallendorff.com\/belogue\/2017\/10\/06\/into-the-wide-111\/","url_meta":{"origin":23198,"position":2},"title":"Into the wide #111.","author":"dpc","date":"6 octobre 2017","format":false,"excerpt":"Cour carr\u00e9e du Louvre, Paris, 3 ao\u00fbt. In Your Hands Nick Mulvey","rel":"","context":"Dans &quot;Into the wide&quot;","block_context":{"text":"Into the wide","link":"https:\/\/www.wallendorff.com\/belogue\/category\/into-the-wide\/"},"img":{"alt_text":"","src":"https:\/\/i0.wp.com\/www.wallendorff.com\/belogue\/wp-content\/uploads\/2017\/10\/20171006.jpg?resize=350%2C200&ssl=1","width":350,"height":200,"srcset":"https:\/\/i0.wp.com\/www.wallendorff.com\/belogue\/wp-content\/uploads\/2017\/10\/20171006.jpg?resize=350%2C200&ssl=1 1x, https:\/\/i0.wp.com\/www.wallendorff.com\/belogue\/wp-content\/uploads\/2017\/10\/20171006.jpg?resize=525%2C300&ssl=1 1.5x, https:\/\/i0.wp.com\/www.wallendorff.com\/belogue\/wp-content\/uploads\/2017\/10\/20171006.jpg?resize=700%2C400&ssl=1 2x"},"classes":[]},{"id":23906,"url":"https:\/\/www.wallendorff.com\/belogue\/2015\/03\/24\/into-the-wide-40\/","url_meta":{"origin":23198,"position":3},"title":"Into the wide #42.","author":"dpc","date":"24 mars 2015","format":false,"excerpt":"Tr\u00e8s grosse biblioth\u00e8que, Paris, 8 f\u00e9vrier. En plus grand sur 500px, si jamais. River Lea Nick Mulvey","rel":"","context":"Dans &quot;Into the wide&quot;","block_context":{"text":"Into the wide","link":"https:\/\/www.wallendorff.com\/belogue\/category\/into-the-wide\/"},"img":{"alt_text":"","src":"https:\/\/i0.wp.com\/www.wallendorff.com\/belogue\/wp-content\/uploads\/2015\/04\/201503241.jpg?resize=350%2C200&ssl=1","width":350,"height":200,"srcset":"https:\/\/i0.wp.com\/www.wallendorff.com\/belogue\/wp-content\/uploads\/2015\/04\/201503241.jpg?resize=350%2C200&ssl=1 1x, https:\/\/i0.wp.com\/www.wallendorff.com\/belogue\/wp-content\/uploads\/2015\/04\/201503241.jpg?resize=525%2C300&ssl=1 1.5x, https:\/\/i0.wp.com\/www.wallendorff.com\/belogue\/wp-content\/uploads\/2015\/04\/201503241.jpg?resize=700%2C400&ssl=1 2x, https:\/\/i0.wp.com\/www.wallendorff.com\/belogue\/wp-content\/uploads\/2015\/04\/201503241.jpg?resize=1050%2C600&ssl=1 3x"},"classes":[]},{"id":23376,"url":"https:\/\/www.wallendorff.com\/belogue\/2014\/09\/25\/festival-soirs-dete-paris-8-juillet\/","url_meta":{"origin":23198,"position":4},"title":"Festival Soirs d&rsquo;\u00c9t\u00e9, Paris, 8 juillet.","author":"dpc","date":"25 septembre 2014","format":false,"excerpt":"Une soir\u00e9e marqu\u00e9e par 4 artistes qui tabassent et un set de tennis perdu par des Br\u00e9siliens en larmes, puis oubli\u00e9e dans un coin de disque dur entre des Eurock\u00e9ennes et un Pal\u00e9o qui lui ont vol\u00e9 la vedette. \u00ab\u00a0Vieux motard que j'aimais\u00a0\u00bb, comme on dit dans le Poitou. \u00a0","rel":"","context":"Dans &quot;Alive&quot;","block_context":{"text":"Alive","link":"https:\/\/www.wallendorff.com\/belogue\/category\/alive\/"},"img":{"alt_text":"","src":"https:\/\/i0.wp.com\/www.wallendorff.com\/belogue\/wp-content\/uploads\/2015\/04\/201409241.jpg?resize=350%2C200&ssl=1","width":350,"height":200,"srcset":"https:\/\/i0.wp.com\/www.wallendorff.com\/belogue\/wp-content\/uploads\/2015\/04\/201409241.jpg?resize=350%2C200&ssl=1 1x, https:\/\/i0.wp.com\/www.wallendorff.com\/belogue\/wp-content\/uploads\/2015\/04\/201409241.jpg?resize=525%2C300&ssl=1 1.5x, https:\/\/i0.wp.com\/www.wallendorff.com\/belogue\/wp-content\/uploads\/2015\/04\/201409241.jpg?resize=700%2C400&ssl=1 2x"},"classes":[]},{"id":22992,"url":"https:\/\/www.wallendorff.com\/belogue\/2014\/05\/31\/mai-2014\/","url_meta":{"origin":23198,"position":5},"title":"Mai 2014.","author":"dpc","date":"31 mai 2014","format":false,"excerpt":"Des ponts, un anniversaire, une expo, un avion, une plage, une soir\u00e9e d\u00e9guis\u00e9e, un guitariste nudiste, deux concerts, un mariage, un train, une nuit, un train, un anniversaire, une session photo, une autre session photo, un orage, un concert, un film, une soucoupe et un mariage et 3\u00a0562\u00a0km de plus\u2026","rel":"","context":"Dans &quot;Blog-note&quot;","block_context":{"text":"Blog-note","link":"https:\/\/www.wallendorff.com\/belogue\/category\/blog-note\/"},"img":{"alt_text":"","src":"https:\/\/i0.wp.com\/www.wallendorff.com\/belogue\/wp-content\/uploads\/2015\/04\/20140618-271.jpg?resize=350%2C200&ssl=1","width":350,"height":200,"srcset":"https:\/\/i0.wp.com\/www.wallendorff.com\/belogue\/wp-content\/uploads\/2015\/04\/20140618-271.jpg?resize=350%2C200&ssl=1 1x, https:\/\/i0.wp.com\/www.wallendorff.com\/belogue\/wp-content\/uploads\/2015\/04\/20140618-271.jpg?resize=525%2C300&ssl=1 1.5x, https:\/\/i0.wp.com\/www.wallendorff.com\/belogue\/wp-content\/uploads\/2015\/04\/20140618-271.jpg?resize=700%2C400&ssl=1 2x"},"classes":[]}],"_links":{"self":[{"href":"https:\/\/www.wallendorff.com\/belogue\/wp-json\/wp\/v2\/posts\/23198","targetHints":{"allow":["GET"]}}],"collection":[{"href":"https:\/\/www.wallendorff.com\/belogue\/wp-json\/wp\/v2\/posts"}],"about":[{"href":"https:\/\/www.wallendorff.com\/belogue\/wp-json\/wp\/v2\/types\/post"}],"author":[{"embeddable":true,"href":"https:\/\/www.wallendorff.com\/belogue\/wp-json\/wp\/v2\/users\/1"}],"replies":[{"embeddable":true,"href":"https:\/\/www.wallendorff.com\/belogue\/wp-json\/wp\/v2\/comments?post=23198"}],"version-history":[{"count":3,"href":"https:\/\/www.wallendorff.com\/belogue\/wp-json\/wp\/v2\/posts\/23198\/revisions"}],"predecessor-version":[{"id":23722,"href":"https:\/\/www.wallendorff.com\/belogue\/wp-json\/wp\/v2\/posts\/23198\/revisions\/23722"}],"wp:featuredmedia":[{"embeddable":true,"href":"https:\/\/www.wallendorff.com\/belogue\/wp-json\/wp\/v2\/media\/26822"}],"wp:attachment":[{"href":"https:\/\/www.wallendorff.com\/belogue\/wp-json\/wp\/v2\/media?parent=23198"}],"wp:term":[{"taxonomy":"category","embeddable":true,"href":"https:\/\/www.wallendorff.com\/belogue\/wp-json\/wp\/v2\/categories?post=23198"},{"taxonomy":"post_tag","embeddable":true,"href":"https:\/\/www.wallendorff.com\/belogue\/wp-json\/wp\/v2\/tags?post=23198"}],"curies":[{"name":"wp","href":"https:\/\/api.w.org\/{rel}","templated":true}]}}