{"id":23190,"date":"2014-07-15T11:35:55","date_gmt":"2014-07-15T09:35:55","guid":{"rendered":"http:\/\/www.wallendorff.com\/?p=23190"},"modified":"2018-05-23T08:12:23","modified_gmt":"2018-05-23T06:12:23","slug":"irlanda-aux-re-relents-de-dos","status":"publish","type":"post","link":"https:\/\/www.wallendorff.com\/belogue\/2014\/07\/15\/irlanda-aux-re-relents-de-dos\/","title":{"rendered":"Irlanda [aux re-relents de dos]."},"content":{"rendered":"\n<div id=\"photo\">\n<p><img decoding=\"async\" src=\"https:\/\/www.wallendorff.com\/belogue\/photo\/2014\/07\/20140715.jpg\"><br \/>\nA&eacute;roport International de Dublin, 13 avril.<\/p>\n<\/p><\/div>\n<p style=\"text-align:right\">Toute ressemblance avec <a href=\"https:\/\/www.wallendorff.com\/belogue\/2010\/11\/11\/arlanda-aux-relents-de-dos\/\">cette photo-ci<\/a> est..<\/p>\n<p style=\"text-align:right\">Ah oui. Quand m&ecirc;me.<\/p>\n<div id=\"bandeson\">\n<p><img decoding=\"async\" src=\"https:\/\/www.wallendorff.com\/belogue\/photo\/pochettes\/f\/fink-hard_believer.jpg\" align=\"left\" \/><a style=\"font-weight:normal\" id=\"lienmp3\" href=\"http:\/\/www.youtube.com\/watch?v=qoWRs7lXtYE\"><em>Looking Too Closely<\/em><\/a><br \/>\n<a href=\"http:\/\/www.finkworld.co.uk\/\">Fink<\/a><\/p>\n<\/p><\/div>\n","protected":false},"excerpt":{"rendered":"<p>A&eacute;roport International de Dublin, 13 avril. Toute ressemblance avec cette photo-ci est.. Ah oui. Quand m&ecirc;me. Looking Too Closely Fink<\/p>\n","protected":false},"author":1,"featured_media":26821,"comment_status":"open","ping_status":"open","sticky":false,"template":"","format":"standard","meta":{"_acf_changed":false,"ngg_post_thumbnail":0,"jetpack_post_was_ever_published":false,"_jetpack_newsletter_access":"","_jetpack_dont_email_post_to_subs":false,"_jetpack_newsletter_tier_id":0,"_jetpack_memberships_contains_paywalled_content":false,"_jetpack_memberships_contains_paid_content":false,"footnotes":"","jetpack_publicize_message":"","jetpack_publicize_feature_enabled":true,"jetpack_social_post_already_shared":false,"jetpack_social_options":{"image_generator_settings":{"template":"highway","default_image_id":0,"font":"","enabled":false},"version":2}},"categories":[3],"tags":[10177,11912,10176,737,2571,8351,11897,10246,10311,8538,10307,10941,9279,10116,8748,11911],"class_list":["post-23190","post","type-post","status-publish","format-standard","has-post-thumbnail","hentry","category-dpc","tag-aeroport","tag-aeroport-international-de-dublin","tag-avion","tag-bleu","tag-ef-16-35-mm-f28l-ii-usm","tag-eos-6d","tag-comte-de-dublin","tag-contre-jour","tag-dos","tag-dublin","tag-fenetre","tag-fink","tag-hard-believer","tag-irlande","tag-looking-too-closely","tag-swords"],"acf":[],"geo":{"latitude":53.4241447,"longitude":-6.2426162,"description":"Unnamed Road, Dublin Airport, Co. Dublin, Irlande"},"jetpack_publicize_connections":[],"jetpack_featured_media_url":"https:\/\/www.wallendorff.com\/belogue\/wp-content\/uploads\/2015\/04\/201407151.jpg","jetpack_shortlink":"https:\/\/wp.me\/p3b35P-622","jetpack_sharing_enabled":true,"jetpack-related-posts":[{"id":9730,"url":"https:\/\/www.wallendorff.com\/belogue\/2010\/11\/01\/poignee-garnie\/","url_meta":{"origin":23190,"position":0},"title":"Poign\u00e9e garnie.","author":"dpc","date":"1 novembre 2010","format":false,"excerpt":"Svartsj\u00f6 slott, 28 ao\u00fbt. Florence and the Machine \u2013 Cosmic Love (acoustic KEXP, 16\/04\/2010)","rel":"","context":"Dans &quot;DPC&quot;","block_context":{"text":"DPC","link":"https:\/\/www.wallendorff.com\/belogue\/category\/dpc\/"},"img":{"alt_text":"","src":"https:\/\/i0.wp.com\/www.wallendorff.com\/belogue\/wp-content\/uploads\/2015\/04\/201011011.jpg?resize=350%2C200&ssl=1","width":350,"height":200},"classes":[]},{"id":131047,"url":"https:\/\/www.wallendorff.com\/belogue\/2024\/11\/07\/siege-28f\/","url_meta":{"origin":23190,"position":1},"title":"Si\u00e8ge 28F.","author":"dpc","date":"7 novembre 2024","format":false,"excerpt":"Vol AF1817, 23 juin 2024.","rel":"","context":"Dans &quot;DPC&quot;","block_context":{"text":"DPC","link":"https:\/\/www.wallendorff.com\/belogue\/category\/dpc\/"},"img":{"alt_text":"","src":"https:\/\/i0.wp.com\/www.wallendorff.com\/belogue\/wp-content\/uploads\/2024\/11\/20241107-04.jpg?resize=350%2C200&ssl=1","width":350,"height":200,"srcset":"https:\/\/i0.wp.com\/www.wallendorff.com\/belogue\/wp-content\/uploads\/2024\/11\/20241107-04.jpg?resize=350%2C200&ssl=1 1x, https:\/\/i0.wp.com\/www.wallendorff.com\/belogue\/wp-content\/uploads\/2024\/11\/20241107-04.jpg?resize=525%2C300&ssl=1 1.5x, https:\/\/i0.wp.com\/www.wallendorff.com\/belogue\/wp-content\/uploads\/2024\/11\/20241107-04.jpg?resize=700%2C400&ssl=1 2x, https:\/\/i0.wp.com\/www.wallendorff.com\/belogue\/wp-content\/uploads\/2024\/11\/20241107-04.jpg?resize=1050%2C600&ssl=1 3x"},"classes":[]},{"id":129224,"url":"https:\/\/www.wallendorff.com\/belogue\/2024\/06\/30\/juin-2024\/","url_meta":{"origin":23190,"position":2},"title":"Juin 2024.","author":"dpc","date":"30 juin 2024","format":false,"excerpt":"Une dix-lustres, un train, une licorne, un \u00e9chafaudage, un m\u00e9tro, un avion, un a\u00e9roport, un pont, un point de vue, un carrelage, un fleuve, un super-h\u00e9ros, un avion, une gare, un chat pr\u00e9nomm\u00e9 Gustavo, un a\u00e9roport, un avion, un v\u00e9lo, un coucher de soleil, une ombre, un bouquin, un caf\u00e9,\u2026","rel":"","context":"Dans &quot;Blog-note&quot;","block_context":{"text":"Blog-note","link":"https:\/\/www.wallendorff.com\/belogue\/category\/blog-note\/"},"img":{"alt_text":"","src":"https:\/\/i0.wp.com\/www.wallendorff.com\/belogue\/wp-content\/uploads\/2024\/07\/20240720-62.jpg?resize=350%2C200&ssl=1","width":350,"height":200,"srcset":"https:\/\/i0.wp.com\/www.wallendorff.com\/belogue\/wp-content\/uploads\/2024\/07\/20240720-62.jpg?resize=350%2C200&ssl=1 1x, https:\/\/i0.wp.com\/www.wallendorff.com\/belogue\/wp-content\/uploads\/2024\/07\/20240720-62.jpg?resize=525%2C300&ssl=1 1.5x, https:\/\/i0.wp.com\/www.wallendorff.com\/belogue\/wp-content\/uploads\/2024\/07\/20240720-62.jpg?resize=700%2C400&ssl=1 2x, https:\/\/i0.wp.com\/www.wallendorff.com\/belogue\/wp-content\/uploads\/2024\/07\/20240720-62.jpg?resize=1050%2C600&ssl=1 3x"},"classes":[]},{"id":9781,"url":"https:\/\/www.wallendorff.com\/belogue\/2010\/11\/11\/arlanda-aux-relents-de-dos\/","url_meta":{"origin":23190,"position":3},"title":"Arlanda [aux relents de dos].","author":"dpc","date":"11 novembre 2010","format":false,"excerpt":"A\u00e9roport de Stockholm-Arlanda, 30 ao\u00fbt. The Dandy Warhols \u2013 Pete International Airport","rel":"","context":"Dans &quot;DPC&quot;","block_context":{"text":"DPC","link":"https:\/\/www.wallendorff.com\/belogue\/category\/dpc\/"},"img":{"alt_text":"","src":"https:\/\/i0.wp.com\/www.wallendorff.com\/belogue\/wp-content\/uploads\/2015\/04\/201011111.jpg?resize=350%2C200&ssl=1","width":350,"height":200,"srcset":"https:\/\/i0.wp.com\/www.wallendorff.com\/belogue\/wp-content\/uploads\/2015\/04\/201011111.jpg?resize=350%2C200&ssl=1 1x, https:\/\/i0.wp.com\/www.wallendorff.com\/belogue\/wp-content\/uploads\/2015\/04\/201011111.jpg?resize=525%2C300&ssl=1 1.5x"},"classes":[]},{"id":21215,"url":"https:\/\/www.wallendorff.com\/belogue\/2013\/06\/25\/downstairs\/","url_meta":{"origin":23190,"position":4},"title":"Downstairs.","author":"dpc","date":"25 juin 2013","format":false,"excerpt":"Terminal 2F, a\u00e9roport de Paris-Charles-de-Gaulle, 20 mai. Faith in LoveCSS","rel":"","context":"Dans &quot;DPC&quot;","block_context":{"text":"DPC","link":"https:\/\/www.wallendorff.com\/belogue\/category\/dpc\/"},"img":{"alt_text":"","src":"https:\/\/i0.wp.com\/www.wallendorff.com\/belogue\/wp-content\/uploads\/2015\/04\/20130625.jpg?resize=350%2C200&ssl=1","width":350,"height":200,"srcset":"https:\/\/i0.wp.com\/www.wallendorff.com\/belogue\/wp-content\/uploads\/2015\/04\/20130625.jpg?resize=350%2C200&ssl=1 1x, https:\/\/i0.wp.com\/www.wallendorff.com\/belogue\/wp-content\/uploads\/2015\/04\/20130625.jpg?resize=525%2C300&ssl=1 1.5x, https:\/\/i0.wp.com\/www.wallendorff.com\/belogue\/wp-content\/uploads\/2015\/04\/20130625.jpg?resize=700%2C400&ssl=1 2x"},"classes":[]},{"id":129376,"url":"https:\/\/www.wallendorff.com\/belogue\/2024\/07\/22\/terminal-1-aeroport-de-paris-charles-de-gaulle-roissy-en-france-17-juillet-2024\/","url_meta":{"origin":23190,"position":5},"title":"Terminal 1 @ a\u00e9roport de Paris-Charles-de-Gaulle, Roissy-en-France, 17 juillet 2024.","author":"dpc","date":"22 juillet 2024","format":false,"excerpt":"","rel":"","context":"Dans &quot;Alive&quot;","block_context":{"text":"Alive","link":"https:\/\/www.wallendorff.com\/belogue\/category\/alive\/"},"img":{"alt_text":"","src":"https:\/\/i0.wp.com\/www.wallendorff.com\/belogue\/wp-content\/uploads\/2024\/07\/20240722-42.jpg?resize=350%2C200&ssl=1","width":350,"height":200,"srcset":"https:\/\/i0.wp.com\/www.wallendorff.com\/belogue\/wp-content\/uploads\/2024\/07\/20240722-42.jpg?resize=350%2C200&ssl=1 1x, https:\/\/i0.wp.com\/www.wallendorff.com\/belogue\/wp-content\/uploads\/2024\/07\/20240722-42.jpg?resize=525%2C300&ssl=1 1.5x, https:\/\/i0.wp.com\/www.wallendorff.com\/belogue\/wp-content\/uploads\/2024\/07\/20240722-42.jpg?resize=700%2C400&ssl=1 2x, https:\/\/i0.wp.com\/www.wallendorff.com\/belogue\/wp-content\/uploads\/2024\/07\/20240722-42.jpg?resize=1050%2C600&ssl=1 3x"},"classes":[]}],"_links":{"self":[{"href":"https:\/\/www.wallendorff.com\/belogue\/wp-json\/wp\/v2\/posts\/23190","targetHints":{"allow":["GET"]}}],"collection":[{"href":"https:\/\/www.wallendorff.com\/belogue\/wp-json\/wp\/v2\/posts"}],"about":[{"href":"https:\/\/www.wallendorff.com\/belogue\/wp-json\/wp\/v2\/types\/post"}],"author":[{"embeddable":true,"href":"https:\/\/www.wallendorff.com\/belogue\/wp-json\/wp\/v2\/users\/1"}],"replies":[{"embeddable":true,"href":"https:\/\/www.wallendorff.com\/belogue\/wp-json\/wp\/v2\/comments?post=23190"}],"version-history":[{"count":8,"href":"https:\/\/www.wallendorff.com\/belogue\/wp-json\/wp\/v2\/posts\/23190\/revisions"}],"predecessor-version":[{"id":23709,"href":"https:\/\/www.wallendorff.com\/belogue\/wp-json\/wp\/v2\/posts\/23190\/revisions\/23709"}],"wp:featuredmedia":[{"embeddable":true,"href":"https:\/\/www.wallendorff.com\/belogue\/wp-json\/wp\/v2\/media\/26821"}],"wp:attachment":[{"href":"https:\/\/www.wallendorff.com\/belogue\/wp-json\/wp\/v2\/media?parent=23190"}],"wp:term":[{"taxonomy":"category","embeddable":true,"href":"https:\/\/www.wallendorff.com\/belogue\/wp-json\/wp\/v2\/categories?post=23190"},{"taxonomy":"post_tag","embeddable":true,"href":"https:\/\/www.wallendorff.com\/belogue\/wp-json\/wp\/v2\/tags?post=23190"}],"curies":[{"name":"wp","href":"https:\/\/api.w.org\/{rel}","templated":true}]}}